{"id":62,"date":"2023-07-22T19:19:00","date_gmt":"2023-07-22T17:19:00","guid":{"rendered":"http:\/\/athleben.org\/athleben\/?p=62"},"modified":"2024-12-30T10:31:17","modified_gmt":"2024-12-30T09:31:17","slug":"%f0%9d%97%96%f0%9d%97%9b%f0%9d%97%94%f0%9d%97%a0%f0%9d%97%a3%f0%9d%97%9c%f0%9d%97%a2%f0%9d%97%a1%f0%9d%97%a1%f0%9d%97%94%f0%9d%97%a7-%f0%9d%97%a1%f0%9d%97%94%f0%9d%97%a7%f0%9d%97%9c%f0%9d%97%a2","status":"publish","type":"post","link":"https:\/\/athleben.org\/athleben\/%f0%9d%97%96%f0%9d%97%9b%f0%9d%97%94%f0%9d%97%a0%f0%9d%97%a3%f0%9d%97%9c%f0%9d%97%a2%f0%9d%97%a1%f0%9d%97%a1%f0%9d%97%94%f0%9d%97%a7-%f0%9d%97%a1%f0%9d%97%94%f0%9d%97%a7%f0%9d%97%9c%f0%9d%97%a2\/","title":{"rendered":"Championnat National d&rsquo;Athl\u00e9tisme 2023"},"content":{"rendered":"\n<p>\u00ab Chers athl\u00e8tes, je voudrais vous inviter au d\u00e9passement de soi et \u00e0 l\u2019expression de tout votre talent dans un esprit de fair-play et de convivialit\u00e9<\/p>\n\n\n\n<p>Mesdames et messieurs les juges, le Jugement \u00e9quitable de nos athl\u00e8tes est le gage d\u2019un bon rendement\u2026.. \u00bb<\/p>\n\n\n\n<p>A <a><\/a>d\u00e9clar\u00e9 Vierin DEGON, pr\u00e9sident de la FBA, dans son allocution d&rsquo;ouverture.<\/p>\n\n\n\n<p>Les images (1) de la c\u00e9r\u00e9monie de lancement officiel avec le Nig\u00e9ria comme invit\u00e9 sp\u00e9cial.<\/p>\n\n\n\n<figure class=\"wp-block-gallery has-nested-images columns-default is-cropped wp-block-gallery-1 is-layout-flex wp-block-gallery-is-layout-flex\">\n<figure class=\"wp-block-image size-large\"><img width=\"1024\" height=\"680\" data-id=\"67\"  alt=\"\" class=\"wp-image-67 lws-optimize-lazyload\"\/ data-src=\"https:\/\/athleben.org\/athleben\/wp-content\/uploads\/2024\/01\/362240845_614617040761560_2190307273191803885_n-1024x680.jpg\" srcset=\"https:\/\/athleben.org\/athleben\/wp-content\/uploads\/2024\/01\/362240845_614617040761560_2190307273191803885_n-1024x680.jpg 1024w, https:\/\/athleben.org\/athleben\/wp-content\/uploads\/2024\/01\/362240845_614617040761560_2190307273191803885_n-300x199.jpg 300w, https:\/\/athleben.org\/athleben\/wp-content\/uploads\/2024\/01\/362240845_614617040761560_2190307273191803885_n-768x510.jpg 768w, https:\/\/athleben.org\/athleben\/wp-content\/uploads\/2024\/01\/362240845_614617040761560_2190307273191803885_n.jpg 1072w\" sizes=\"(max-width: 1024px) 100vw, 1024px\" \/><\/figure>\n\n\n\n<figure class=\"wp-block-image size-large\"><img width=\"1024\" height=\"680\" data-id=\"69\"  alt=\"\" class=\"wp-image-69 lws-optimize-lazyload\"\/ data-src=\"https:\/\/athleben.org\/athleben\/wp-content\/uploads\/2024\/01\/361977547_614617004094897_8537565634964284706_n-1024x680.jpg\" srcset=\"https:\/\/athleben.org\/athleben\/wp-content\/uploads\/2024\/01\/361977547_614617004094897_8537565634964284706_n-1024x680.jpg 1024w, https:\/\/athleben.org\/athleben\/wp-content\/uploads\/2024\/01\/361977547_614617004094897_8537565634964284706_n-300x199.jpg 300w, https:\/\/athleben.org\/athleben\/wp-content\/uploads\/2024\/01\/361977547_614617004094897_8537565634964284706_n-768x510.jpg 768w, https:\/\/athleben.org\/athleben\/wp-content\/uploads\/2024\/01\/361977547_614617004094897_8537565634964284706_n.jpg 1072w\" sizes=\"(max-width: 1024px) 100vw, 1024px\" \/><\/figure>\n\n\n\n<figure class=\"wp-block-image size-large\"><img width=\"1024\" height=\"680\" data-id=\"71\"  alt=\"\" class=\"wp-image-71 lws-optimize-lazyload\"\/ data-src=\"https:\/\/athleben.org\/athleben\/wp-content\/uploads\/2024\/01\/362218302_614617010761563_9082711690397707410_n-1024x680.jpg\" srcset=\"https:\/\/athleben.org\/athleben\/wp-content\/uploads\/2024\/01\/362218302_614617010761563_9082711690397707410_n-1024x680.jpg 1024w, https:\/\/athleben.org\/athleben\/wp-content\/uploads\/2024\/01\/362218302_614617010761563_9082711690397707410_n-300x199.jpg 300w, https:\/\/athleben.org\/athleben\/wp-content\/uploads\/2024\/01\/362218302_614617010761563_9082711690397707410_n-768x510.jpg 768w, https:\/\/athleben.org\/athleben\/wp-content\/uploads\/2024\/01\/362218302_614617010761563_9082711690397707410_n.jpg 1072w\" sizes=\"(max-width: 1024px) 100vw, 1024px\" \/><\/figure>\n\n\n\n<figure class=\"wp-block-image size-large\"><img width=\"1024\" height=\"680\" data-id=\"72\"  alt=\"\" class=\"wp-image-72 lws-optimize-lazyload\"\/ data-src=\"https:\/\/athleben.org\/athleben\/wp-content\/uploads\/2024\/01\/361909756_614616984094899_6148479068139339633_n-1024x680.jpg\" srcset=\"https:\/\/athleben.org\/athleben\/wp-content\/uploads\/2024\/01\/361909756_614616984094899_6148479068139339633_n-1024x680.jpg 1024w, https:\/\/athleben.org\/athleben\/wp-content\/uploads\/2024\/01\/361909756_614616984094899_6148479068139339633_n-300x199.jpg 300w, https:\/\/athleben.org\/athleben\/wp-content\/uploads\/2024\/01\/361909756_614616984094899_6148479068139339633_n-768x510.jpg 768w, https:\/\/athleben.org\/athleben\/wp-content\/uploads\/2024\/01\/361909756_614616984094899_6148479068139339633_n.jpg 1072w\" sizes=\"(max-width: 1024px) 100vw, 1024px\" \/><\/figure>\n\n\n\n<figure class=\"wp-block-image size-large\"><img width=\"1024\" height=\"680\" data-id=\"68\"  alt=\"\" class=\"wp-image-68 lws-optimize-lazyload\"\/ data-src=\"https:\/\/athleben.org\/athleben\/wp-content\/uploads\/2024\/01\/362604151_614616974094900_4014165152988413758_n-1024x680.jpg\" srcset=\"https:\/\/athleben.org\/athleben\/wp-content\/uploads\/2024\/01\/362604151_614616974094900_4014165152988413758_n-1024x680.jpg 1024w, https:\/\/athleben.org\/athleben\/wp-content\/uploads\/2024\/01\/362604151_614616974094900_4014165152988413758_n-300x199.jpg 300w, https:\/\/athleben.org\/athleben\/wp-content\/uploads\/2024\/01\/362604151_614616974094900_4014165152988413758_n-768x510.jpg 768w, https:\/\/athleben.org\/athleben\/wp-content\/uploads\/2024\/01\/362604151_614616974094900_4014165152988413758_n.jpg 1072w\" sizes=\"(max-width: 1024px) 100vw, 1024px\" \/><\/figure>\n\n\n\n<figure class=\"wp-block-image size-large\"><img width=\"1024\" height=\"680\" data-id=\"70\"  alt=\"\" class=\"wp-image-70 lws-optimize-lazyload\"\/ data-src=\"https:\/\/athleben.org\/athleben\/wp-content\/uploads\/2024\/01\/362231104_614616970761567_5616766955583506222_n-1024x680.jpg\" srcset=\"https:\/\/athleben.org\/athleben\/wp-content\/uploads\/2024\/01\/362231104_614616970761567_5616766955583506222_n-1024x680.jpg 1024w, https:\/\/athleben.org\/athleben\/wp-content\/uploads\/2024\/01\/362231104_614616970761567_5616766955583506222_n-300x199.jpg 300w, https:\/\/athleben.org\/athleben\/wp-content\/uploads\/2024\/01\/362231104_614616970761567_5616766955583506222_n-768x510.jpg 768w, https:\/\/athleben.org\/athleben\/wp-content\/uploads\/2024\/01\/362231104_614616970761567_5616766955583506222_n.jpg 1072w\" sizes=\"(max-width: 1024px) 100vw, 1024px\" \/><\/figure>\n<\/figure>\n","protected":false},"excerpt":{"rendered":"<p>\u00ab Chers athl\u00e8tes, je voudrais vous inviter au d\u00e9passement de soi et \u00e0 l\u2019expression de tout votre talent dans un esprit de fair-play et de [&hellip;]<\/p>\n","protected":false},"author":2,"featured_media":63,"comment_status":"open","ping_status":"closed","sticky":false,"template":"","format":"standard","meta":{"footnotes":""},"categories":[22],"tags":[],"class_list":["post-62","post","type-post","status-publish","format-standard","has-post-thumbnail","hentry","category-athle"],"yoast_head":"<!-- This site is optimized with the Yoast SEO plugin v27.1.1 - https:\/\/yoast.com\/product\/yoast-seo-wordpress\/ -->\n<title>Championnat National d&#039;Athl\u00e9tisme 2023 - F\u00e9d\u00e9ration B\u00e9ninoise d&#039;Athl\u00e9tisme<\/title>\n<meta name=\"robots\" content=\"index, follow, max-snippet:-1, max-image-preview:large, max-video-preview:-1\" \/>\n<link rel=\"canonical\" href=\"https:\/\/athleben.org\/athleben\/\ud835\uddd6\ud835\udddb\ud835\uddd4\ud835\udde0\ud835\udde3\ud835\udddc\ud835\udde2\ud835\udde1\ud835\udde1\ud835\uddd4\ud835\udde7-\ud835\udde1\ud835\uddd4\ud835\udde7\ud835\udddc\ud835\udde2\/\" \/>\n<meta property=\"og:locale\" content=\"fr_FR\" \/>\n<meta property=\"og:type\" content=\"article\" \/>\n<meta property=\"og:title\" content=\"Championnat National d&#039;Athl\u00e9tisme 2023 - F\u00e9d\u00e9ration B\u00e9ninoise d&#039;Athl\u00e9tisme\" \/>\n<meta property=\"og:description\" content=\"\u00ab Chers athl\u00e8tes, je voudrais vous inviter au d\u00e9passement de soi et \u00e0 l\u2019expression de tout votre talent dans un esprit de fair-play et de [&hellip;]\" \/>\n<meta property=\"og:url\" content=\"https:\/\/athleben.org\/athleben\/\ud835\uddd6\ud835\udddb\ud835\uddd4\ud835\udde0\ud835\udde3\ud835\udddc\ud835\udde2\ud835\udde1\ud835\udde1\ud835\uddd4\ud835\udde7-\ud835\udde1\ud835\uddd4\ud835\udde7\ud835\udddc\ud835\udde2\/\" \/>\n<meta property=\"og:site_name\" content=\"F\u00e9d\u00e9ration B\u00e9ninoise d&#039;Athl\u00e9tisme\" \/>\n<meta property=\"article:publisher\" content=\"https:\/\/web.facebook.com\/FederationBeninoiseAthletisme\" \/>\n<meta property=\"article:published_time\" content=\"2023-07-22T17:19:00+00:00\" \/>\n<meta property=\"article:modified_time\" content=\"2024-12-30T09:31:17+00:00\" \/>\n<meta property=\"og:image\" content=\"https:\/\/athleben.org\/athleben\/wp-content\/uploads\/2024\/01\/362265371_615195140703750_8871378672274527135_n.jpg\" \/>\n\t<meta property=\"og:image:width\" content=\"813\" \/>\n\t<meta property=\"og:image:height\" content=\"540\" \/>\n\t<meta property=\"og:image:type\" content=\"image\/jpeg\" \/>\n<meta name=\"author\" content=\"R\u00e9daction\" \/>\n<meta name=\"twitter:card\" content=\"summary_large_image\" \/>\n<meta name=\"twitter:creator\" content=\"@BeninoiseD\" \/>\n<meta name=\"twitter:site\" content=\"@BeninoiseD\" \/>\n<meta name=\"twitter:label1\" content=\"\u00c9crit par\" \/>\n\t<meta name=\"twitter:data1\" content=\"R\u00e9daction\" \/>\n<script type=\"application\/ld+json\" class=\"yoast-schema-graph\">{\"@context\":\"https:\/\/schema.org\",\"@graph\":[{\"@type\":\"Article\",\"@id\":\"https:\/\/athleben.org\/athleben\/%f0%9d%97%96%f0%9d%97%9b%f0%9d%97%94%f0%9d%97%a0%f0%9d%97%a3%f0%9d%97%9c%f0%9d%97%a2%f0%9d%97%a1%f0%9d%97%a1%f0%9d%97%94%f0%9d%97%a7-%f0%9d%97%a1%f0%9d%97%94%f0%9d%97%a7%f0%9d%97%9c%f0%9d%97%a2\/#article\",\"isPartOf\":{\"@id\":\"https:\/\/athleben.org\/athleben\/%f0%9d%97%96%f0%9d%97%9b%f0%9d%97%94%f0%9d%97%a0%f0%9d%97%a3%f0%9d%97%9c%f0%9d%97%a2%f0%9d%97%a1%f0%9d%97%a1%f0%9d%97%94%f0%9d%97%a7-%f0%9d%97%a1%f0%9d%97%94%f0%9d%97%a7%f0%9d%97%9c%f0%9d%97%a2\/\"},\"author\":{\"name\":\"R\u00e9daction\",\"@id\":\"https:\/\/athleben.org\/athleben\/#\/schema\/person\/8e674441e65cf8d584b9dd06d96e68c5\"},\"headline\":\"Championnat National d&rsquo;Athl\u00e9tisme 2023\",\"datePublished\":\"2023-07-22T17:19:00+00:00\",\"dateModified\":\"2024-12-30T09:31:17+00:00\",\"mainEntityOfPage\":{\"@id\":\"https:\/\/athleben.org\/athleben\/%f0%9d%97%96%f0%9d%97%9b%f0%9d%97%94%f0%9d%97%a0%f0%9d%97%a3%f0%9d%97%9c%f0%9d%97%a2%f0%9d%97%a1%f0%9d%97%a1%f0%9d%97%94%f0%9d%97%a7-%f0%9d%97%a1%f0%9d%97%94%f0%9d%97%a7%f0%9d%97%9c%f0%9d%97%a2\/\"},\"wordCount\":84,\"commentCount\":0,\"publisher\":{\"@id\":\"https:\/\/athleben.org\/athleben\/#organization\"},\"image\":{\"@id\":\"https:\/\/athleben.org\/athleben\/%f0%9d%97%96%f0%9d%97%9b%f0%9d%97%94%f0%9d%97%a0%f0%9d%97%a3%f0%9d%97%9c%f0%9d%97%a2%f0%9d%97%a1%f0%9d%97%a1%f0%9d%97%94%f0%9d%97%a7-%f0%9d%97%a1%f0%9d%97%94%f0%9d%97%a7%f0%9d%97%9c%f0%9d%97%a2\/#primaryimage\"},\"thumbnailUrl\":\"https:\/\/athleben.org\/athleben\/wp-content\/uploads\/2024\/01\/362265371_615195140703750_8871378672274527135_n.jpg\",\"articleSection\":[\"Athl\u00e9tisme\"],\"inLanguage\":\"fr-FR\",\"potentialAction\":[{\"@type\":\"CommentAction\",\"name\":\"Comment\",\"target\":[\"https:\/\/athleben.org\/athleben\/%f0%9d%97%96%f0%9d%97%9b%f0%9d%97%94%f0%9d%97%a0%f0%9d%97%a3%f0%9d%97%9c%f0%9d%97%a2%f0%9d%97%a1%f0%9d%97%a1%f0%9d%97%94%f0%9d%97%a7-%f0%9d%97%a1%f0%9d%97%94%f0%9d%97%a7%f0%9d%97%9c%f0%9d%97%a2\/#respond\"]}]},{\"@type\":\"WebPage\",\"@id\":\"https:\/\/athleben.org\/athleben\/%f0%9d%97%96%f0%9d%97%9b%f0%9d%97%94%f0%9d%97%a0%f0%9d%97%a3%f0%9d%97%9c%f0%9d%97%a2%f0%9d%97%a1%f0%9d%97%a1%f0%9d%97%94%f0%9d%97%a7-%f0%9d%97%a1%f0%9d%97%94%f0%9d%97%a7%f0%9d%97%9c%f0%9d%97%a2\/\",\"url\":\"https:\/\/athleben.org\/athleben\/%f0%9d%97%96%f0%9d%97%9b%f0%9d%97%94%f0%9d%97%a0%f0%9d%97%a3%f0%9d%97%9c%f0%9d%97%a2%f0%9d%97%a1%f0%9d%97%a1%f0%9d%97%94%f0%9d%97%a7-%f0%9d%97%a1%f0%9d%97%94%f0%9d%97%a7%f0%9d%97%9c%f0%9d%97%a2\/\",\"name\":\"Championnat National d'Athl\u00e9tisme 2023 - F\u00e9d\u00e9ration B\u00e9ninoise d&#039;Athl\u00e9tisme\",\"isPartOf\":{\"@id\":\"https:\/\/athleben.org\/athleben\/#website\"},\"primaryImageOfPage\":{\"@id\":\"https:\/\/athleben.org\/athleben\/%f0%9d%97%96%f0%9d%97%9b%f0%9d%97%94%f0%9d%97%a0%f0%9d%97%a3%f0%9d%97%9c%f0%9d%97%a2%f0%9d%97%a1%f0%9d%97%a1%f0%9d%97%94%f0%9d%97%a7-%f0%9d%97%a1%f0%9d%97%94%f0%9d%97%a7%f0%9d%97%9c%f0%9d%97%a2\/#primaryimage\"},\"image\":{\"@id\":\"https:\/\/athleben.org\/athleben\/%f0%9d%97%96%f0%9d%97%9b%f0%9d%97%94%f0%9d%97%a0%f0%9d%97%a3%f0%9d%97%9c%f0%9d%97%a2%f0%9d%97%a1%f0%9d%97%a1%f0%9d%97%94%f0%9d%97%a7-%f0%9d%97%a1%f0%9d%97%94%f0%9d%97%a7%f0%9d%97%9c%f0%9d%97%a2\/#primaryimage\"},\"thumbnailUrl\":\"https:\/\/athleben.org\/athleben\/wp-content\/uploads\/2024\/01\/362265371_615195140703750_8871378672274527135_n.jpg\",\"datePublished\":\"2023-07-22T17:19:00+00:00\",\"dateModified\":\"2024-12-30T09:31:17+00:00\",\"breadcrumb\":{\"@id\":\"https:\/\/athleben.org\/athleben\/%f0%9d%97%96%f0%9d%97%9b%f0%9d%97%94%f0%9d%97%a0%f0%9d%97%a3%f0%9d%97%9c%f0%9d%97%a2%f0%9d%97%a1%f0%9d%97%a1%f0%9d%97%94%f0%9d%97%a7-%f0%9d%97%a1%f0%9d%97%94%f0%9d%97%a7%f0%9d%97%9c%f0%9d%97%a2\/#breadcrumb\"},\"inLanguage\":\"fr-FR\",\"potentialAction\":[{\"@type\":\"ReadAction\",\"target\":[\"https:\/\/athleben.org\/athleben\/%f0%9d%97%96%f0%9d%97%9b%f0%9d%97%94%f0%9d%97%a0%f0%9d%97%a3%f0%9d%97%9c%f0%9d%97%a2%f0%9d%97%a1%f0%9d%97%a1%f0%9d%97%94%f0%9d%97%a7-%f0%9d%97%a1%f0%9d%97%94%f0%9d%97%a7%f0%9d%97%9c%f0%9d%97%a2\/\"]}]},{\"@type\":\"ImageObject\",\"inLanguage\":\"fr-FR\",\"@id\":\"https:\/\/athleben.org\/athleben\/%f0%9d%97%96%f0%9d%97%9b%f0%9d%97%94%f0%9d%97%a0%f0%9d%97%a3%f0%9d%97%9c%f0%9d%97%a2%f0%9d%97%a1%f0%9d%97%a1%f0%9d%97%94%f0%9d%97%a7-%f0%9d%97%a1%f0%9d%97%94%f0%9d%97%a7%f0%9d%97%9c%f0%9d%97%a2\/#primaryimage\",\"url\":\"https:\/\/athleben.org\/athleben\/wp-content\/uploads\/2024\/01\/362265371_615195140703750_8871378672274527135_n.jpg\",\"contentUrl\":\"https:\/\/athleben.org\/athleben\/wp-content\/uploads\/2024\/01\/362265371_615195140703750_8871378672274527135_n.jpg\",\"width\":813,\"height\":540},{\"@type\":\"BreadcrumbList\",\"@id\":\"https:\/\/athleben.org\/athleben\/%f0%9d%97%96%f0%9d%97%9b%f0%9d%97%94%f0%9d%97%a0%f0%9d%97%a3%f0%9d%97%9c%f0%9d%97%a2%f0%9d%97%a1%f0%9d%97%a1%f0%9d%97%94%f0%9d%97%a7-%f0%9d%97%a1%f0%9d%97%94%f0%9d%97%a7%f0%9d%97%9c%f0%9d%97%a2\/#breadcrumb\",\"itemListElement\":[{\"@type\":\"ListItem\",\"position\":1,\"name\":\"Accueil\",\"item\":\"https:\/\/athleben.org\/athleben\/\"},{\"@type\":\"ListItem\",\"position\":2,\"name\":\"Championnat National d&rsquo;Athl\u00e9tisme 2023\"}]},{\"@type\":\"WebSite\",\"@id\":\"https:\/\/athleben.org\/athleben\/#website\",\"url\":\"https:\/\/athleben.org\/athleben\/\",\"name\":\"F\u00e9d\u00e9ration B\u00e9ninoise d'Athl\u00e9tisme\",\"description\":\"Athl\u00e9tisme, ma fiert\u00e9, je m&#039;engage.\",\"publisher\":{\"@id\":\"https:\/\/athleben.org\/athleben\/#organization\"},\"potentialAction\":[{\"@type\":\"SearchAction\",\"target\":{\"@type\":\"EntryPoint\",\"urlTemplate\":\"https:\/\/athleben.org\/athleben\/?s={search_term_string}\"},\"query-input\":{\"@type\":\"PropertyValueSpecification\",\"valueRequired\":true,\"valueName\":\"search_term_string\"}}],\"inLanguage\":\"fr-FR\"},{\"@type\":\"Organization\",\"@id\":\"https:\/\/athleben.org\/athleben\/#organization\",\"name\":\"F\u00e9d\u00e9ration B\u00e9ninoise d'Athl\u00e9tisme\",\"url\":\"https:\/\/athleben.org\/athleben\/\",\"logo\":{\"@type\":\"ImageObject\",\"inLanguage\":\"fr-FR\",\"@id\":\"https:\/\/athleben.org\/athleben\/#\/schema\/logo\/image\/\",\"url\":\"https:\/\/athleben.org\/athleben\/wp-content\/uploads\/2024\/01\/logo-fba-new.png\",\"contentUrl\":\"https:\/\/athleben.org\/athleben\/wp-content\/uploads\/2024\/01\/logo-fba-new.png\",\"width\":162,\"height\":169,\"caption\":\"F\u00e9d\u00e9ration B\u00e9ninoise d'Athl\u00e9tisme\"},\"image\":{\"@id\":\"https:\/\/athleben.org\/athleben\/#\/schema\/logo\/image\/\"},\"sameAs\":[\"https:\/\/web.facebook.com\/FederationBeninoiseAthletisme\",\"https:\/\/x.com\/BeninoiseD\",\"https:\/\/www.instagram.com\/fbathle\"]},{\"@type\":\"Person\",\"@id\":\"https:\/\/athleben.org\/athleben\/#\/schema\/person\/8e674441e65cf8d584b9dd06d96e68c5\",\"name\":\"R\u00e9daction\",\"image\":{\"@type\":\"ImageObject\",\"inLanguage\":\"fr-FR\",\"@id\":\"https:\/\/athleben.org\/athleben\/#\/schema\/person\/image\/\",\"url\":\"https:\/\/secure.gravatar.com\/avatar\/bb62d62970513855ce068679bf0975b0d5aff01ca9d25756de5d17f8d51767b9?s=96&d=mm&r=g\",\"contentUrl\":\"https:\/\/secure.gravatar.com\/avatar\/bb62d62970513855ce068679bf0975b0d5aff01ca9d25756de5d17f8d51767b9?s=96&d=mm&r=g\",\"caption\":\"R\u00e9daction\"},\"url\":\"https:\/\/athleben.org\/athleben\/author\/achille\/\"}]}<\/script>\n<!-- \/ Yoast SEO plugin. -->","yoast_head_json":{"title":"Championnat National d'Athl\u00e9tisme 2023 - F\u00e9d\u00e9ration B\u00e9ninoise d&#039;Athl\u00e9tisme","robots":{"index":"index","follow":"follow","max-snippet":"max-snippet:-1","max-image-preview":"max-image-preview:large","max-video-preview":"max-video-preview:-1"},"canonical":"https:\/\/athleben.org\/athleben\/\ud835\uddd6\ud835\udddb\ud835\uddd4\ud835\udde0\ud835\udde3\ud835\udddc\ud835\udde2\ud835\udde1\ud835\udde1\ud835\uddd4\ud835\udde7-\ud835\udde1\ud835\uddd4\ud835\udde7\ud835\udddc\ud835\udde2\/","og_locale":"fr_FR","og_type":"article","og_title":"Championnat National d'Athl\u00e9tisme 2023 - F\u00e9d\u00e9ration B\u00e9ninoise d&#039;Athl\u00e9tisme","og_description":"\u00ab Chers athl\u00e8tes, je voudrais vous inviter au d\u00e9passement de soi et \u00e0 l\u2019expression de tout votre talent dans un esprit de fair-play et de [&hellip;]","og_url":"https:\/\/athleben.org\/athleben\/\ud835\uddd6\ud835\udddb\ud835\uddd4\ud835\udde0\ud835\udde3\ud835\udddc\ud835\udde2\ud835\udde1\ud835\udde1\ud835\uddd4\ud835\udde7-\ud835\udde1\ud835\uddd4\ud835\udde7\ud835\udddc\ud835\udde2\/","og_site_name":"F\u00e9d\u00e9ration B\u00e9ninoise d&#039;Athl\u00e9tisme","article_publisher":"https:\/\/web.facebook.com\/FederationBeninoiseAthletisme","article_published_time":"2023-07-22T17:19:00+00:00","article_modified_time":"2024-12-30T09:31:17+00:00","og_image":[{"width":813,"height":540,"url":"https:\/\/athleben.org\/athleben\/wp-content\/uploads\/2024\/01\/362265371_615195140703750_8871378672274527135_n.jpg","type":"image\/jpeg"}],"author":"R\u00e9daction","twitter_card":"summary_large_image","twitter_creator":"@BeninoiseD","twitter_site":"@BeninoiseD","twitter_misc":{"\u00c9crit par":"R\u00e9daction"},"schema":{"@context":"https:\/\/schema.org","@graph":[{"@type":"Article","@id":"https:\/\/athleben.org\/athleben\/%f0%9d%97%96%f0%9d%97%9b%f0%9d%97%94%f0%9d%97%a0%f0%9d%97%a3%f0%9d%97%9c%f0%9d%97%a2%f0%9d%97%a1%f0%9d%97%a1%f0%9d%97%94%f0%9d%97%a7-%f0%9d%97%a1%f0%9d%97%94%f0%9d%97%a7%f0%9d%97%9c%f0%9d%97%a2\/#article","isPartOf":{"@id":"https:\/\/athleben.org\/athleben\/%f0%9d%97%96%f0%9d%97%9b%f0%9d%97%94%f0%9d%97%a0%f0%9d%97%a3%f0%9d%97%9c%f0%9d%97%a2%f0%9d%97%a1%f0%9d%97%a1%f0%9d%97%94%f0%9d%97%a7-%f0%9d%97%a1%f0%9d%97%94%f0%9d%97%a7%f0%9d%97%9c%f0%9d%97%a2\/"},"author":{"name":"R\u00e9daction","@id":"https:\/\/athleben.org\/athleben\/#\/schema\/person\/8e674441e65cf8d584b9dd06d96e68c5"},"headline":"Championnat National d&rsquo;Athl\u00e9tisme 2023","datePublished":"2023-07-22T17:19:00+00:00","dateModified":"2024-12-30T09:31:17+00:00","mainEntityOfPage":{"@id":"https:\/\/athleben.org\/athleben\/%f0%9d%97%96%f0%9d%97%9b%f0%9d%97%94%f0%9d%97%a0%f0%9d%97%a3%f0%9d%97%9c%f0%9d%97%a2%f0%9d%97%a1%f0%9d%97%a1%f0%9d%97%94%f0%9d%97%a7-%f0%9d%97%a1%f0%9d%97%94%f0%9d%97%a7%f0%9d%97%9c%f0%9d%97%a2\/"},"wordCount":84,"commentCount":0,"publisher":{"@id":"https:\/\/athleben.org\/athleben\/#organization"},"image":{"@id":"https:\/\/athleben.org\/athleben\/%f0%9d%97%96%f0%9d%97%9b%f0%9d%97%94%f0%9d%97%a0%f0%9d%97%a3%f0%9d%97%9c%f0%9d%97%a2%f0%9d%97%a1%f0%9d%97%a1%f0%9d%97%94%f0%9d%97%a7-%f0%9d%97%a1%f0%9d%97%94%f0%9d%97%a7%f0%9d%97%9c%f0%9d%97%a2\/#primaryimage"},"thumbnailUrl":"https:\/\/athleben.org\/athleben\/wp-content\/uploads\/2024\/01\/362265371_615195140703750_8871378672274527135_n.jpg","articleSection":["Athl\u00e9tisme"],"inLanguage":"fr-FR","potentialAction":[{"@type":"CommentAction","name":"Comment","target":["https:\/\/athleben.org\/athleben\/%f0%9d%97%96%f0%9d%97%9b%f0%9d%97%94%f0%9d%97%a0%f0%9d%97%a3%f0%9d%97%9c%f0%9d%97%a2%f0%9d%97%a1%f0%9d%97%a1%f0%9d%97%94%f0%9d%97%a7-%f0%9d%97%a1%f0%9d%97%94%f0%9d%97%a7%f0%9d%97%9c%f0%9d%97%a2\/#respond"]}]},{"@type":"WebPage","@id":"https:\/\/athleben.org\/athleben\/%f0%9d%97%96%f0%9d%97%9b%f0%9d%97%94%f0%9d%97%a0%f0%9d%97%a3%f0%9d%97%9c%f0%9d%97%a2%f0%9d%97%a1%f0%9d%97%a1%f0%9d%97%94%f0%9d%97%a7-%f0%9d%97%a1%f0%9d%97%94%f0%9d%97%a7%f0%9d%97%9c%f0%9d%97%a2\/","url":"https:\/\/athleben.org\/athleben\/%f0%9d%97%96%f0%9d%97%9b%f0%9d%97%94%f0%9d%97%a0%f0%9d%97%a3%f0%9d%97%9c%f0%9d%97%a2%f0%9d%97%a1%f0%9d%97%a1%f0%9d%97%94%f0%9d%97%a7-%f0%9d%97%a1%f0%9d%97%94%f0%9d%97%a7%f0%9d%97%9c%f0%9d%97%a2\/","name":"Championnat National d'Athl\u00e9tisme 2023 - F\u00e9d\u00e9ration B\u00e9ninoise d&#039;Athl\u00e9tisme","isPartOf":{"@id":"https:\/\/athleben.org\/athleben\/#website"},"primaryImageOfPage":{"@id":"https:\/\/athleben.org\/athleben\/%f0%9d%97%96%f0%9d%97%9b%f0%9d%97%94%f0%9d%97%a0%f0%9d%97%a3%f0%9d%97%9c%f0%9d%97%a2%f0%9d%97%a1%f0%9d%97%a1%f0%9d%97%94%f0%9d%97%a7-%f0%9d%97%a1%f0%9d%97%94%f0%9d%97%a7%f0%9d%97%9c%f0%9d%97%a2\/#primaryimage"},"image":{"@id":"https:\/\/athleben.org\/athleben\/%f0%9d%97%96%f0%9d%97%9b%f0%9d%97%94%f0%9d%97%a0%f0%9d%97%a3%f0%9d%97%9c%f0%9d%97%a2%f0%9d%97%a1%f0%9d%97%a1%f0%9d%97%94%f0%9d%97%a7-%f0%9d%97%a1%f0%9d%97%94%f0%9d%97%a7%f0%9d%97%9c%f0%9d%97%a2\/#primaryimage"},"thumbnailUrl":"https:\/\/athleben.org\/athleben\/wp-content\/uploads\/2024\/01\/362265371_615195140703750_8871378672274527135_n.jpg","datePublished":"2023-07-22T17:19:00+00:00","dateModified":"2024-12-30T09:31:17+00:00","breadcrumb":{"@id":"https:\/\/athleben.org\/athleben\/%f0%9d%97%96%f0%9d%97%9b%f0%9d%97%94%f0%9d%97%a0%f0%9d%97%a3%f0%9d%97%9c%f0%9d%97%a2%f0%9d%97%a1%f0%9d%97%a1%f0%9d%97%94%f0%9d%97%a7-%f0%9d%97%a1%f0%9d%97%94%f0%9d%97%a7%f0%9d%97%9c%f0%9d%97%a2\/#breadcrumb"},"inLanguage":"fr-FR","potentialAction":[{"@type":"ReadAction","target":["https:\/\/athleben.org\/athleben\/%f0%9d%97%96%f0%9d%97%9b%f0%9d%97%94%f0%9d%97%a0%f0%9d%97%a3%f0%9d%97%9c%f0%9d%97%a2%f0%9d%97%a1%f0%9d%97%a1%f0%9d%97%94%f0%9d%97%a7-%f0%9d%97%a1%f0%9d%97%94%f0%9d%97%a7%f0%9d%97%9c%f0%9d%97%a2\/"]}]},{"@type":"ImageObject","inLanguage":"fr-FR","@id":"https:\/\/athleben.org\/athleben\/%f0%9d%97%96%f0%9d%97%9b%f0%9d%97%94%f0%9d%97%a0%f0%9d%97%a3%f0%9d%97%9c%f0%9d%97%a2%f0%9d%97%a1%f0%9d%97%a1%f0%9d%97%94%f0%9d%97%a7-%f0%9d%97%a1%f0%9d%97%94%f0%9d%97%a7%f0%9d%97%9c%f0%9d%97%a2\/#primaryimage","url":"https:\/\/athleben.org\/athleben\/wp-content\/uploads\/2024\/01\/362265371_615195140703750_8871378672274527135_n.jpg","contentUrl":"https:\/\/athleben.org\/athleben\/wp-content\/uploads\/2024\/01\/362265371_615195140703750_8871378672274527135_n.jpg","width":813,"height":540},{"@type":"BreadcrumbList","@id":"https:\/\/athleben.org\/athleben\/%f0%9d%97%96%f0%9d%97%9b%f0%9d%97%94%f0%9d%97%a0%f0%9d%97%a3%f0%9d%97%9c%f0%9d%97%a2%f0%9d%97%a1%f0%9d%97%a1%f0%9d%97%94%f0%9d%97%a7-%f0%9d%97%a1%f0%9d%97%94%f0%9d%97%a7%f0%9d%97%9c%f0%9d%97%a2\/#breadcrumb","itemListElement":[{"@type":"ListItem","position":1,"name":"Accueil","item":"https:\/\/athleben.org\/athleben\/"},{"@type":"ListItem","position":2,"name":"Championnat National d&rsquo;Athl\u00e9tisme 2023"}]},{"@type":"WebSite","@id":"https:\/\/athleben.org\/athleben\/#website","url":"https:\/\/athleben.org\/athleben\/","name":"F\u00e9d\u00e9ration B\u00e9ninoise d'Athl\u00e9tisme","description":"Athl\u00e9tisme, ma fiert\u00e9, je m&#039;engage.","publisher":{"@id":"https:\/\/athleben.org\/athleben\/#organization"},"potentialAction":[{"@type":"SearchAction","target":{"@type":"EntryPoint","urlTemplate":"https:\/\/athleben.org\/athleben\/?s={search_term_string}"},"query-input":{"@type":"PropertyValueSpecification","valueRequired":true,"valueName":"search_term_string"}}],"inLanguage":"fr-FR"},{"@type":"Organization","@id":"https:\/\/athleben.org\/athleben\/#organization","name":"F\u00e9d\u00e9ration B\u00e9ninoise d'Athl\u00e9tisme","url":"https:\/\/athleben.org\/athleben\/","logo":{"@type":"ImageObject","inLanguage":"fr-FR","@id":"https:\/\/athleben.org\/athleben\/#\/schema\/logo\/image\/","url":"https:\/\/athleben.org\/athleben\/wp-content\/uploads\/2024\/01\/logo-fba-new.png","contentUrl":"https:\/\/athleben.org\/athleben\/wp-content\/uploads\/2024\/01\/logo-fba-new.png","width":162,"height":169,"caption":"F\u00e9d\u00e9ration B\u00e9ninoise d'Athl\u00e9tisme"},"image":{"@id":"https:\/\/athleben.org\/athleben\/#\/schema\/logo\/image\/"},"sameAs":["https:\/\/web.facebook.com\/FederationBeninoiseAthletisme","https:\/\/x.com\/BeninoiseD","https:\/\/www.instagram.com\/fbathle"]},{"@type":"Person","@id":"https:\/\/athleben.org\/athleben\/#\/schema\/person\/8e674441e65cf8d584b9dd06d96e68c5","name":"R\u00e9daction","image":{"@type":"ImageObject","inLanguage":"fr-FR","@id":"https:\/\/athleben.org\/athleben\/#\/schema\/person\/image\/","url":"https:\/\/secure.gravatar.com\/avatar\/bb62d62970513855ce068679bf0975b0d5aff01ca9d25756de5d17f8d51767b9?s=96&d=mm&r=g","contentUrl":"https:\/\/secure.gravatar.com\/avatar\/bb62d62970513855ce068679bf0975b0d5aff01ca9d25756de5d17f8d51767b9?s=96&d=mm&r=g","caption":"R\u00e9daction"},"url":"https:\/\/athleben.org\/athleben\/author\/achille\/"}]}},"_links":{"self":[{"href":"https:\/\/athleben.org\/athleben\/wp-json\/wp\/v2\/posts\/62","targetHints":{"allow":["GET"]}}],"collection":[{"href":"https:\/\/athleben.org\/athleben\/wp-json\/wp\/v2\/posts"}],"about":[{"href":"https:\/\/athleben.org\/athleben\/wp-json\/wp\/v2\/types\/post"}],"author":[{"embeddable":true,"href":"https:\/\/athleben.org\/athleben\/wp-json\/wp\/v2\/users\/2"}],"replies":[{"embeddable":true,"href":"https:\/\/athleben.org\/athleben\/wp-json\/wp\/v2\/comments?post=62"}],"version-history":[{"count":5,"href":"https:\/\/athleben.org\/athleben\/wp-json\/wp\/v2\/posts\/62\/revisions"}],"predecessor-version":[{"id":77,"href":"https:\/\/athleben.org\/athleben\/wp-json\/wp\/v2\/posts\/62\/revisions\/77"}],"wp:featuredmedia":[{"embeddable":true,"href":"https:\/\/athleben.org\/athleben\/wp-json\/wp\/v2\/media\/63"}],"wp:attachment":[{"href":"https:\/\/athleben.org\/athleben\/wp-json\/wp\/v2\/media?parent=62"}],"wp:term":[{"taxonomy":"category","embeddable":true,"href":"https:\/\/athleben.org\/athleben\/wp-json\/wp\/v2\/categories?post=62"},{"taxonomy":"post_tag","embeddable":true,"href":"https:\/\/athleben.org\/athleben\/wp-json\/wp\/v2\/tags?post=62"}],"curies":[{"name":"wp","href":"https:\/\/api.w.org\/{rel}","templated":true}]}}