{"id":37,"date":"2023-06-29T17:25:00","date_gmt":"2023-06-29T15:25:00","guid":{"rendered":"http:\/\/athleben.org\/athleben\/?p=37"},"modified":"2024-12-30T10:33:12","modified_gmt":"2024-12-30T09:33:12","slug":"journee-kids-athletics","status":"publish","type":"post","link":"https:\/\/athleben.org\/athleben\/journee-kids-athletics\/","title":{"rendered":"Journ\u00e9e Kids Athletics"},"content":{"rendered":"\n<p>La F\u00e9d\u00e9ration a organis\u00e9 en diff\u00e9r\u00e9 le 12 mai 2023, la journ\u00e9e de kids athletics programm\u00e9e par World Athletics pour s\u2019organiser le 7 mai 2023.<\/p>\n\n\n\n<p>c\u2019\u00e9tait au Coll\u00e8ge d\u2019Enseignement G\u00e9n\u00e9ral de l\u2019Entente sous la direction de Monsieur Achille GBAGUIDI, avec l\u2019autorisation de la Directrice de l\u2019\u00e9tablissement, Madame AKAKPO Sophie et sous la supervision de la F\u00e9d\u00e9ration que l\u2019\u00e9v\u00e8nement a eu lieu.<\/p>\n\n\n\n<p>En Pr\u00e9sence du Pr\u00e9sident de la F\u00e9d\u00e9ration Monsieur Vi\u00e9rin DEGON, du Secr\u00e9taire G\u00e9n\u00e9ral Achille A\u00cfHOU et de Monsieur Okry NONVIGNON Directeur des Sports et de la Formation Sportive, les jeunes \u00e9l\u00e8ves du Coll\u00e8ge de l\u2019Entente ont parcouru les diff\u00e9rents ateliers du Kids Athletics.<\/p>\n\n\n\n<p>De la course slalom en passant par le relais navette et des ateliers de saut en croix, de lancer arri\u00e8re puis de saut grenouille, les participant se sont donn\u00e9s \u00e0 coeur joie sous l\u2019oeil virgilant des encadreurs sollicit\u00e9s \u00e0 l\u2019occasion.<\/p>\n\n\n\n<p>Pour la Directrice du Coll\u00e8ge de l\u2019Entente, cette activit\u00e9 qu\u2019elle accueil devra \u00eatre r\u00e9\u00e9dit\u00e9e parce que cela a \u00e9t\u00e9 une occasion pour les enfants de pratiquer du sport de mani\u00e8re ludique, avec entrain et jubilation. Elle invite la F\u00e9d\u00e9ration \u00e0 trouver en son \u00e9tablissement d\u2019enseignement un partenaire s\u00fbr pour la promotion du Kids Athletics.<\/p>\n\n\n\n<p>Le Pr\u00e9sident de la F\u00e9d\u00e9ration a fait la promesse au regard de l\u2019enthousiasme de toute l\u2019\u00e9quipe dirigeante du Coll\u00e8ge de l\u2019Entente et de l\u2019engouement que l\u2019activit\u00e9 a suscit\u00e9 aupr\u00e8s des enfant de r\u00e9\u00e9diter l\u2019\u00e9v\u00e8nement.<\/p>\n\n\n\n<p>A la fin, des dipl\u00f4mes de participation ont \u00e9t\u00e9 distribu\u00e9s aux participant et l\u2019\u00e9v\u00e8nement a pris fin par une photo de famille.<\/p>\n\n\n\n<figure class=\"wp-block-gallery has-nested-images columns-default is-cropped wp-block-gallery-1 is-layout-flex wp-block-gallery-is-layout-flex\">\n<figure class=\"wp-block-image size-large\"><img width=\"1024\" height=\"634\" data-id=\"82\"  alt=\"\" class=\"wp-image-82 lws-optimize-lazyload\"\/ data-src=\"https:\/\/athleben.org\/athleben\/wp-content\/uploads\/2024\/01\/346812343_845324510491560_6743233628399610769_n-1024x634.jpg\" srcset=\"https:\/\/athleben.org\/athleben\/wp-content\/uploads\/2024\/01\/346812343_845324510491560_6743233628399610769_n-1024x634.jpg 1024w, https:\/\/athleben.org\/athleben\/wp-content\/uploads\/2024\/01\/346812343_845324510491560_6743233628399610769_n-300x186.jpg 300w, https:\/\/athleben.org\/athleben\/wp-content\/uploads\/2024\/01\/346812343_845324510491560_6743233628399610769_n-768x476.jpg 768w, https:\/\/athleben.org\/athleben\/wp-content\/uploads\/2024\/01\/346812343_845324510491560_6743233628399610769_n.jpg 1072w\" sizes=\"(max-width: 1024px) 100vw, 1024px\" \/><\/figure>\n\n\n\n<figure class=\"wp-block-image size-large\"><img width=\"1024\" height=\"665\" data-id=\"79\"  alt=\"\" class=\"wp-image-79 lws-optimize-lazyload\"\/ data-src=\"https:\/\/athleben.org\/athleben\/wp-content\/uploads\/2024\/01\/346873241_197115279916296_6816877356244785469_n-1024x665.jpg\" srcset=\"https:\/\/athleben.org\/athleben\/wp-content\/uploads\/2024\/01\/346873241_197115279916296_6816877356244785469_n-1024x665.jpg 1024w, https:\/\/athleben.org\/athleben\/wp-content\/uploads\/2024\/01\/346873241_197115279916296_6816877356244785469_n-300x195.jpg 300w, https:\/\/athleben.org\/athleben\/wp-content\/uploads\/2024\/01\/346873241_197115279916296_6816877356244785469_n-768x499.jpg 768w, https:\/\/athleben.org\/athleben\/wp-content\/uploads\/2024\/01\/346873241_197115279916296_6816877356244785469_n.jpg 1072w\" sizes=\"(max-width: 1024px) 100vw, 1024px\" \/><\/figure>\n\n\n\n<figure class=\"wp-block-image size-large\"><img width=\"1024\" height=\"680\" data-id=\"80\"  alt=\"\" class=\"wp-image-80 lws-optimize-lazyload\"\/ data-src=\"https:\/\/athleben.org\/athleben\/wp-content\/uploads\/2024\/01\/346879311_633747632105563_5786604889129391317_n-1024x680.jpg\" srcset=\"https:\/\/athleben.org\/athleben\/wp-content\/uploads\/2024\/01\/346879311_633747632105563_5786604889129391317_n-1024x680.jpg 1024w, https:\/\/athleben.org\/athleben\/wp-content\/uploads\/2024\/01\/346879311_633747632105563_5786604889129391317_n-300x199.jpg 300w, https:\/\/athleben.org\/athleben\/wp-content\/uploads\/2024\/01\/346879311_633747632105563_5786604889129391317_n-768x510.jpg 768w, https:\/\/athleben.org\/athleben\/wp-content\/uploads\/2024\/01\/346879311_633747632105563_5786604889129391317_n.jpg 1072w\" sizes=\"(max-width: 1024px) 100vw, 1024px\" \/><\/figure>\n\n\n\n<figure class=\"wp-block-image size-large\"><img width=\"1024\" height=\"619\" data-id=\"78\"  alt=\"\" class=\"wp-image-78 lws-optimize-lazyload\"\/ data-src=\"https:\/\/athleben.org\/athleben\/wp-content\/uploads\/2024\/01\/346818425_1309412836280754_6074061957043076664_n-1024x619.jpg\" srcset=\"https:\/\/athleben.org\/athleben\/wp-content\/uploads\/2024\/01\/346818425_1309412836280754_6074061957043076664_n-1024x619.jpg 1024w, https:\/\/athleben.org\/athleben\/wp-content\/uploads\/2024\/01\/346818425_1309412836280754_6074061957043076664_n-300x181.jpg 300w, https:\/\/athleben.org\/athleben\/wp-content\/uploads\/2024\/01\/346818425_1309412836280754_6074061957043076664_n-768x464.jpg 768w, https:\/\/athleben.org\/athleben\/wp-content\/uploads\/2024\/01\/346818425_1309412836280754_6074061957043076664_n.jpg 1072w\" sizes=\"(max-width: 1024px) 100vw, 1024px\" \/><\/figure>\n\n\n\n<figure class=\"wp-block-image size-large\"><img width=\"1024\" height=\"680\" data-id=\"83\"  alt=\"\" class=\"wp-image-83 lws-optimize-lazyload\"\/ data-src=\"https:\/\/athleben.org\/athleben\/wp-content\/uploads\/2024\/01\/346841058_1302759620315494_3519543227104682370_n-1024x680.jpg\" srcset=\"https:\/\/athleben.org\/athleben\/wp-content\/uploads\/2024\/01\/346841058_1302759620315494_3519543227104682370_n-1024x680.jpg 1024w, https:\/\/athleben.org\/athleben\/wp-content\/uploads\/2024\/01\/346841058_1302759620315494_3519543227104682370_n-300x199.jpg 300w, https:\/\/athleben.org\/athleben\/wp-content\/uploads\/2024\/01\/346841058_1302759620315494_3519543227104682370_n-768x510.jpg 768w, https:\/\/athleben.org\/athleben\/wp-content\/uploads\/2024\/01\/346841058_1302759620315494_3519543227104682370_n.jpg 1072w\" sizes=\"(max-width: 1024px) 100vw, 1024px\" \/><\/figure>\n\n\n\n<figure class=\"wp-block-image size-large\"><img width=\"1004\" height=\"712\" data-id=\"81\"  alt=\"\" class=\"wp-image-81 lws-optimize-lazyload\"\/ data-src=\"https:\/\/athleben.org\/athleben\/wp-content\/uploads\/2024\/01\/346861519_236387085681619_378976852248947526_n.jpg\" srcset=\"https:\/\/athleben.org\/athleben\/wp-content\/uploads\/2024\/01\/346861519_236387085681619_378976852248947526_n.jpg 1004w, https:\/\/athleben.org\/athleben\/wp-content\/uploads\/2024\/01\/346861519_236387085681619_378976852248947526_n-300x213.jpg 300w, https:\/\/athleben.org\/athleben\/wp-content\/uploads\/2024\/01\/346861519_236387085681619_378976852248947526_n-768x545.jpg 768w\" sizes=\"(max-width: 1004px) 100vw, 1004px\" \/><\/figure>\n\n\n\n<figure class=\"wp-block-image size-large\"><img width=\"1024\" height=\"680\" data-id=\"84\"  alt=\"\" class=\"wp-image-84 lws-optimize-lazyload\"\/ data-src=\"https:\/\/athleben.org\/athleben\/wp-content\/uploads\/2024\/01\/346840340_840269827685088_6934627718993003897_n-1024x680.jpg\" srcset=\"https:\/\/athleben.org\/athleben\/wp-content\/uploads\/2024\/01\/346840340_840269827685088_6934627718993003897_n-1024x680.jpg 1024w, https:\/\/athleben.org\/athleben\/wp-content\/uploads\/2024\/01\/346840340_840269827685088_6934627718993003897_n-300x199.jpg 300w, https:\/\/athleben.org\/athleben\/wp-content\/uploads\/2024\/01\/346840340_840269827685088_6934627718993003897_n-768x510.jpg 768w, https:\/\/athleben.org\/athleben\/wp-content\/uploads\/2024\/01\/346840340_840269827685088_6934627718993003897_n.jpg 1072w\" sizes=\"(max-width: 1024px) 100vw, 1024px\" \/><\/figure>\n\n\n\n<figure class=\"wp-block-image size-large\"><img width=\"1024\" height=\"680\" data-id=\"87\"  alt=\"\" class=\"wp-image-87 lws-optimize-lazyload\"\/ data-src=\"https:\/\/athleben.org\/athleben\/wp-content\/uploads\/2024\/01\/346999784_619650943551828_8563910100276209961_n-1024x680.jpg\" srcset=\"https:\/\/athleben.org\/athleben\/wp-content\/uploads\/2024\/01\/346999784_619650943551828_8563910100276209961_n-1024x680.jpg 1024w, https:\/\/athleben.org\/athleben\/wp-content\/uploads\/2024\/01\/346999784_619650943551828_8563910100276209961_n-300x199.jpg 300w, https:\/\/athleben.org\/athleben\/wp-content\/uploads\/2024\/01\/346999784_619650943551828_8563910100276209961_n-768x510.jpg 768w, https:\/\/athleben.org\/athleben\/wp-content\/uploads\/2024\/01\/346999784_619650943551828_8563910100276209961_n.jpg 1072w\" sizes=\"(max-width: 1024px) 100vw, 1024px\" \/><\/figure>\n\n\n\n<figure class=\"wp-block-image size-large\"><img width=\"1024\" height=\"680\" data-id=\"86\"  alt=\"\" class=\"wp-image-86 lws-optimize-lazyload\"\/ data-src=\"https:\/\/athleben.org\/athleben\/wp-content\/uploads\/2024\/01\/347113616_1023544515724225_5525588067993883231_n-1024x680.jpg\" srcset=\"https:\/\/athleben.org\/athleben\/wp-content\/uploads\/2024\/01\/347113616_1023544515724225_5525588067993883231_n-1024x680.jpg 1024w, https:\/\/athleben.org\/athleben\/wp-content\/uploads\/2024\/01\/347113616_1023544515724225_5525588067993883231_n-300x199.jpg 300w, https:\/\/athleben.org\/athleben\/wp-content\/uploads\/2024\/01\/347113616_1023544515724225_5525588067993883231_n-768x510.jpg 768w, https:\/\/athleben.org\/athleben\/wp-content\/uploads\/2024\/01\/347113616_1023544515724225_5525588067993883231_n.jpg 1072w\" sizes=\"(max-width: 1024px) 100vw, 1024px\" \/><\/figure>\n\n\n\n<figure class=\"wp-block-image size-large\"><img width=\"1002\" height=\"574\" data-id=\"85\"  alt=\"\" class=\"wp-image-85 lws-optimize-lazyload\"\/ data-src=\"https:\/\/athleben.org\/athleben\/wp-content\/uploads\/2024\/01\/347145994_923759302170381_8271706386489512040_n.jpg\" srcset=\"https:\/\/athleben.org\/athleben\/wp-content\/uploads\/2024\/01\/347145994_923759302170381_8271706386489512040_n.jpg 1002w, https:\/\/athleben.org\/athleben\/wp-content\/uploads\/2024\/01\/347145994_923759302170381_8271706386489512040_n-300x172.jpg 300w, https:\/\/athleben.org\/athleben\/wp-content\/uploads\/2024\/01\/347145994_923759302170381_8271706386489512040_n-768x440.jpg 768w\" sizes=\"(max-width: 1002px) 100vw, 1002px\" \/><\/figure>\n\n\n\n<figure class=\"wp-block-image size-large\"><img width=\"980\" height=\"692\" data-id=\"88\"  alt=\"\" class=\"wp-image-88 lws-optimize-lazyload\"\/ data-src=\"https:\/\/athleben.org\/athleben\/wp-content\/uploads\/2024\/01\/347234873_255569017044575_237740597434327041_n.jpg\" srcset=\"https:\/\/athleben.org\/athleben\/wp-content\/uploads\/2024\/01\/347234873_255569017044575_237740597434327041_n.jpg 980w, https:\/\/athleben.org\/athleben\/wp-content\/uploads\/2024\/01\/347234873_255569017044575_237740597434327041_n-300x212.jpg 300w, https:\/\/athleben.org\/athleben\/wp-content\/uploads\/2024\/01\/347234873_255569017044575_237740597434327041_n-768x542.jpg 768w\" sizes=\"(max-width: 980px) 100vw, 980px\" \/><\/figure>\n\n\n\n<figure class=\"wp-block-image size-large\"><img width=\"1024\" height=\"680\" data-id=\"89\"  alt=\"\" class=\"wp-image-89 lws-optimize-lazyload\"\/ data-src=\"https:\/\/athleben.org\/athleben\/wp-content\/uploads\/2024\/01\/347091675_917402226158993_6411973533870821735_n-1024x680.jpg\" srcset=\"https:\/\/athleben.org\/athleben\/wp-content\/uploads\/2024\/01\/347091675_917402226158993_6411973533870821735_n-1024x680.jpg 1024w, https:\/\/athleben.org\/athleben\/wp-content\/uploads\/2024\/01\/347091675_917402226158993_6411973533870821735_n-300x199.jpg 300w, https:\/\/athleben.org\/athleben\/wp-content\/uploads\/2024\/01\/347091675_917402226158993_6411973533870821735_n-768x510.jpg 768w, https:\/\/athleben.org\/athleben\/wp-content\/uploads\/2024\/01\/347091675_917402226158993_6411973533870821735_n.jpg 1072w\" sizes=\"(max-width: 1024px) 100vw, 1024px\" \/><\/figure>\n\n\n\n<figure class=\"wp-block-image size-large\"><img width=\"972\" height=\"712\" data-id=\"90\"  alt=\"\" class=\"wp-image-90 lws-optimize-lazyload\"\/ data-src=\"https:\/\/athleben.org\/athleben\/wp-content\/uploads\/2024\/01\/347409785_1729429777491196_8016496660605724966_n.jpg\" srcset=\"https:\/\/athleben.org\/athleben\/wp-content\/uploads\/2024\/01\/347409785_1729429777491196_8016496660605724966_n.jpg 972w, https:\/\/athleben.org\/athleben\/wp-content\/uploads\/2024\/01\/347409785_1729429777491196_8016496660605724966_n-300x220.jpg 300w, https:\/\/athleben.org\/athleben\/wp-content\/uploads\/2024\/01\/347409785_1729429777491196_8016496660605724966_n-768x563.jpg 768w\" sizes=\"(max-width: 972px) 100vw, 972px\" \/><\/figure>\n\n\n\n<figure class=\"wp-block-image size-large\"><img width=\"1025\" height=\"440\" data-id=\"91\"  alt=\"\" class=\"wp-image-91 lws-optimize-lazyload\"\/ data-src=\"https:\/\/athleben.org\/athleben\/wp-content\/uploads\/2024\/01\/346969327_3580987525471260_9013044746879055960_n.jpg\" srcset=\"https:\/\/athleben.org\/athleben\/wp-content\/uploads\/2024\/01\/346969327_3580987525471260_9013044746879055960_n.jpg 1025w, https:\/\/athleben.org\/athleben\/wp-content\/uploads\/2024\/01\/346969327_3580987525471260_9013044746879055960_n-300x129.jpg 300w, https:\/\/athleben.org\/athleben\/wp-content\/uploads\/2024\/01\/346969327_3580987525471260_9013044746879055960_n-768x330.jpg 768w\" sizes=\"(max-width: 1025px) 100vw, 1025px\" \/><\/figure>\n<\/figure>\n","protected":false},"excerpt":{"rendered":"<p>La F\u00e9d\u00e9ration a organis\u00e9 en diff\u00e9r\u00e9 le 12 mai 2023, la journ\u00e9e de kids athletics programm\u00e9e par World Athletics pour s\u2019organiser le 7 mai 2023. [&hellip;]<\/p>\n","protected":false},"author":2,"featured_media":39,"comment_status":"open","ping_status":"closed","sticky":false,"template":"","format":"standard","meta":{"footnotes":""},"categories":[22],"tags":[],"class_list":["post-37","post","type-post","status-publish","format-standard","has-post-thumbnail","hentry","category-athle"],"yoast_head":"<!-- This site is optimized with the Yoast SEO plugin v27.1.1 - https:\/\/yoast.com\/product\/yoast-seo-wordpress\/ -->\n<title>Journ\u00e9e Kids Athletics - F\u00e9d\u00e9ration B\u00e9ninoise d&#039;Athl\u00e9tisme<\/title>\n<meta name=\"robots\" content=\"index, follow, max-snippet:-1, max-image-preview:large, max-video-preview:-1\" \/>\n<link rel=\"canonical\" href=\"https:\/\/athleben.org\/athleben\/journee-kids-athletics\/\" \/>\n<meta property=\"og:locale\" content=\"fr_FR\" \/>\n<meta property=\"og:type\" content=\"article\" \/>\n<meta property=\"og:title\" content=\"Journ\u00e9e Kids Athletics - F\u00e9d\u00e9ration B\u00e9ninoise d&#039;Athl\u00e9tisme\" \/>\n<meta property=\"og:description\" content=\"La F\u00e9d\u00e9ration a organis\u00e9 en diff\u00e9r\u00e9 le 12 mai 2023, la journ\u00e9e de kids athletics programm\u00e9e par World Athletics pour s\u2019organiser le 7 mai 2023. [&hellip;]\" \/>\n<meta property=\"og:url\" content=\"https:\/\/athleben.org\/athleben\/journee-kids-athletics\/\" \/>\n<meta property=\"og:site_name\" content=\"F\u00e9d\u00e9ration B\u00e9ninoise d&#039;Athl\u00e9tisme\" \/>\n<meta property=\"article:publisher\" content=\"https:\/\/web.facebook.com\/FederationBeninoiseAthletisme\" \/>\n<meta property=\"article:published_time\" content=\"2023-06-29T15:25:00+00:00\" \/>\n<meta property=\"article:modified_time\" content=\"2024-12-30T09:33:12+00:00\" \/>\n<meta property=\"og:image\" content=\"https:\/\/athleben.org\/athleben\/wp-content\/uploads\/2023\/06\/Image1_Journee_KA.jpg\" \/>\n\t<meta property=\"og:image:width\" content=\"753\" \/>\n\t<meta property=\"og:image:height\" content=\"500\" \/>\n\t<meta property=\"og:image:type\" content=\"image\/jpeg\" \/>\n<meta name=\"author\" content=\"R\u00e9daction\" \/>\n<meta name=\"twitter:card\" content=\"summary_large_image\" \/>\n<meta name=\"twitter:creator\" content=\"@BeninoiseD\" \/>\n<meta name=\"twitter:site\" content=\"@BeninoiseD\" \/>\n<meta name=\"twitter:label1\" content=\"\u00c9crit par\" \/>\n\t<meta name=\"twitter:data1\" content=\"R\u00e9daction\" \/>\n\t<meta name=\"twitter:label2\" content=\"Dur\u00e9e de lecture estim\u00e9e\" \/>\n\t<meta name=\"twitter:data2\" content=\"2 minutes\" \/>\n<script type=\"application\/ld+json\" class=\"yoast-schema-graph\">{\"@context\":\"https:\/\/schema.org\",\"@graph\":[{\"@type\":\"Article\",\"@id\":\"https:\/\/athleben.org\/athleben\/journee-kids-athletics\/#article\",\"isPartOf\":{\"@id\":\"https:\/\/athleben.org\/athleben\/journee-kids-athletics\/\"},\"author\":{\"name\":\"R\u00e9daction\",\"@id\":\"https:\/\/athleben.org\/athleben\/#\/schema\/person\/8e674441e65cf8d584b9dd06d96e68c5\"},\"headline\":\"Journ\u00e9e Kids Athletics\",\"datePublished\":\"2023-06-29T15:25:00+00:00\",\"dateModified\":\"2024-12-30T09:33:12+00:00\",\"mainEntityOfPage\":{\"@id\":\"https:\/\/athleben.org\/athleben\/journee-kids-athletics\/\"},\"wordCount\":314,\"commentCount\":0,\"publisher\":{\"@id\":\"https:\/\/athleben.org\/athleben\/#organization\"},\"image\":{\"@id\":\"https:\/\/athleben.org\/athleben\/journee-kids-athletics\/#primaryimage\"},\"thumbnailUrl\":\"https:\/\/athleben.org\/athleben\/wp-content\/uploads\/2023\/06\/Image1_Journee_KA.jpg\",\"articleSection\":[\"Athl\u00e9tisme\"],\"inLanguage\":\"fr-FR\",\"potentialAction\":[{\"@type\":\"CommentAction\",\"name\":\"Comment\",\"target\":[\"https:\/\/athleben.org\/athleben\/journee-kids-athletics\/#respond\"]}]},{\"@type\":\"WebPage\",\"@id\":\"https:\/\/athleben.org\/athleben\/journee-kids-athletics\/\",\"url\":\"https:\/\/athleben.org\/athleben\/journee-kids-athletics\/\",\"name\":\"Journ\u00e9e Kids Athletics - F\u00e9d\u00e9ration B\u00e9ninoise d&#039;Athl\u00e9tisme\",\"isPartOf\":{\"@id\":\"https:\/\/athleben.org\/athleben\/#website\"},\"primaryImageOfPage\":{\"@id\":\"https:\/\/athleben.org\/athleben\/journee-kids-athletics\/#primaryimage\"},\"image\":{\"@id\":\"https:\/\/athleben.org\/athleben\/journee-kids-athletics\/#primaryimage\"},\"thumbnailUrl\":\"https:\/\/athleben.org\/athleben\/wp-content\/uploads\/2023\/06\/Image1_Journee_KA.jpg\",\"datePublished\":\"2023-06-29T15:25:00+00:00\",\"dateModified\":\"2024-12-30T09:33:12+00:00\",\"breadcrumb\":{\"@id\":\"https:\/\/athleben.org\/athleben\/journee-kids-athletics\/#breadcrumb\"},\"inLanguage\":\"fr-FR\",\"potentialAction\":[{\"@type\":\"ReadAction\",\"target\":[\"https:\/\/athleben.org\/athleben\/journee-kids-athletics\/\"]}]},{\"@type\":\"ImageObject\",\"inLanguage\":\"fr-FR\",\"@id\":\"https:\/\/athleben.org\/athleben\/journee-kids-athletics\/#primaryimage\",\"url\":\"https:\/\/athleben.org\/athleben\/wp-content\/uploads\/2023\/06\/Image1_Journee_KA.jpg\",\"contentUrl\":\"https:\/\/athleben.org\/athleben\/wp-content\/uploads\/2023\/06\/Image1_Journee_KA.jpg\",\"width\":753,\"height\":500},{\"@type\":\"BreadcrumbList\",\"@id\":\"https:\/\/athleben.org\/athleben\/journee-kids-athletics\/#breadcrumb\",\"itemListElement\":[{\"@type\":\"ListItem\",\"position\":1,\"name\":\"Accueil\",\"item\":\"https:\/\/athleben.org\/athleben\/\"},{\"@type\":\"ListItem\",\"position\":2,\"name\":\"Journ\u00e9e Kids Athletics\"}]},{\"@type\":\"WebSite\",\"@id\":\"https:\/\/athleben.org\/athleben\/#website\",\"url\":\"https:\/\/athleben.org\/athleben\/\",\"name\":\"F\u00e9d\u00e9ration B\u00e9ninoise d'Athl\u00e9tisme\",\"description\":\"Athl\u00e9tisme, ma fiert\u00e9, je m&#039;engage.\",\"publisher\":{\"@id\":\"https:\/\/athleben.org\/athleben\/#organization\"},\"potentialAction\":[{\"@type\":\"SearchAction\",\"target\":{\"@type\":\"EntryPoint\",\"urlTemplate\":\"https:\/\/athleben.org\/athleben\/?s={search_term_string}\"},\"query-input\":{\"@type\":\"PropertyValueSpecification\",\"valueRequired\":true,\"valueName\":\"search_term_string\"}}],\"inLanguage\":\"fr-FR\"},{\"@type\":\"Organization\",\"@id\":\"https:\/\/athleben.org\/athleben\/#organization\",\"name\":\"F\u00e9d\u00e9ration B\u00e9ninoise d'Athl\u00e9tisme\",\"url\":\"https:\/\/athleben.org\/athleben\/\",\"logo\":{\"@type\":\"ImageObject\",\"inLanguage\":\"fr-FR\",\"@id\":\"https:\/\/athleben.org\/athleben\/#\/schema\/logo\/image\/\",\"url\":\"https:\/\/athleben.org\/athleben\/wp-content\/uploads\/2024\/01\/logo-fba-new.png\",\"contentUrl\":\"https:\/\/athleben.org\/athleben\/wp-content\/uploads\/2024\/01\/logo-fba-new.png\",\"width\":162,\"height\":169,\"caption\":\"F\u00e9d\u00e9ration B\u00e9ninoise d'Athl\u00e9tisme\"},\"image\":{\"@id\":\"https:\/\/athleben.org\/athleben\/#\/schema\/logo\/image\/\"},\"sameAs\":[\"https:\/\/web.facebook.com\/FederationBeninoiseAthletisme\",\"https:\/\/x.com\/BeninoiseD\",\"https:\/\/www.instagram.com\/fbathle\"]},{\"@type\":\"Person\",\"@id\":\"https:\/\/athleben.org\/athleben\/#\/schema\/person\/8e674441e65cf8d584b9dd06d96e68c5\",\"name\":\"R\u00e9daction\",\"image\":{\"@type\":\"ImageObject\",\"inLanguage\":\"fr-FR\",\"@id\":\"https:\/\/athleben.org\/athleben\/#\/schema\/person\/image\/\",\"url\":\"https:\/\/secure.gravatar.com\/avatar\/bb62d62970513855ce068679bf0975b0d5aff01ca9d25756de5d17f8d51767b9?s=96&d=mm&r=g\",\"contentUrl\":\"https:\/\/secure.gravatar.com\/avatar\/bb62d62970513855ce068679bf0975b0d5aff01ca9d25756de5d17f8d51767b9?s=96&d=mm&r=g\",\"caption\":\"R\u00e9daction\"},\"url\":\"https:\/\/athleben.org\/athleben\/author\/achille\/\"}]}<\/script>\n<!-- \/ Yoast SEO plugin. -->","yoast_head_json":{"title":"Journ\u00e9e Kids Athletics - F\u00e9d\u00e9ration B\u00e9ninoise d&#039;Athl\u00e9tisme","robots":{"index":"index","follow":"follow","max-snippet":"max-snippet:-1","max-image-preview":"max-image-preview:large","max-video-preview":"max-video-preview:-1"},"canonical":"https:\/\/athleben.org\/athleben\/journee-kids-athletics\/","og_locale":"fr_FR","og_type":"article","og_title":"Journ\u00e9e Kids Athletics - F\u00e9d\u00e9ration B\u00e9ninoise d&#039;Athl\u00e9tisme","og_description":"La F\u00e9d\u00e9ration a organis\u00e9 en diff\u00e9r\u00e9 le 12 mai 2023, la journ\u00e9e de kids athletics programm\u00e9e par World Athletics pour s\u2019organiser le 7 mai 2023. [&hellip;]","og_url":"https:\/\/athleben.org\/athleben\/journee-kids-athletics\/","og_site_name":"F\u00e9d\u00e9ration B\u00e9ninoise d&#039;Athl\u00e9tisme","article_publisher":"https:\/\/web.facebook.com\/FederationBeninoiseAthletisme","article_published_time":"2023-06-29T15:25:00+00:00","article_modified_time":"2024-12-30T09:33:12+00:00","og_image":[{"width":753,"height":500,"url":"https:\/\/athleben.org\/athleben\/wp-content\/uploads\/2023\/06\/Image1_Journee_KA.jpg","type":"image\/jpeg"}],"author":"R\u00e9daction","twitter_card":"summary_large_image","twitter_creator":"@BeninoiseD","twitter_site":"@BeninoiseD","twitter_misc":{"\u00c9crit par":"R\u00e9daction","Dur\u00e9e de lecture estim\u00e9e":"2 minutes"},"schema":{"@context":"https:\/\/schema.org","@graph":[{"@type":"Article","@id":"https:\/\/athleben.org\/athleben\/journee-kids-athletics\/#article","isPartOf":{"@id":"https:\/\/athleben.org\/athleben\/journee-kids-athletics\/"},"author":{"name":"R\u00e9daction","@id":"https:\/\/athleben.org\/athleben\/#\/schema\/person\/8e674441e65cf8d584b9dd06d96e68c5"},"headline":"Journ\u00e9e Kids Athletics","datePublished":"2023-06-29T15:25:00+00:00","dateModified":"2024-12-30T09:33:12+00:00","mainEntityOfPage":{"@id":"https:\/\/athleben.org\/athleben\/journee-kids-athletics\/"},"wordCount":314,"commentCount":0,"publisher":{"@id":"https:\/\/athleben.org\/athleben\/#organization"},"image":{"@id":"https:\/\/athleben.org\/athleben\/journee-kids-athletics\/#primaryimage"},"thumbnailUrl":"https:\/\/athleben.org\/athleben\/wp-content\/uploads\/2023\/06\/Image1_Journee_KA.jpg","articleSection":["Athl\u00e9tisme"],"inLanguage":"fr-FR","potentialAction":[{"@type":"CommentAction","name":"Comment","target":["https:\/\/athleben.org\/athleben\/journee-kids-athletics\/#respond"]}]},{"@type":"WebPage","@id":"https:\/\/athleben.org\/athleben\/journee-kids-athletics\/","url":"https:\/\/athleben.org\/athleben\/journee-kids-athletics\/","name":"Journ\u00e9e Kids Athletics - F\u00e9d\u00e9ration B\u00e9ninoise d&#039;Athl\u00e9tisme","isPartOf":{"@id":"https:\/\/athleben.org\/athleben\/#website"},"primaryImageOfPage":{"@id":"https:\/\/athleben.org\/athleben\/journee-kids-athletics\/#primaryimage"},"image":{"@id":"https:\/\/athleben.org\/athleben\/journee-kids-athletics\/#primaryimage"},"thumbnailUrl":"https:\/\/athleben.org\/athleben\/wp-content\/uploads\/2023\/06\/Image1_Journee_KA.jpg","datePublished":"2023-06-29T15:25:00+00:00","dateModified":"2024-12-30T09:33:12+00:00","breadcrumb":{"@id":"https:\/\/athleben.org\/athleben\/journee-kids-athletics\/#breadcrumb"},"inLanguage":"fr-FR","potentialAction":[{"@type":"ReadAction","target":["https:\/\/athleben.org\/athleben\/journee-kids-athletics\/"]}]},{"@type":"ImageObject","inLanguage":"fr-FR","@id":"https:\/\/athleben.org\/athleben\/journee-kids-athletics\/#primaryimage","url":"https:\/\/athleben.org\/athleben\/wp-content\/uploads\/2023\/06\/Image1_Journee_KA.jpg","contentUrl":"https:\/\/athleben.org\/athleben\/wp-content\/uploads\/2023\/06\/Image1_Journee_KA.jpg","width":753,"height":500},{"@type":"BreadcrumbList","@id":"https:\/\/athleben.org\/athleben\/journee-kids-athletics\/#breadcrumb","itemListElement":[{"@type":"ListItem","position":1,"name":"Accueil","item":"https:\/\/athleben.org\/athleben\/"},{"@type":"ListItem","position":2,"name":"Journ\u00e9e Kids Athletics"}]},{"@type":"WebSite","@id":"https:\/\/athleben.org\/athleben\/#website","url":"https:\/\/athleben.org\/athleben\/","name":"F\u00e9d\u00e9ration B\u00e9ninoise d'Athl\u00e9tisme","description":"Athl\u00e9tisme, ma fiert\u00e9, je m&#039;engage.","publisher":{"@id":"https:\/\/athleben.org\/athleben\/#organization"},"potentialAction":[{"@type":"SearchAction","target":{"@type":"EntryPoint","urlTemplate":"https:\/\/athleben.org\/athleben\/?s={search_term_string}"},"query-input":{"@type":"PropertyValueSpecification","valueRequired":true,"valueName":"search_term_string"}}],"inLanguage":"fr-FR"},{"@type":"Organization","@id":"https:\/\/athleben.org\/athleben\/#organization","name":"F\u00e9d\u00e9ration B\u00e9ninoise d'Athl\u00e9tisme","url":"https:\/\/athleben.org\/athleben\/","logo":{"@type":"ImageObject","inLanguage":"fr-FR","@id":"https:\/\/athleben.org\/athleben\/#\/schema\/logo\/image\/","url":"https:\/\/athleben.org\/athleben\/wp-content\/uploads\/2024\/01\/logo-fba-new.png","contentUrl":"https:\/\/athleben.org\/athleben\/wp-content\/uploads\/2024\/01\/logo-fba-new.png","width":162,"height":169,"caption":"F\u00e9d\u00e9ration B\u00e9ninoise d'Athl\u00e9tisme"},"image":{"@id":"https:\/\/athleben.org\/athleben\/#\/schema\/logo\/image\/"},"sameAs":["https:\/\/web.facebook.com\/FederationBeninoiseAthletisme","https:\/\/x.com\/BeninoiseD","https:\/\/www.instagram.com\/fbathle"]},{"@type":"Person","@id":"https:\/\/athleben.org\/athleben\/#\/schema\/person\/8e674441e65cf8d584b9dd06d96e68c5","name":"R\u00e9daction","image":{"@type":"ImageObject","inLanguage":"fr-FR","@id":"https:\/\/athleben.org\/athleben\/#\/schema\/person\/image\/","url":"https:\/\/secure.gravatar.com\/avatar\/bb62d62970513855ce068679bf0975b0d5aff01ca9d25756de5d17f8d51767b9?s=96&d=mm&r=g","contentUrl":"https:\/\/secure.gravatar.com\/avatar\/bb62d62970513855ce068679bf0975b0d5aff01ca9d25756de5d17f8d51767b9?s=96&d=mm&r=g","caption":"R\u00e9daction"},"url":"https:\/\/athleben.org\/athleben\/author\/achille\/"}]}},"_links":{"self":[{"href":"https:\/\/athleben.org\/athleben\/wp-json\/wp\/v2\/posts\/37","targetHints":{"allow":["GET"]}}],"collection":[{"href":"https:\/\/athleben.org\/athleben\/wp-json\/wp\/v2\/posts"}],"about":[{"href":"https:\/\/athleben.org\/athleben\/wp-json\/wp\/v2\/types\/post"}],"author":[{"embeddable":true,"href":"https:\/\/athleben.org\/athleben\/wp-json\/wp\/v2\/users\/2"}],"replies":[{"embeddable":true,"href":"https:\/\/athleben.org\/athleben\/wp-json\/wp\/v2\/comments?post=37"}],"version-history":[{"count":2,"href":"https:\/\/athleben.org\/athleben\/wp-json\/wp\/v2\/posts\/37\/revisions"}],"predecessor-version":[{"id":92,"href":"https:\/\/athleben.org\/athleben\/wp-json\/wp\/v2\/posts\/37\/revisions\/92"}],"wp:featuredmedia":[{"embeddable":true,"href":"https:\/\/athleben.org\/athleben\/wp-json\/wp\/v2\/media\/39"}],"wp:attachment":[{"href":"https:\/\/athleben.org\/athleben\/wp-json\/wp\/v2\/media?parent=37"}],"wp:term":[{"taxonomy":"category","embeddable":true,"href":"https:\/\/athleben.org\/athleben\/wp-json\/wp\/v2\/categories?post=37"},{"taxonomy":"post_tag","embeddable":true,"href":"https:\/\/athleben.org\/athleben\/wp-json\/wp\/v2\/tags?post=37"}],"curies":[{"name":"wp","href":"https:\/\/api.w.org\/{rel}","templated":true}]}}