{"id":3555,"date":"2025-09-05T11:24:18","date_gmt":"2025-09-05T10:24:18","guid":{"rendered":"https:\/\/athleben.org\/athleben\/?p=3555"},"modified":"2025-09-05T11:24:18","modified_gmt":"2025-09-05T10:24:18","slug":"fin-de-la-formation-des-entraineurs-dathletisme-niveau-i","status":"publish","type":"post","link":"https:\/\/athleben.org\/athleben\/fin-de-la-formation-des-entraineurs-dathletisme-niveau-i\/","title":{"rendered":"Fin de la formation des entra\u00eeneurs d\u2019athl\u00e9tisme \u2013 Niveau I"},"content":{"rendered":"\n<p>La formation des entra\u00eeneurs d\u2019athl\u00e9tisme Niveau I s\u2019est achev\u00e9e ce jour au Stade Goho d\u2019Abomey. Les 24 participants, venus des 12 d\u00e9partements du B\u00e9nin (deux par d\u00e9partement), ont tous valid\u00e9 avec succ\u00e8s leur certification.<br>Apr\u00e8s avoir suivi une formation th\u00e9orique en ligne sanctionn\u00e9e par un certificat, ces encadrants s\u00e9lectionn\u00e9s par la coordination du Programme de Promotion et de D\u00e9veloppement des Activit\u00e9s Sportives ont particip\u00e9 \u00e0 la phase pratique. Ils franchissent ainsi une \u00e9tape d\u00e9cisive de leur parcours : celle de devenir entra\u00eeneurs certifi\u00e9s World Athletics.<\/p>\n\n\n\n<p>Cette session pratique a \u00e9t\u00e9 dirig\u00e9e par les experts Achille A\u00efhou et Z\u00e9ph\u00e9rin Hounkenou, tous deux formateurs accr\u00e9dit\u00e9s de World Athletics.<\/p>\n\n\n\n<p>L\u2019initiative est port\u00e9e par le Minist\u00e8re des Sports, \u00e0 travers la Direction du Sport et de la Formation Sportive (DSFS), en partenariat avec l\u2019Office B\u00e9ninois du Sport Scolaire et Universitaire (OBSSU), le Programme de Promotion et de D\u00e9veloppement des Activit\u00e9s Sportives (PPDAS) et la F\u00e9d\u00e9ration B\u00e9ninoise d\u2019Athl\u00e9tisme (FBA).<\/p>\n\n\n\n<p>La c\u00e9r\u00e9monie de cl\u00f4ture, pr\u00e9sid\u00e9e par le Directeur de Cabinet du Ministre des Sports, Cr\u00e9pin Okouolou, a connu la pr\u00e9sence du Pr\u00e9sident de la F\u00e9d\u00e9ration B\u00e9ninoise d\u2019Athl\u00e9tisme, du Directeur du Sport et de la Formation Sportive, du Charg\u00e9 d\u2019\u00e9tudes du Directeur d\u00e9partemental des Sports du Zou, ainsi que de la Direction technique nationale de la F\u00e9d\u00e9ration.<\/p>\n\n\n\n<p>Au nom du ministre des Sports, le Directeur de Cabinet a adress\u00e9 ses f\u00e9licitations aux participants pour leur assiduit\u00e9 et leur engagement, qui leur ont permis de valider la certification du Niveau I.<\/p>\n\n\n\n<p>Les 24 nouveaux entra\u00eeneurs sont d\u00e9sormais appel\u00e9s \u00e0 mettre en pratique leurs comp\u00e9tences et \u00e0 contribuer au d\u00e9veloppement de l\u2019athl\u00e9tisme b\u00e9ninois sur le terrain.<\/p>\n\n\n\n<figure class=\"wp-block-gallery has-nested-images columns-default is-cropped wp-block-gallery-1 is-layout-flex wp-block-gallery-is-layout-flex\">\n<figure class=\"wp-block-image size-large\"><img width=\"1024\" height=\"682\" data-id=\"3574\"  alt=\"\" class=\"wp-image-3574 lws-optimize-lazyload\"\/ data-src=\"https:\/\/athleben.org\/athleben\/wp-content\/uploads\/2025\/09\/WhatsApp-Image-2025-09-04-at-17.38.08-1024x682.jpeg\" srcset=\"https:\/\/athleben.org\/athleben\/wp-content\/uploads\/2025\/09\/WhatsApp-Image-2025-09-04-at-17.38.08-1024x682.jpeg 1024w, https:\/\/athleben.org\/athleben\/wp-content\/uploads\/2025\/09\/WhatsApp-Image-2025-09-04-at-17.38.08-300x200.jpeg 300w, https:\/\/athleben.org\/athleben\/wp-content\/uploads\/2025\/09\/WhatsApp-Image-2025-09-04-at-17.38.08-768x512.jpeg 768w, https:\/\/athleben.org\/athleben\/wp-content\/uploads\/2025\/09\/WhatsApp-Image-2025-09-04-at-17.38.08-1536x1024.jpeg 1536w, https:\/\/athleben.org\/athleben\/wp-content\/uploads\/2025\/09\/WhatsApp-Image-2025-09-04-at-17.38.08-2048x1365.jpeg 2048w\" sizes=\"(max-width: 1024px) 100vw, 1024px\" \/><\/figure>\n\n\n\n<figure class=\"wp-block-image size-large\"><img width=\"1024\" height=\"682\" data-id=\"3570\"  alt=\"\" class=\"wp-image-3570 lws-optimize-lazyload\"\/ data-src=\"https:\/\/athleben.org\/athleben\/wp-content\/uploads\/2025\/09\/WhatsApp-Image-2025-09-04-at-17.38.09-1024x682.jpeg\" srcset=\"https:\/\/athleben.org\/athleben\/wp-content\/uploads\/2025\/09\/WhatsApp-Image-2025-09-04-at-17.38.09-1024x682.jpeg 1024w, https:\/\/athleben.org\/athleben\/wp-content\/uploads\/2025\/09\/WhatsApp-Image-2025-09-04-at-17.38.09-300x200.jpeg 300w, https:\/\/athleben.org\/athleben\/wp-content\/uploads\/2025\/09\/WhatsApp-Image-2025-09-04-at-17.38.09-768x512.jpeg 768w, https:\/\/athleben.org\/athleben\/wp-content\/uploads\/2025\/09\/WhatsApp-Image-2025-09-04-at-17.38.09-1536x1024.jpeg 1536w, https:\/\/athleben.org\/athleben\/wp-content\/uploads\/2025\/09\/WhatsApp-Image-2025-09-04-at-17.38.09-2048x1365.jpeg 2048w\" sizes=\"(max-width: 1024px) 100vw, 1024px\" \/><\/figure>\n\n\n\n<figure class=\"wp-block-image size-large\"><img width=\"1024\" height=\"682\" data-id=\"3563\"  alt=\"\" class=\"wp-image-3563 lws-optimize-lazyload\"\/ data-src=\"https:\/\/athleben.org\/athleben\/wp-content\/uploads\/2025\/09\/WhatsApp-Image-2025-09-04-at-17.38.091-1024x682.jpeg\" srcset=\"https:\/\/athleben.org\/athleben\/wp-content\/uploads\/2025\/09\/WhatsApp-Image-2025-09-04-at-17.38.091-1024x682.jpeg 1024w, https:\/\/athleben.org\/athleben\/wp-content\/uploads\/2025\/09\/WhatsApp-Image-2025-09-04-at-17.38.091-300x200.jpeg 300w, https:\/\/athleben.org\/athleben\/wp-content\/uploads\/2025\/09\/WhatsApp-Image-2025-09-04-at-17.38.091-768x512.jpeg 768w, https:\/\/athleben.org\/athleben\/wp-content\/uploads\/2025\/09\/WhatsApp-Image-2025-09-04-at-17.38.091-1536x1024.jpeg 1536w, https:\/\/athleben.org\/athleben\/wp-content\/uploads\/2025\/09\/WhatsApp-Image-2025-09-04-at-17.38.091-2048x1365.jpeg 2048w\" sizes=\"(max-width: 1024px) 100vw, 1024px\" \/><\/figure>\n\n\n\n<figure class=\"wp-block-image size-large\"><img width=\"1024\" height=\"682\" data-id=\"3578\"  alt=\"\" class=\"wp-image-3578 lws-optimize-lazyload\"\/ data-src=\"https:\/\/athleben.org\/athleben\/wp-content\/uploads\/2025\/09\/WhatsApp-Image-2025-09-04-at-17.38.10-1024x682.jpeg\" srcset=\"https:\/\/athleben.org\/athleben\/wp-content\/uploads\/2025\/09\/WhatsApp-Image-2025-09-04-at-17.38.10-1024x682.jpeg 1024w, https:\/\/athleben.org\/athleben\/wp-content\/uploads\/2025\/09\/WhatsApp-Image-2025-09-04-at-17.38.10-300x200.jpeg 300w, https:\/\/athleben.org\/athleben\/wp-content\/uploads\/2025\/09\/WhatsApp-Image-2025-09-04-at-17.38.10-768x512.jpeg 768w, https:\/\/athleben.org\/athleben\/wp-content\/uploads\/2025\/09\/WhatsApp-Image-2025-09-04-at-17.38.10-1536x1024.jpeg 1536w, https:\/\/athleben.org\/athleben\/wp-content\/uploads\/2025\/09\/WhatsApp-Image-2025-09-04-at-17.38.10-2048x1365.jpeg 2048w\" sizes=\"(max-width: 1024px) 100vw, 1024px\" \/><\/figure>\n\n\n\n<figure class=\"wp-block-image size-large\"><img width=\"1024\" height=\"682\" data-id=\"3561\"  alt=\"\" class=\"wp-image-3561 lws-optimize-lazyload\"\/ data-src=\"https:\/\/athleben.org\/athleben\/wp-content\/uploads\/2025\/09\/WhatsApp-Image-2025-09-04-at-17.38.101-1024x682.jpeg\" srcset=\"https:\/\/athleben.org\/athleben\/wp-content\/uploads\/2025\/09\/WhatsApp-Image-2025-09-04-at-17.38.101-1024x682.jpeg 1024w, https:\/\/athleben.org\/athleben\/wp-content\/uploads\/2025\/09\/WhatsApp-Image-2025-09-04-at-17.38.101-300x200.jpeg 300w, https:\/\/athleben.org\/athleben\/wp-content\/uploads\/2025\/09\/WhatsApp-Image-2025-09-04-at-17.38.101-768x512.jpeg 768w, https:\/\/athleben.org\/athleben\/wp-content\/uploads\/2025\/09\/WhatsApp-Image-2025-09-04-at-17.38.101-1536x1024.jpeg 1536w, https:\/\/athleben.org\/athleben\/wp-content\/uploads\/2025\/09\/WhatsApp-Image-2025-09-04-at-17.38.101-2048x1365.jpeg 2048w\" sizes=\"(max-width: 1024px) 100vw, 1024px\" \/><\/figure>\n\n\n\n<figure class=\"wp-block-image size-large\"><img width=\"1024\" height=\"682\" data-id=\"3557\"  alt=\"\" class=\"wp-image-3557 lws-optimize-lazyload\"\/ data-src=\"https:\/\/athleben.org\/athleben\/wp-content\/uploads\/2025\/09\/WhatsApp-Image-2025-09-04-at-17.38.11-1024x682.jpeg\" srcset=\"https:\/\/athleben.org\/athleben\/wp-content\/uploads\/2025\/09\/WhatsApp-Image-2025-09-04-at-17.38.11-1024x682.jpeg 1024w, https:\/\/athleben.org\/athleben\/wp-content\/uploads\/2025\/09\/WhatsApp-Image-2025-09-04-at-17.38.11-300x200.jpeg 300w, https:\/\/athleben.org\/athleben\/wp-content\/uploads\/2025\/09\/WhatsApp-Image-2025-09-04-at-17.38.11-768x512.jpeg 768w, https:\/\/athleben.org\/athleben\/wp-content\/uploads\/2025\/09\/WhatsApp-Image-2025-09-04-at-17.38.11-1536x1024.jpeg 1536w, https:\/\/athleben.org\/athleben\/wp-content\/uploads\/2025\/09\/WhatsApp-Image-2025-09-04-at-17.38.11-2048x1365.jpeg 2048w\" sizes=\"(max-width: 1024px) 100vw, 1024px\" \/><\/figure>\n\n\n\n<figure class=\"wp-block-image size-large\"><img width=\"1024\" height=\"682\" data-id=\"3576\"  alt=\"\" class=\"wp-image-3576 lws-optimize-lazyload\"\/ data-src=\"https:\/\/athleben.org\/athleben\/wp-content\/uploads\/2025\/09\/WhatsApp-Image-2025-09-04-at-17.38.111-1024x682.jpeg\" srcset=\"https:\/\/athleben.org\/athleben\/wp-content\/uploads\/2025\/09\/WhatsApp-Image-2025-09-04-at-17.38.111-1024x682.jpeg 1024w, https:\/\/athleben.org\/athleben\/wp-content\/uploads\/2025\/09\/WhatsApp-Image-2025-09-04-at-17.38.111-300x200.jpeg 300w, https:\/\/athleben.org\/athleben\/wp-content\/uploads\/2025\/09\/WhatsApp-Image-2025-09-04-at-17.38.111-768x512.jpeg 768w, https:\/\/athleben.org\/athleben\/wp-content\/uploads\/2025\/09\/WhatsApp-Image-2025-09-04-at-17.38.111-1536x1024.jpeg 1536w, https:\/\/athleben.org\/athleben\/wp-content\/uploads\/2025\/09\/WhatsApp-Image-2025-09-04-at-17.38.111-2048x1365.jpeg 2048w\" sizes=\"(max-width: 1024px) 100vw, 1024px\" \/><\/figure>\n\n\n\n<figure class=\"wp-block-image size-large\"><img width=\"1024\" height=\"682\" data-id=\"3572\"  alt=\"\" class=\"wp-image-3572 lws-optimize-lazyload\"\/ data-src=\"https:\/\/athleben.org\/athleben\/wp-content\/uploads\/2025\/09\/WhatsApp-Image-2025-09-04-at-17.38.12-1024x682.jpeg\" srcset=\"https:\/\/athleben.org\/athleben\/wp-content\/uploads\/2025\/09\/WhatsApp-Image-2025-09-04-at-17.38.12-1024x682.jpeg 1024w, https:\/\/athleben.org\/athleben\/wp-content\/uploads\/2025\/09\/WhatsApp-Image-2025-09-04-at-17.38.12-300x200.jpeg 300w, https:\/\/athleben.org\/athleben\/wp-content\/uploads\/2025\/09\/WhatsApp-Image-2025-09-04-at-17.38.12-768x512.jpeg 768w, https:\/\/athleben.org\/athleben\/wp-content\/uploads\/2025\/09\/WhatsApp-Image-2025-09-04-at-17.38.12-1536x1024.jpeg 1536w, https:\/\/athleben.org\/athleben\/wp-content\/uploads\/2025\/09\/WhatsApp-Image-2025-09-04-at-17.38.12-2048x1365.jpeg 2048w\" sizes=\"(max-width: 1024px) 100vw, 1024px\" \/><\/figure>\n\n\n\n<figure class=\"wp-block-image size-large\"><img width=\"1024\" height=\"682\" data-id=\"3560\"  alt=\"\" class=\"wp-image-3560 lws-optimize-lazyload\"\/ data-src=\"https:\/\/athleben.org\/athleben\/wp-content\/uploads\/2025\/09\/WhatsApp-Image-2025-09-04-at-17.38.121-1024x682.jpeg\" srcset=\"https:\/\/athleben.org\/athleben\/wp-content\/uploads\/2025\/09\/WhatsApp-Image-2025-09-04-at-17.38.121-1024x682.jpeg 1024w, https:\/\/athleben.org\/athleben\/wp-content\/uploads\/2025\/09\/WhatsApp-Image-2025-09-04-at-17.38.121-300x200.jpeg 300w, https:\/\/athleben.org\/athleben\/wp-content\/uploads\/2025\/09\/WhatsApp-Image-2025-09-04-at-17.38.121-768x512.jpeg 768w, https:\/\/athleben.org\/athleben\/wp-content\/uploads\/2025\/09\/WhatsApp-Image-2025-09-04-at-17.38.121-1536x1024.jpeg 1536w, https:\/\/athleben.org\/athleben\/wp-content\/uploads\/2025\/09\/WhatsApp-Image-2025-09-04-at-17.38.121-2048x1365.jpeg 2048w\" sizes=\"(max-width: 1024px) 100vw, 1024px\" \/><\/figure>\n\n\n\n<figure class=\"wp-block-image size-large\"><img width=\"1024\" height=\"682\" data-id=\"3569\"  alt=\"\" class=\"wp-image-3569 lws-optimize-lazyload\"\/ data-src=\"https:\/\/athleben.org\/athleben\/wp-content\/uploads\/2025\/09\/WhatsApp-Image-2025-09-04-at-17.38.13-1024x682.jpeg\" srcset=\"https:\/\/athleben.org\/athleben\/wp-content\/uploads\/2025\/09\/WhatsApp-Image-2025-09-04-at-17.38.13-1024x682.jpeg 1024w, https:\/\/athleben.org\/athleben\/wp-content\/uploads\/2025\/09\/WhatsApp-Image-2025-09-04-at-17.38.13-300x200.jpeg 300w, https:\/\/athleben.org\/athleben\/wp-content\/uploads\/2025\/09\/WhatsApp-Image-2025-09-04-at-17.38.13-768x512.jpeg 768w, https:\/\/athleben.org\/athleben\/wp-content\/uploads\/2025\/09\/WhatsApp-Image-2025-09-04-at-17.38.13-1536x1024.jpeg 1536w, https:\/\/athleben.org\/athleben\/wp-content\/uploads\/2025\/09\/WhatsApp-Image-2025-09-04-at-17.38.13-2048x1365.jpeg 2048w\" sizes=\"(max-width: 1024px) 100vw, 1024px\" \/><\/figure>\n\n\n\n<figure class=\"wp-block-image size-large\"><img width=\"1024\" height=\"682\" data-id=\"3571\"  alt=\"\" class=\"wp-image-3571 lws-optimize-lazyload\"\/ data-src=\"https:\/\/athleben.org\/athleben\/wp-content\/uploads\/2025\/09\/WhatsApp-Image-2025-09-04-at-17.38.131-1024x682.jpeg\" srcset=\"https:\/\/athleben.org\/athleben\/wp-content\/uploads\/2025\/09\/WhatsApp-Image-2025-09-04-at-17.38.131-1024x682.jpeg 1024w, https:\/\/athleben.org\/athleben\/wp-content\/uploads\/2025\/09\/WhatsApp-Image-2025-09-04-at-17.38.131-300x200.jpeg 300w, https:\/\/athleben.org\/athleben\/wp-content\/uploads\/2025\/09\/WhatsApp-Image-2025-09-04-at-17.38.131-768x512.jpeg 768w, https:\/\/athleben.org\/athleben\/wp-content\/uploads\/2025\/09\/WhatsApp-Image-2025-09-04-at-17.38.131-1536x1024.jpeg 1536w, https:\/\/athleben.org\/athleben\/wp-content\/uploads\/2025\/09\/WhatsApp-Image-2025-09-04-at-17.38.131-2048x1365.jpeg 2048w\" sizes=\"(max-width: 1024px) 100vw, 1024px\" \/><\/figure>\n\n\n\n<figure class=\"wp-block-image size-large\"><img width=\"1024\" height=\"682\" data-id=\"3556\"  alt=\"\" class=\"wp-image-3556 lws-optimize-lazyload\"\/ data-src=\"https:\/\/athleben.org\/athleben\/wp-content\/uploads\/2025\/09\/WhatsApp-Image-2025-09-04-at-17.38.133-1024x682.jpeg\" srcset=\"https:\/\/athleben.org\/athleben\/wp-content\/uploads\/2025\/09\/WhatsApp-Image-2025-09-04-at-17.38.133-1024x682.jpeg 1024w, https:\/\/athleben.org\/athleben\/wp-content\/uploads\/2025\/09\/WhatsApp-Image-2025-09-04-at-17.38.133-300x200.jpeg 300w, https:\/\/athleben.org\/athleben\/wp-content\/uploads\/2025\/09\/WhatsApp-Image-2025-09-04-at-17.38.133-768x512.jpeg 768w, https:\/\/athleben.org\/athleben\/wp-content\/uploads\/2025\/09\/WhatsApp-Image-2025-09-04-at-17.38.133-1536x1024.jpeg 1536w, https:\/\/athleben.org\/athleben\/wp-content\/uploads\/2025\/09\/WhatsApp-Image-2025-09-04-at-17.38.133-2048x1365.jpeg 2048w\" sizes=\"(max-width: 1024px) 100vw, 1024px\" \/><\/figure>\n\n\n\n<figure class=\"wp-block-image size-large\"><img width=\"1024\" height=\"682\" data-id=\"3564\"  alt=\"\" class=\"wp-image-3564 lws-optimize-lazyload\"\/ data-src=\"https:\/\/athleben.org\/athleben\/wp-content\/uploads\/2025\/09\/WhatsApp-Image-2025-09-04-at-17.38.14-1024x682.jpeg\" srcset=\"https:\/\/athleben.org\/athleben\/wp-content\/uploads\/2025\/09\/WhatsApp-Image-2025-09-04-at-17.38.14-1024x682.jpeg 1024w, https:\/\/athleben.org\/athleben\/wp-content\/uploads\/2025\/09\/WhatsApp-Image-2025-09-04-at-17.38.14-300x200.jpeg 300w, https:\/\/athleben.org\/athleben\/wp-content\/uploads\/2025\/09\/WhatsApp-Image-2025-09-04-at-17.38.14-768x512.jpeg 768w, https:\/\/athleben.org\/athleben\/wp-content\/uploads\/2025\/09\/WhatsApp-Image-2025-09-04-at-17.38.14-1536x1024.jpeg 1536w, https:\/\/athleben.org\/athleben\/wp-content\/uploads\/2025\/09\/WhatsApp-Image-2025-09-04-at-17.38.14-2048x1365.jpeg 2048w\" sizes=\"(max-width: 1024px) 100vw, 1024px\" \/><\/figure>\n\n\n\n<figure class=\"wp-block-image size-large\"><img width=\"1024\" height=\"682\" data-id=\"3566\"  alt=\"\" class=\"wp-image-3566 lws-optimize-lazyload\"\/ data-src=\"https:\/\/athleben.org\/athleben\/wp-content\/uploads\/2025\/09\/WhatsApp-Image-2025-09-04-at-17.38.141-1024x682.jpeg\" srcset=\"https:\/\/athleben.org\/athleben\/wp-content\/uploads\/2025\/09\/WhatsApp-Image-2025-09-04-at-17.38.141-1024x682.jpeg 1024w, https:\/\/athleben.org\/athleben\/wp-content\/uploads\/2025\/09\/WhatsApp-Image-2025-09-04-at-17.38.141-300x200.jpeg 300w, https:\/\/athleben.org\/athleben\/wp-content\/uploads\/2025\/09\/WhatsApp-Image-2025-09-04-at-17.38.141-768x512.jpeg 768w, https:\/\/athleben.org\/athleben\/wp-content\/uploads\/2025\/09\/WhatsApp-Image-2025-09-04-at-17.38.141-1536x1024.jpeg 1536w, https:\/\/athleben.org\/athleben\/wp-content\/uploads\/2025\/09\/WhatsApp-Image-2025-09-04-at-17.38.141-2048x1365.jpeg 2048w\" sizes=\"(max-width: 1024px) 100vw, 1024px\" \/><\/figure>\n\n\n\n<figure class=\"wp-block-image size-large\"><img width=\"1024\" height=\"682\" data-id=\"3573\"  alt=\"\" class=\"wp-image-3573 lws-optimize-lazyload\"\/ data-src=\"https:\/\/athleben.org\/athleben\/wp-content\/uploads\/2025\/09\/WhatsApp-Image-2025-09-04-at-17.38.15-1024x682.jpeg\" srcset=\"https:\/\/athleben.org\/athleben\/wp-content\/uploads\/2025\/09\/WhatsApp-Image-2025-09-04-at-17.38.15-1024x682.jpeg 1024w, https:\/\/athleben.org\/athleben\/wp-content\/uploads\/2025\/09\/WhatsApp-Image-2025-09-04-at-17.38.15-300x200.jpeg 300w, https:\/\/athleben.org\/athleben\/wp-content\/uploads\/2025\/09\/WhatsApp-Image-2025-09-04-at-17.38.15-768x512.jpeg 768w, https:\/\/athleben.org\/athleben\/wp-content\/uploads\/2025\/09\/WhatsApp-Image-2025-09-04-at-17.38.15-1536x1024.jpeg 1536w, https:\/\/athleben.org\/athleben\/wp-content\/uploads\/2025\/09\/WhatsApp-Image-2025-09-04-at-17.38.15-2048x1365.jpeg 2048w\" sizes=\"(max-width: 1024px) 100vw, 1024px\" \/><\/figure>\n\n\n\n<figure class=\"wp-block-image size-large\"><img width=\"1024\" height=\"682\" data-id=\"3579\"  alt=\"\" class=\"wp-image-3579 lws-optimize-lazyload\"\/ data-src=\"https:\/\/athleben.org\/athleben\/wp-content\/uploads\/2025\/09\/WhatsApp-Image-2025-09-04-at-17.38.151-1024x682.jpeg\" srcset=\"https:\/\/athleben.org\/athleben\/wp-content\/uploads\/2025\/09\/WhatsApp-Image-2025-09-04-at-17.38.151-1024x682.jpeg 1024w, https:\/\/athleben.org\/athleben\/wp-content\/uploads\/2025\/09\/WhatsApp-Image-2025-09-04-at-17.38.151-300x200.jpeg 300w, https:\/\/athleben.org\/athleben\/wp-content\/uploads\/2025\/09\/WhatsApp-Image-2025-09-04-at-17.38.151-768x512.jpeg 768w, https:\/\/athleben.org\/athleben\/wp-content\/uploads\/2025\/09\/WhatsApp-Image-2025-09-04-at-17.38.151-1536x1024.jpeg 1536w, https:\/\/athleben.org\/athleben\/wp-content\/uploads\/2025\/09\/WhatsApp-Image-2025-09-04-at-17.38.151-2048x1365.jpeg 2048w\" sizes=\"(max-width: 1024px) 100vw, 1024px\" \/><\/figure>\n\n\n\n<figure class=\"wp-block-image size-large\"><img width=\"1024\" height=\"682\" data-id=\"3568\"  alt=\"\" class=\"wp-image-3568 lws-optimize-lazyload\"\/ data-src=\"https:\/\/athleben.org\/athleben\/wp-content\/uploads\/2025\/09\/WhatsApp-Image-2025-09-04-at-17.38.16-1024x682.jpeg\" srcset=\"https:\/\/athleben.org\/athleben\/wp-content\/uploads\/2025\/09\/WhatsApp-Image-2025-09-04-at-17.38.16-1024x682.jpeg 1024w, https:\/\/athleben.org\/athleben\/wp-content\/uploads\/2025\/09\/WhatsApp-Image-2025-09-04-at-17.38.16-300x200.jpeg 300w, https:\/\/athleben.org\/athleben\/wp-content\/uploads\/2025\/09\/WhatsApp-Image-2025-09-04-at-17.38.16-768x512.jpeg 768w, https:\/\/athleben.org\/athleben\/wp-content\/uploads\/2025\/09\/WhatsApp-Image-2025-09-04-at-17.38.16-1536x1024.jpeg 1536w, https:\/\/athleben.org\/athleben\/wp-content\/uploads\/2025\/09\/WhatsApp-Image-2025-09-04-at-17.38.16-2048x1365.jpeg 2048w\" sizes=\"(max-width: 1024px) 100vw, 1024px\" \/><\/figure>\n\n\n\n<figure class=\"wp-block-image size-large\"><img width=\"1024\" height=\"682\" data-id=\"3567\"  alt=\"\" class=\"wp-image-3567 lws-optimize-lazyload\"\/ data-src=\"https:\/\/athleben.org\/athleben\/wp-content\/uploads\/2025\/09\/WhatsApp-Image-2025-09-04-at-17.38.161-1024x682.jpeg\" srcset=\"https:\/\/athleben.org\/athleben\/wp-content\/uploads\/2025\/09\/WhatsApp-Image-2025-09-04-at-17.38.161-1024x682.jpeg 1024w, https:\/\/athleben.org\/athleben\/wp-content\/uploads\/2025\/09\/WhatsApp-Image-2025-09-04-at-17.38.161-300x200.jpeg 300w, https:\/\/athleben.org\/athleben\/wp-content\/uploads\/2025\/09\/WhatsApp-Image-2025-09-04-at-17.38.161-768x512.jpeg 768w, https:\/\/athleben.org\/athleben\/wp-content\/uploads\/2025\/09\/WhatsApp-Image-2025-09-04-at-17.38.161-1536x1024.jpeg 1536w, https:\/\/athleben.org\/athleben\/wp-content\/uploads\/2025\/09\/WhatsApp-Image-2025-09-04-at-17.38.161-2048x1365.jpeg 2048w\" sizes=\"(max-width: 1024px) 100vw, 1024px\" \/><\/figure>\n\n\n\n<figure class=\"wp-block-image size-large\"><img width=\"1024\" height=\"682\" data-id=\"3558\"  alt=\"\" class=\"wp-image-3558 lws-optimize-lazyload\"\/ data-src=\"https:\/\/athleben.org\/athleben\/wp-content\/uploads\/2025\/09\/WhatsApp-Image-2025-09-04-at-17.38.17-1024x682.jpeg\" srcset=\"https:\/\/athleben.org\/athleben\/wp-content\/uploads\/2025\/09\/WhatsApp-Image-2025-09-04-at-17.38.17-1024x682.jpeg 1024w, https:\/\/athleben.org\/athleben\/wp-content\/uploads\/2025\/09\/WhatsApp-Image-2025-09-04-at-17.38.17-300x200.jpeg 300w, https:\/\/athleben.org\/athleben\/wp-content\/uploads\/2025\/09\/WhatsApp-Image-2025-09-04-at-17.38.17-768x512.jpeg 768w, https:\/\/athleben.org\/athleben\/wp-content\/uploads\/2025\/09\/WhatsApp-Image-2025-09-04-at-17.38.17-1536x1024.jpeg 1536w, https:\/\/athleben.org\/athleben\/wp-content\/uploads\/2025\/09\/WhatsApp-Image-2025-09-04-at-17.38.17-2048x1365.jpeg 2048w\" sizes=\"(max-width: 1024px) 100vw, 1024px\" \/><\/figure>\n\n\n\n<figure class=\"wp-block-image size-large\"><img width=\"1024\" height=\"682\" data-id=\"3575\"  alt=\"\" class=\"wp-image-3575 lws-optimize-lazyload\"\/ data-src=\"https:\/\/athleben.org\/athleben\/wp-content\/uploads\/2025\/09\/WhatsApp-Image-2025-09-04-at-17.38.171-1024x682.jpeg\" srcset=\"https:\/\/athleben.org\/athleben\/wp-content\/uploads\/2025\/09\/WhatsApp-Image-2025-09-04-at-17.38.171-1024x682.jpeg 1024w, https:\/\/athleben.org\/athleben\/wp-content\/uploads\/2025\/09\/WhatsApp-Image-2025-09-04-at-17.38.171-300x200.jpeg 300w, https:\/\/athleben.org\/athleben\/wp-content\/uploads\/2025\/09\/WhatsApp-Image-2025-09-04-at-17.38.171-768x512.jpeg 768w, https:\/\/athleben.org\/athleben\/wp-content\/uploads\/2025\/09\/WhatsApp-Image-2025-09-04-at-17.38.171-1536x1024.jpeg 1536w, https:\/\/athleben.org\/athleben\/wp-content\/uploads\/2025\/09\/WhatsApp-Image-2025-09-04-at-17.38.171-2048x1365.jpeg 2048w\" sizes=\"(max-width: 1024px) 100vw, 1024px\" \/><\/figure>\n\n\n\n<figure class=\"wp-block-image size-large\"><img width=\"1024\" height=\"682\" data-id=\"3562\"  alt=\"\" class=\"wp-image-3562 lws-optimize-lazyload\"\/ data-src=\"https:\/\/athleben.org\/athleben\/wp-content\/uploads\/2025\/09\/WhatsApp-Image-2025-09-04-at-17.38.18-1024x682.jpeg\" srcset=\"https:\/\/athleben.org\/athleben\/wp-content\/uploads\/2025\/09\/WhatsApp-Image-2025-09-04-at-17.38.18-1024x682.jpeg 1024w, https:\/\/athleben.org\/athleben\/wp-content\/uploads\/2025\/09\/WhatsApp-Image-2025-09-04-at-17.38.18-300x200.jpeg 300w, https:\/\/athleben.org\/athleben\/wp-content\/uploads\/2025\/09\/WhatsApp-Image-2025-09-04-at-17.38.18-768x512.jpeg 768w, https:\/\/athleben.org\/athleben\/wp-content\/uploads\/2025\/09\/WhatsApp-Image-2025-09-04-at-17.38.18-1536x1024.jpeg 1536w, https:\/\/athleben.org\/athleben\/wp-content\/uploads\/2025\/09\/WhatsApp-Image-2025-09-04-at-17.38.18-2048x1365.jpeg 2048w\" sizes=\"(max-width: 1024px) 100vw, 1024px\" \/><\/figure>\n\n\n\n<figure class=\"wp-block-image size-large\"><img width=\"1024\" height=\"682\" data-id=\"3577\"  alt=\"\" class=\"wp-image-3577 lws-optimize-lazyload\"\/ data-src=\"https:\/\/athleben.org\/athleben\/wp-content\/uploads\/2025\/09\/WhatsApp-Image-2025-09-04-at-17.38.181-1024x682.jpeg\" srcset=\"https:\/\/athleben.org\/athleben\/wp-content\/uploads\/2025\/09\/WhatsApp-Image-2025-09-04-at-17.38.181-1024x682.jpeg 1024w, https:\/\/athleben.org\/athleben\/wp-content\/uploads\/2025\/09\/WhatsApp-Image-2025-09-04-at-17.38.181-300x200.jpeg 300w, https:\/\/athleben.org\/athleben\/wp-content\/uploads\/2025\/09\/WhatsApp-Image-2025-09-04-at-17.38.181-768x512.jpeg 768w, https:\/\/athleben.org\/athleben\/wp-content\/uploads\/2025\/09\/WhatsApp-Image-2025-09-04-at-17.38.181-1536x1024.jpeg 1536w, https:\/\/athleben.org\/athleben\/wp-content\/uploads\/2025\/09\/WhatsApp-Image-2025-09-04-at-17.38.181-2048x1365.jpeg 2048w\" sizes=\"(max-width: 1024px) 100vw, 1024px\" \/><\/figure>\n\n\n\n<figure class=\"wp-block-image size-large\"><img width=\"1024\" height=\"682\" data-id=\"3565\"  alt=\"\" class=\"wp-image-3565 lws-optimize-lazyload\"\/ data-src=\"https:\/\/athleben.org\/athleben\/wp-content\/uploads\/2025\/09\/WhatsApp-Image-2025-09-04-at-17.38.19-1024x682.jpeg\" srcset=\"https:\/\/athleben.org\/athleben\/wp-content\/uploads\/2025\/09\/WhatsApp-Image-2025-09-04-at-17.38.19-1024x682.jpeg 1024w, https:\/\/athleben.org\/athleben\/wp-content\/uploads\/2025\/09\/WhatsApp-Image-2025-09-04-at-17.38.19-300x200.jpeg 300w, https:\/\/athleben.org\/athleben\/wp-content\/uploads\/2025\/09\/WhatsApp-Image-2025-09-04-at-17.38.19-768x512.jpeg 768w, https:\/\/athleben.org\/athleben\/wp-content\/uploads\/2025\/09\/WhatsApp-Image-2025-09-04-at-17.38.19-1536x1024.jpeg 1536w, https:\/\/athleben.org\/athleben\/wp-content\/uploads\/2025\/09\/WhatsApp-Image-2025-09-04-at-17.38.19-2048x1365.jpeg 2048w\" sizes=\"(max-width: 1024px) 100vw, 1024px\" \/><\/figure>\n<\/figure>\n","protected":false},"excerpt":{"rendered":"<p>La formation des entra\u00eeneurs d\u2019athl\u00e9tisme Niveau I s\u2019est achev\u00e9e ce jour au Stade Goho d\u2019Abomey. Les 24 participants, venus des 12 d\u00e9partements du B\u00e9nin (deux [&hellip;]<\/p>\n","protected":false},"author":2,"featured_media":3560,"comment_status":"open","ping_status":"closed","sticky":false,"template":"","format":"standard","meta":{"footnotes":""},"categories":[22],"tags":[],"class_list":["post-3555","post","type-post","status-publish","format-standard","has-post-thumbnail","hentry","category-athle"],"yoast_head":"<!-- This site is optimized with the Yoast SEO plugin v27.1.1 - https:\/\/yoast.com\/product\/yoast-seo-wordpress\/ -->\n<title>Fin de la formation des entra\u00eeneurs d\u2019athl\u00e9tisme \u2013 Niveau I - F\u00e9d\u00e9ration B\u00e9ninoise d&#039;Athl\u00e9tisme<\/title>\n<meta name=\"robots\" content=\"index, follow, max-snippet:-1, max-image-preview:large, max-video-preview:-1\" \/>\n<link rel=\"canonical\" href=\"https:\/\/athleben.org\/athleben\/fin-de-la-formation-des-entraineurs-dathletisme-niveau-i\/\" \/>\n<meta property=\"og:locale\" content=\"fr_FR\" \/>\n<meta property=\"og:type\" content=\"article\" \/>\n<meta property=\"og:title\" content=\"Fin de la formation des entra\u00eeneurs d\u2019athl\u00e9tisme \u2013 Niveau I - F\u00e9d\u00e9ration B\u00e9ninoise d&#039;Athl\u00e9tisme\" \/>\n<meta property=\"og:description\" content=\"La formation des entra\u00eeneurs d\u2019athl\u00e9tisme Niveau I s\u2019est achev\u00e9e ce jour au Stade Goho d\u2019Abomey. Les 24 participants, venus des 12 d\u00e9partements du B\u00e9nin (deux [&hellip;]\" \/>\n<meta property=\"og:url\" content=\"https:\/\/athleben.org\/athleben\/fin-de-la-formation-des-entraineurs-dathletisme-niveau-i\/\" \/>\n<meta property=\"og:site_name\" content=\"F\u00e9d\u00e9ration B\u00e9ninoise d&#039;Athl\u00e9tisme\" \/>\n<meta property=\"article:publisher\" content=\"https:\/\/web.facebook.com\/FederationBeninoiseAthletisme\" \/>\n<meta property=\"article:published_time\" content=\"2025-09-05T10:24:18+00:00\" \/>\n<meta property=\"og:image\" content=\"https:\/\/athleben.org\/athleben\/wp-content\/uploads\/2025\/09\/WhatsApp-Image-2025-09-04-at-17.38.121.jpeg\" \/>\n\t<meta property=\"og:image:width\" content=\"2560\" \/>\n\t<meta property=\"og:image:height\" content=\"1706\" \/>\n\t<meta property=\"og:image:type\" content=\"image\/jpeg\" \/>\n<meta name=\"author\" content=\"R\u00e9daction\" \/>\n<meta name=\"twitter:card\" content=\"summary_large_image\" \/>\n<meta name=\"twitter:creator\" content=\"@BeninoiseD\" \/>\n<meta name=\"twitter:site\" content=\"@BeninoiseD\" \/>\n<meta name=\"twitter:label1\" content=\"\u00c9crit par\" \/>\n\t<meta name=\"twitter:data1\" content=\"R\u00e9daction\" \/>\n\t<meta name=\"twitter:label2\" content=\"Dur\u00e9e de lecture estim\u00e9e\" \/>\n\t<meta name=\"twitter:data2\" content=\"2 minutes\" \/>\n<script type=\"application\/ld+json\" class=\"yoast-schema-graph\">{\"@context\":\"https:\/\/schema.org\",\"@graph\":[{\"@type\":\"Article\",\"@id\":\"https:\/\/athleben.org\/athleben\/fin-de-la-formation-des-entraineurs-dathletisme-niveau-i\/#article\",\"isPartOf\":{\"@id\":\"https:\/\/athleben.org\/athleben\/fin-de-la-formation-des-entraineurs-dathletisme-niveau-i\/\"},\"author\":{\"name\":\"R\u00e9daction\",\"@id\":\"https:\/\/athleben.org\/athleben\/#\/schema\/person\/8e674441e65cf8d584b9dd06d96e68c5\"},\"headline\":\"Fin de la formation des entra\u00eeneurs d\u2019athl\u00e9tisme \u2013 Niveau I\",\"datePublished\":\"2025-09-05T10:24:18+00:00\",\"mainEntityOfPage\":{\"@id\":\"https:\/\/athleben.org\/athleben\/fin-de-la-formation-des-entraineurs-dathletisme-niveau-i\/\"},\"wordCount\":335,\"commentCount\":0,\"publisher\":{\"@id\":\"https:\/\/athleben.org\/athleben\/#organization\"},\"image\":{\"@id\":\"https:\/\/athleben.org\/athleben\/fin-de-la-formation-des-entraineurs-dathletisme-niveau-i\/#primaryimage\"},\"thumbnailUrl\":\"https:\/\/athleben.org\/athleben\/wp-content\/uploads\/2025\/09\/WhatsApp-Image-2025-09-04-at-17.38.121.jpeg\",\"articleSection\":[\"Athl\u00e9tisme\"],\"inLanguage\":\"fr-FR\",\"potentialAction\":[{\"@type\":\"CommentAction\",\"name\":\"Comment\",\"target\":[\"https:\/\/athleben.org\/athleben\/fin-de-la-formation-des-entraineurs-dathletisme-niveau-i\/#respond\"]}]},{\"@type\":\"WebPage\",\"@id\":\"https:\/\/athleben.org\/athleben\/fin-de-la-formation-des-entraineurs-dathletisme-niveau-i\/\",\"url\":\"https:\/\/athleben.org\/athleben\/fin-de-la-formation-des-entraineurs-dathletisme-niveau-i\/\",\"name\":\"Fin de la formation des entra\u00eeneurs d\u2019athl\u00e9tisme \u2013 Niveau I - F\u00e9d\u00e9ration B\u00e9ninoise d&#039;Athl\u00e9tisme\",\"isPartOf\":{\"@id\":\"https:\/\/athleben.org\/athleben\/#website\"},\"primaryImageOfPage\":{\"@id\":\"https:\/\/athleben.org\/athleben\/fin-de-la-formation-des-entraineurs-dathletisme-niveau-i\/#primaryimage\"},\"image\":{\"@id\":\"https:\/\/athleben.org\/athleben\/fin-de-la-formation-des-entraineurs-dathletisme-niveau-i\/#primaryimage\"},\"thumbnailUrl\":\"https:\/\/athleben.org\/athleben\/wp-content\/uploads\/2025\/09\/WhatsApp-Image-2025-09-04-at-17.38.121.jpeg\",\"datePublished\":\"2025-09-05T10:24:18+00:00\",\"breadcrumb\":{\"@id\":\"https:\/\/athleben.org\/athleben\/fin-de-la-formation-des-entraineurs-dathletisme-niveau-i\/#breadcrumb\"},\"inLanguage\":\"fr-FR\",\"potentialAction\":[{\"@type\":\"ReadAction\",\"target\":[\"https:\/\/athleben.org\/athleben\/fin-de-la-formation-des-entraineurs-dathletisme-niveau-i\/\"]}]},{\"@type\":\"ImageObject\",\"inLanguage\":\"fr-FR\",\"@id\":\"https:\/\/athleben.org\/athleben\/fin-de-la-formation-des-entraineurs-dathletisme-niveau-i\/#primaryimage\",\"url\":\"https:\/\/athleben.org\/athleben\/wp-content\/uploads\/2025\/09\/WhatsApp-Image-2025-09-04-at-17.38.121.jpeg\",\"contentUrl\":\"https:\/\/athleben.org\/athleben\/wp-content\/uploads\/2025\/09\/WhatsApp-Image-2025-09-04-at-17.38.121.jpeg\",\"width\":2560,\"height\":1706},{\"@type\":\"BreadcrumbList\",\"@id\":\"https:\/\/athleben.org\/athleben\/fin-de-la-formation-des-entraineurs-dathletisme-niveau-i\/#breadcrumb\",\"itemListElement\":[{\"@type\":\"ListItem\",\"position\":1,\"name\":\"Accueil\",\"item\":\"https:\/\/athleben.org\/athleben\/\"},{\"@type\":\"ListItem\",\"position\":2,\"name\":\"Fin de la formation des entra\u00eeneurs d\u2019athl\u00e9tisme \u2013 Niveau I\"}]},{\"@type\":\"WebSite\",\"@id\":\"https:\/\/athleben.org\/athleben\/#website\",\"url\":\"https:\/\/athleben.org\/athleben\/\",\"name\":\"F\u00e9d\u00e9ration B\u00e9ninoise d'Athl\u00e9tisme\",\"description\":\"Athl\u00e9tisme, ma fiert\u00e9, je m&#039;engage.\",\"publisher\":{\"@id\":\"https:\/\/athleben.org\/athleben\/#organization\"},\"potentialAction\":[{\"@type\":\"SearchAction\",\"target\":{\"@type\":\"EntryPoint\",\"urlTemplate\":\"https:\/\/athleben.org\/athleben\/?s={search_term_string}\"},\"query-input\":{\"@type\":\"PropertyValueSpecification\",\"valueRequired\":true,\"valueName\":\"search_term_string\"}}],\"inLanguage\":\"fr-FR\"},{\"@type\":\"Organization\",\"@id\":\"https:\/\/athleben.org\/athleben\/#organization\",\"name\":\"F\u00e9d\u00e9ration B\u00e9ninoise d'Athl\u00e9tisme\",\"url\":\"https:\/\/athleben.org\/athleben\/\",\"logo\":{\"@type\":\"ImageObject\",\"inLanguage\":\"fr-FR\",\"@id\":\"https:\/\/athleben.org\/athleben\/#\/schema\/logo\/image\/\",\"url\":\"https:\/\/athleben.org\/athleben\/wp-content\/uploads\/2024\/01\/logo-fba-new.png\",\"contentUrl\":\"https:\/\/athleben.org\/athleben\/wp-content\/uploads\/2024\/01\/logo-fba-new.png\",\"width\":162,\"height\":169,\"caption\":\"F\u00e9d\u00e9ration B\u00e9ninoise d'Athl\u00e9tisme\"},\"image\":{\"@id\":\"https:\/\/athleben.org\/athleben\/#\/schema\/logo\/image\/\"},\"sameAs\":[\"https:\/\/web.facebook.com\/FederationBeninoiseAthletisme\",\"https:\/\/x.com\/BeninoiseD\",\"https:\/\/www.instagram.com\/fbathle\"]},{\"@type\":\"Person\",\"@id\":\"https:\/\/athleben.org\/athleben\/#\/schema\/person\/8e674441e65cf8d584b9dd06d96e68c5\",\"name\":\"R\u00e9daction\",\"image\":{\"@type\":\"ImageObject\",\"inLanguage\":\"fr-FR\",\"@id\":\"https:\/\/athleben.org\/athleben\/#\/schema\/person\/image\/\",\"url\":\"https:\/\/secure.gravatar.com\/avatar\/bb62d62970513855ce068679bf0975b0d5aff01ca9d25756de5d17f8d51767b9?s=96&d=mm&r=g\",\"contentUrl\":\"https:\/\/secure.gravatar.com\/avatar\/bb62d62970513855ce068679bf0975b0d5aff01ca9d25756de5d17f8d51767b9?s=96&d=mm&r=g\",\"caption\":\"R\u00e9daction\"},\"url\":\"https:\/\/athleben.org\/athleben\/author\/achille\/\"}]}<\/script>\n<!-- \/ Yoast SEO plugin. -->","yoast_head_json":{"title":"Fin de la formation des entra\u00eeneurs d\u2019athl\u00e9tisme \u2013 Niveau I - F\u00e9d\u00e9ration B\u00e9ninoise d&#039;Athl\u00e9tisme","robots":{"index":"index","follow":"follow","max-snippet":"max-snippet:-1","max-image-preview":"max-image-preview:large","max-video-preview":"max-video-preview:-1"},"canonical":"https:\/\/athleben.org\/athleben\/fin-de-la-formation-des-entraineurs-dathletisme-niveau-i\/","og_locale":"fr_FR","og_type":"article","og_title":"Fin de la formation des entra\u00eeneurs d\u2019athl\u00e9tisme \u2013 Niveau I - F\u00e9d\u00e9ration B\u00e9ninoise d&#039;Athl\u00e9tisme","og_description":"La formation des entra\u00eeneurs d\u2019athl\u00e9tisme Niveau I s\u2019est achev\u00e9e ce jour au Stade Goho d\u2019Abomey. Les 24 participants, venus des 12 d\u00e9partements du B\u00e9nin (deux [&hellip;]","og_url":"https:\/\/athleben.org\/athleben\/fin-de-la-formation-des-entraineurs-dathletisme-niveau-i\/","og_site_name":"F\u00e9d\u00e9ration B\u00e9ninoise d&#039;Athl\u00e9tisme","article_publisher":"https:\/\/web.facebook.com\/FederationBeninoiseAthletisme","article_published_time":"2025-09-05T10:24:18+00:00","og_image":[{"width":2560,"height":1706,"url":"https:\/\/athleben.org\/athleben\/wp-content\/uploads\/2025\/09\/WhatsApp-Image-2025-09-04-at-17.38.121.jpeg","type":"image\/jpeg"}],"author":"R\u00e9daction","twitter_card":"summary_large_image","twitter_creator":"@BeninoiseD","twitter_site":"@BeninoiseD","twitter_misc":{"\u00c9crit par":"R\u00e9daction","Dur\u00e9e de lecture estim\u00e9e":"2 minutes"},"schema":{"@context":"https:\/\/schema.org","@graph":[{"@type":"Article","@id":"https:\/\/athleben.org\/athleben\/fin-de-la-formation-des-entraineurs-dathletisme-niveau-i\/#article","isPartOf":{"@id":"https:\/\/athleben.org\/athleben\/fin-de-la-formation-des-entraineurs-dathletisme-niveau-i\/"},"author":{"name":"R\u00e9daction","@id":"https:\/\/athleben.org\/athleben\/#\/schema\/person\/8e674441e65cf8d584b9dd06d96e68c5"},"headline":"Fin de la formation des entra\u00eeneurs d\u2019athl\u00e9tisme \u2013 Niveau I","datePublished":"2025-09-05T10:24:18+00:00","mainEntityOfPage":{"@id":"https:\/\/athleben.org\/athleben\/fin-de-la-formation-des-entraineurs-dathletisme-niveau-i\/"},"wordCount":335,"commentCount":0,"publisher":{"@id":"https:\/\/athleben.org\/athleben\/#organization"},"image":{"@id":"https:\/\/athleben.org\/athleben\/fin-de-la-formation-des-entraineurs-dathletisme-niveau-i\/#primaryimage"},"thumbnailUrl":"https:\/\/athleben.org\/athleben\/wp-content\/uploads\/2025\/09\/WhatsApp-Image-2025-09-04-at-17.38.121.jpeg","articleSection":["Athl\u00e9tisme"],"inLanguage":"fr-FR","potentialAction":[{"@type":"CommentAction","name":"Comment","target":["https:\/\/athleben.org\/athleben\/fin-de-la-formation-des-entraineurs-dathletisme-niveau-i\/#respond"]}]},{"@type":"WebPage","@id":"https:\/\/athleben.org\/athleben\/fin-de-la-formation-des-entraineurs-dathletisme-niveau-i\/","url":"https:\/\/athleben.org\/athleben\/fin-de-la-formation-des-entraineurs-dathletisme-niveau-i\/","name":"Fin de la formation des entra\u00eeneurs d\u2019athl\u00e9tisme \u2013 Niveau I - F\u00e9d\u00e9ration B\u00e9ninoise d&#039;Athl\u00e9tisme","isPartOf":{"@id":"https:\/\/athleben.org\/athleben\/#website"},"primaryImageOfPage":{"@id":"https:\/\/athleben.org\/athleben\/fin-de-la-formation-des-entraineurs-dathletisme-niveau-i\/#primaryimage"},"image":{"@id":"https:\/\/athleben.org\/athleben\/fin-de-la-formation-des-entraineurs-dathletisme-niveau-i\/#primaryimage"},"thumbnailUrl":"https:\/\/athleben.org\/athleben\/wp-content\/uploads\/2025\/09\/WhatsApp-Image-2025-09-04-at-17.38.121.jpeg","datePublished":"2025-09-05T10:24:18+00:00","breadcrumb":{"@id":"https:\/\/athleben.org\/athleben\/fin-de-la-formation-des-entraineurs-dathletisme-niveau-i\/#breadcrumb"},"inLanguage":"fr-FR","potentialAction":[{"@type":"ReadAction","target":["https:\/\/athleben.org\/athleben\/fin-de-la-formation-des-entraineurs-dathletisme-niveau-i\/"]}]},{"@type":"ImageObject","inLanguage":"fr-FR","@id":"https:\/\/athleben.org\/athleben\/fin-de-la-formation-des-entraineurs-dathletisme-niveau-i\/#primaryimage","url":"https:\/\/athleben.org\/athleben\/wp-content\/uploads\/2025\/09\/WhatsApp-Image-2025-09-04-at-17.38.121.jpeg","contentUrl":"https:\/\/athleben.org\/athleben\/wp-content\/uploads\/2025\/09\/WhatsApp-Image-2025-09-04-at-17.38.121.jpeg","width":2560,"height":1706},{"@type":"BreadcrumbList","@id":"https:\/\/athleben.org\/athleben\/fin-de-la-formation-des-entraineurs-dathletisme-niveau-i\/#breadcrumb","itemListElement":[{"@type":"ListItem","position":1,"name":"Accueil","item":"https:\/\/athleben.org\/athleben\/"},{"@type":"ListItem","position":2,"name":"Fin de la formation des entra\u00eeneurs d\u2019athl\u00e9tisme \u2013 Niveau I"}]},{"@type":"WebSite","@id":"https:\/\/athleben.org\/athleben\/#website","url":"https:\/\/athleben.org\/athleben\/","name":"F\u00e9d\u00e9ration B\u00e9ninoise d'Athl\u00e9tisme","description":"Athl\u00e9tisme, ma fiert\u00e9, je m&#039;engage.","publisher":{"@id":"https:\/\/athleben.org\/athleben\/#organization"},"potentialAction":[{"@type":"SearchAction","target":{"@type":"EntryPoint","urlTemplate":"https:\/\/athleben.org\/athleben\/?s={search_term_string}"},"query-input":{"@type":"PropertyValueSpecification","valueRequired":true,"valueName":"search_term_string"}}],"inLanguage":"fr-FR"},{"@type":"Organization","@id":"https:\/\/athleben.org\/athleben\/#organization","name":"F\u00e9d\u00e9ration B\u00e9ninoise d'Athl\u00e9tisme","url":"https:\/\/athleben.org\/athleben\/","logo":{"@type":"ImageObject","inLanguage":"fr-FR","@id":"https:\/\/athleben.org\/athleben\/#\/schema\/logo\/image\/","url":"https:\/\/athleben.org\/athleben\/wp-content\/uploads\/2024\/01\/logo-fba-new.png","contentUrl":"https:\/\/athleben.org\/athleben\/wp-content\/uploads\/2024\/01\/logo-fba-new.png","width":162,"height":169,"caption":"F\u00e9d\u00e9ration B\u00e9ninoise d'Athl\u00e9tisme"},"image":{"@id":"https:\/\/athleben.org\/athleben\/#\/schema\/logo\/image\/"},"sameAs":["https:\/\/web.facebook.com\/FederationBeninoiseAthletisme","https:\/\/x.com\/BeninoiseD","https:\/\/www.instagram.com\/fbathle"]},{"@type":"Person","@id":"https:\/\/athleben.org\/athleben\/#\/schema\/person\/8e674441e65cf8d584b9dd06d96e68c5","name":"R\u00e9daction","image":{"@type":"ImageObject","inLanguage":"fr-FR","@id":"https:\/\/athleben.org\/athleben\/#\/schema\/person\/image\/","url":"https:\/\/secure.gravatar.com\/avatar\/bb62d62970513855ce068679bf0975b0d5aff01ca9d25756de5d17f8d51767b9?s=96&d=mm&r=g","contentUrl":"https:\/\/secure.gravatar.com\/avatar\/bb62d62970513855ce068679bf0975b0d5aff01ca9d25756de5d17f8d51767b9?s=96&d=mm&r=g","caption":"R\u00e9daction"},"url":"https:\/\/athleben.org\/athleben\/author\/achille\/"}]}},"_links":{"self":[{"href":"https:\/\/athleben.org\/athleben\/wp-json\/wp\/v2\/posts\/3555","targetHints":{"allow":["GET"]}}],"collection":[{"href":"https:\/\/athleben.org\/athleben\/wp-json\/wp\/v2\/posts"}],"about":[{"href":"https:\/\/athleben.org\/athleben\/wp-json\/wp\/v2\/types\/post"}],"author":[{"embeddable":true,"href":"https:\/\/athleben.org\/athleben\/wp-json\/wp\/v2\/users\/2"}],"replies":[{"embeddable":true,"href":"https:\/\/athleben.org\/athleben\/wp-json\/wp\/v2\/comments?post=3555"}],"version-history":[{"count":1,"href":"https:\/\/athleben.org\/athleben\/wp-json\/wp\/v2\/posts\/3555\/revisions"}],"predecessor-version":[{"id":3580,"href":"https:\/\/athleben.org\/athleben\/wp-json\/wp\/v2\/posts\/3555\/revisions\/3580"}],"wp:featuredmedia":[{"embeddable":true,"href":"https:\/\/athleben.org\/athleben\/wp-json\/wp\/v2\/media\/3560"}],"wp:attachment":[{"href":"https:\/\/athleben.org\/athleben\/wp-json\/wp\/v2\/media?parent=3555"}],"wp:term":[{"taxonomy":"category","embeddable":true,"href":"https:\/\/athleben.org\/athleben\/wp-json\/wp\/v2\/categories?post=3555"},{"taxonomy":"post_tag","embeddable":true,"href":"https:\/\/athleben.org\/athleben\/wp-json\/wp\/v2\/tags?post=3555"}],"curies":[{"name":"wp","href":"https:\/\/api.w.org\/{rel}","templated":true}]}}