{"id":3502,"date":"2025-07-03T12:49:43","date_gmt":"2025-07-03T11:49:43","guid":{"rendered":"https:\/\/athleben.org\/athleben\/?p=3502"},"modified":"2025-07-03T12:49:43","modified_gmt":"2025-07-03T11:49:43","slug":"championnats-dafrique-u18-et-u20-le-benin-en-stage-de-preparation-a-grand-popo","status":"publish","type":"post","link":"https:\/\/athleben.org\/athleben\/championnats-dafrique-u18-et-u20-le-benin-en-stage-de-preparation-a-grand-popo\/","title":{"rendered":"Championnats d\u2019Afrique U18 et U20 : Le B\u00e9nin en stage de pr\u00e9paration \u00e0 Grand-Popo"},"content":{"rendered":"\n<p>\u00c0 quelques jours des Championnats d\u2019Afrique U18 et U20 pr\u00e9vus \u00e0 Ab\u00e9okuta en 2025, le B\u00e9nin aff\u00fbte ses armes. Depuis samedi dernier, sept jeunes athl\u00e8tes s\u00e9lectionn\u00e9s pour repr\u00e9senter le pays sont en regroupement \u00e0 Grand-Popo pour un camp d&rsquo;entra\u00eenement intensif.<\/p>\n\n\n\n<p>Sous la houlette du Directeur Technique National, Evrard Anayan, assist\u00e9 du Conseiller Technique R\u00e9gional du Mono, Patrice Kinang, ces talents prometteurs peaufinent leur pr\u00e9paration en vue de porter haut les couleurs nationales au Nigeria.<br>La s\u00e9lection est compos\u00e9e de :<\/p>\n\n\n\n<p>Akim Alopri : 100 m et 200 m<\/p>\n\n\n\n<p>Daniel Akpa : 400 m<\/p>\n\n\n\n<p>Godness Ayi: 100 m et 200 m<\/p>\n\n\n\n<p>Massiyatou Boukari : 100 m haies et 400 m haies<\/p>\n\n\n\n<p>Ramatou Mama : 400 m haies<\/p>\n\n\n\n<p>Fid\u00e9lia Hou\u00e9ho : saut en longueur et 100 m haies<\/p>\n\n\n\n<p>C\u00e9cile Ayad\u00e9 : 800 m et 1500 m<\/p>\n\n\n\n<p>Selon Evrard ANAYAN, le Directeur Technique National les objectifs de ce stage sont claires\u00a0\u00bb Nous voulons pr\u00e9parer nos athl\u00e8tes au mieux pour leur donner toutes les chances de bien performer au Nigeria\u00a0\u00bb.<br>En d\u00e9cidant de participer \u00e0 ces championnats d&rsquo;Afrique, le B\u00e9nin n&rsquo;entend pas faire pi\u00e8tre figure. \u00a0\u00bb Nous y allons pour performer qualitativement\u00a0\u00bb pr\u00e9cise le DTN .<br>De son c\u00f4t\u00e9 le CTR du Mono souligne l\u2019importance d\u2019une pr\u00e9paration de qualit\u00e9 pour performer \u00e0 l\u2019\u00e9chelle continentale.<br>\u00a0\u00bb Nous donnons ici toutes les chances \u00e0 nos athl\u00e8tes pour aborder la comp\u00e9tition dans de meilleures conditions. Avec la qualit\u00e9 du travail que nous faisons ici ils devraient arriver \u00e0 Abeokuta au pic de leurs formes\u00a0\u00bb.<br>L\u2019athl\u00e8te Daniel Akpa engag\u00e9 au400 m ressent une mont\u00e9e en puissance depuis le d\u00e9but du stage. \u00a0\u00bb Je me sens au mieux de ma forme, plus les jours passent et plus j&rsquo;ai la sensation que je me sens bien. Sur un plan personnel j&rsquo;ambitionne d&rsquo;am\u00e9liorer mes performances actuelles et pourquoi d&rsquo;aller remporter une m\u00e9daille pour le B\u00e9nin\u00a0\u00bb.<br>La d\u00e9l\u00e9gation b\u00e9ninoise va quitter le B\u00e9nin le 13 Juillet en direction d&rsquo;Ab\u00e9okuta au Nig\u00e9ria. La comp\u00e9tition proprement dite se d\u00e9roule du 16 au 19 juillet. En marge de la comp\u00e9tition la Conf\u00e9d\u00e9ration Africaine d&rsquo;Athl\u00e9tisme va tenir son congr\u00e8s ordinaire toujours \u00e0 Abeokuta.<\/p>\n\n\n\n<figure class=\"wp-block-gallery has-nested-images columns-default is-cropped wp-block-gallery-1 is-layout-flex wp-block-gallery-is-layout-flex\">\n<figure class=\"wp-block-image size-large\"><img width=\"1024\" height=\"682\" data-id=\"3511\"  alt=\"\" class=\"wp-image-3511 lws-optimize-lazyload\"\/ data-src=\"https:\/\/athleben.org\/athleben\/wp-content\/uploads\/2025\/07\/WhatsApp-Image-2025-07-03-at-09.23.08-1024x682.jpeg\" srcset=\"https:\/\/athleben.org\/athleben\/wp-content\/uploads\/2025\/07\/WhatsApp-Image-2025-07-03-at-09.23.08-1024x682.jpeg 1024w, https:\/\/athleben.org\/athleben\/wp-content\/uploads\/2025\/07\/WhatsApp-Image-2025-07-03-at-09.23.08-300x200.jpeg 300w, https:\/\/athleben.org\/athleben\/wp-content\/uploads\/2025\/07\/WhatsApp-Image-2025-07-03-at-09.23.08-768x512.jpeg 768w, https:\/\/athleben.org\/athleben\/wp-content\/uploads\/2025\/07\/WhatsApp-Image-2025-07-03-at-09.23.08-1536x1024.jpeg 1536w, https:\/\/athleben.org\/athleben\/wp-content\/uploads\/2025\/07\/WhatsApp-Image-2025-07-03-at-09.23.08-2048x1365.jpeg 2048w\" sizes=\"(max-width: 1024px) 100vw, 1024px\" \/><\/figure>\n\n\n\n<figure class=\"wp-block-image size-large\"><img width=\"1024\" height=\"682\" data-id=\"3510\"  alt=\"\" class=\"wp-image-3510 lws-optimize-lazyload\"\/ data-src=\"https:\/\/athleben.org\/athleben\/wp-content\/uploads\/2025\/07\/WhatsApp-Image-2025-07-03-at-09.23.09-1024x682.jpeg\" srcset=\"https:\/\/athleben.org\/athleben\/wp-content\/uploads\/2025\/07\/WhatsApp-Image-2025-07-03-at-09.23.09-1024x682.jpeg 1024w, https:\/\/athleben.org\/athleben\/wp-content\/uploads\/2025\/07\/WhatsApp-Image-2025-07-03-at-09.23.09-300x200.jpeg 300w, https:\/\/athleben.org\/athleben\/wp-content\/uploads\/2025\/07\/WhatsApp-Image-2025-07-03-at-09.23.09-768x512.jpeg 768w, https:\/\/athleben.org\/athleben\/wp-content\/uploads\/2025\/07\/WhatsApp-Image-2025-07-03-at-09.23.09-1536x1024.jpeg 1536w, https:\/\/athleben.org\/athleben\/wp-content\/uploads\/2025\/07\/WhatsApp-Image-2025-07-03-at-09.23.09-2048x1365.jpeg 2048w\" sizes=\"(max-width: 1024px) 100vw, 1024px\" \/><\/figure>\n\n\n\n<figure class=\"wp-block-image size-large\"><img width=\"1024\" height=\"682\" data-id=\"3505\"  alt=\"\" class=\"wp-image-3505 lws-optimize-lazyload\"\/ data-src=\"https:\/\/athleben.org\/athleben\/wp-content\/uploads\/2025\/07\/WhatsApp-Image-2025-07-03-at-09.23.091-1-1024x682.jpeg\" srcset=\"https:\/\/athleben.org\/athleben\/wp-content\/uploads\/2025\/07\/WhatsApp-Image-2025-07-03-at-09.23.091-1-1024x682.jpeg 1024w, https:\/\/athleben.org\/athleben\/wp-content\/uploads\/2025\/07\/WhatsApp-Image-2025-07-03-at-09.23.091-1-300x200.jpeg 300w, https:\/\/athleben.org\/athleben\/wp-content\/uploads\/2025\/07\/WhatsApp-Image-2025-07-03-at-09.23.091-1-768x512.jpeg 768w, https:\/\/athleben.org\/athleben\/wp-content\/uploads\/2025\/07\/WhatsApp-Image-2025-07-03-at-09.23.091-1-1536x1024.jpeg 1536w, https:\/\/athleben.org\/athleben\/wp-content\/uploads\/2025\/07\/WhatsApp-Image-2025-07-03-at-09.23.091-1-2048x1365.jpeg 2048w\" sizes=\"(max-width: 1024px) 100vw, 1024px\" \/><\/figure>\n\n\n\n<figure class=\"wp-block-image size-large\"><img width=\"1024\" height=\"682\" data-id=\"3508\"  alt=\"\" class=\"wp-image-3508 lws-optimize-lazyload\"\/ data-src=\"https:\/\/athleben.org\/athleben\/wp-content\/uploads\/2025\/07\/WhatsApp-Image-2025-07-03-at-09.23.092-1024x682.jpeg\" srcset=\"https:\/\/athleben.org\/athleben\/wp-content\/uploads\/2025\/07\/WhatsApp-Image-2025-07-03-at-09.23.092-1024x682.jpeg 1024w, https:\/\/athleben.org\/athleben\/wp-content\/uploads\/2025\/07\/WhatsApp-Image-2025-07-03-at-09.23.092-300x200.jpeg 300w, https:\/\/athleben.org\/athleben\/wp-content\/uploads\/2025\/07\/WhatsApp-Image-2025-07-03-at-09.23.092-768x512.jpeg 768w, https:\/\/athleben.org\/athleben\/wp-content\/uploads\/2025\/07\/WhatsApp-Image-2025-07-03-at-09.23.092-1536x1024.jpeg 1536w, https:\/\/athleben.org\/athleben\/wp-content\/uploads\/2025\/07\/WhatsApp-Image-2025-07-03-at-09.23.092-2048x1365.jpeg 2048w\" sizes=\"(max-width: 1024px) 100vw, 1024px\" \/><\/figure>\n\n\n\n<figure class=\"wp-block-image size-large\"><img width=\"682\" height=\"1024\" data-id=\"3507\"  alt=\"\" class=\"wp-image-3507 lws-optimize-lazyload\"\/ data-src=\"https:\/\/athleben.org\/athleben\/wp-content\/uploads\/2025\/07\/WhatsApp-Image-2025-07-03-at-09.23.10-682x1024.jpeg\" srcset=\"https:\/\/athleben.org\/athleben\/wp-content\/uploads\/2025\/07\/WhatsApp-Image-2025-07-03-at-09.23.10-682x1024.jpeg 682w, https:\/\/athleben.org\/athleben\/wp-content\/uploads\/2025\/07\/WhatsApp-Image-2025-07-03-at-09.23.10-200x300.jpeg 200w, https:\/\/athleben.org\/athleben\/wp-content\/uploads\/2025\/07\/WhatsApp-Image-2025-07-03-at-09.23.10-768x1152.jpeg 768w, https:\/\/athleben.org\/athleben\/wp-content\/uploads\/2025\/07\/WhatsApp-Image-2025-07-03-at-09.23.10-1024x1536.jpeg 1024w, https:\/\/athleben.org\/athleben\/wp-content\/uploads\/2025\/07\/WhatsApp-Image-2025-07-03-at-09.23.10-1365x2048.jpeg 1365w, https:\/\/athleben.org\/athleben\/wp-content\/uploads\/2025\/07\/WhatsApp-Image-2025-07-03-at-09.23.10.jpeg 1706w\" sizes=\"(max-width: 682px) 100vw, 682px\" \/><\/figure>\n\n\n\n<figure class=\"wp-block-image size-large\"><img width=\"682\" height=\"1024\" data-id=\"3506\"  alt=\"\" class=\"wp-image-3506 lws-optimize-lazyload\"\/ data-src=\"https:\/\/athleben.org\/athleben\/wp-content\/uploads\/2025\/07\/WhatsApp-Image-2025-07-03-at-09.23.101-682x1024.jpeg\" srcset=\"https:\/\/athleben.org\/athleben\/wp-content\/uploads\/2025\/07\/WhatsApp-Image-2025-07-03-at-09.23.101-682x1024.jpeg 682w, https:\/\/athleben.org\/athleben\/wp-content\/uploads\/2025\/07\/WhatsApp-Image-2025-07-03-at-09.23.101-200x300.jpeg 200w, https:\/\/athleben.org\/athleben\/wp-content\/uploads\/2025\/07\/WhatsApp-Image-2025-07-03-at-09.23.101-768x1152.jpeg 768w, https:\/\/athleben.org\/athleben\/wp-content\/uploads\/2025\/07\/WhatsApp-Image-2025-07-03-at-09.23.101-1024x1536.jpeg 1024w, https:\/\/athleben.org\/athleben\/wp-content\/uploads\/2025\/07\/WhatsApp-Image-2025-07-03-at-09.23.101-1365x2048.jpeg 1365w, https:\/\/athleben.org\/athleben\/wp-content\/uploads\/2025\/07\/WhatsApp-Image-2025-07-03-at-09.23.101.jpeg 1706w\" sizes=\"(max-width: 682px) 100vw, 682px\" \/><\/figure>\n\n\n\n<figure class=\"wp-block-image size-large\"><img width=\"682\" height=\"1024\" data-id=\"3504\"  alt=\"\" class=\"wp-image-3504 lws-optimize-lazyload\"\/ data-src=\"https:\/\/athleben.org\/athleben\/wp-content\/uploads\/2025\/07\/WhatsApp-Image-2025-07-03-at-09.23.11-682x1024.jpeg\" srcset=\"https:\/\/athleben.org\/athleben\/wp-content\/uploads\/2025\/07\/WhatsApp-Image-2025-07-03-at-09.23.11-682x1024.jpeg 682w, https:\/\/athleben.org\/athleben\/wp-content\/uploads\/2025\/07\/WhatsApp-Image-2025-07-03-at-09.23.11-200x300.jpeg 200w, https:\/\/athleben.org\/athleben\/wp-content\/uploads\/2025\/07\/WhatsApp-Image-2025-07-03-at-09.23.11-768x1152.jpeg 768w, https:\/\/athleben.org\/athleben\/wp-content\/uploads\/2025\/07\/WhatsApp-Image-2025-07-03-at-09.23.11-1024x1536.jpeg 1024w, https:\/\/athleben.org\/athleben\/wp-content\/uploads\/2025\/07\/WhatsApp-Image-2025-07-03-at-09.23.11-1365x2048.jpeg 1365w, https:\/\/athleben.org\/athleben\/wp-content\/uploads\/2025\/07\/WhatsApp-Image-2025-07-03-at-09.23.11.jpeg 1706w\" sizes=\"(max-width: 682px) 100vw, 682px\" \/><\/figure>\n\n\n\n<figure class=\"wp-block-image size-large\"><img width=\"1024\" height=\"682\" data-id=\"3509\"  alt=\"\" class=\"wp-image-3509 lws-optimize-lazyload\"\/ data-src=\"https:\/\/athleben.org\/athleben\/wp-content\/uploads\/2025\/07\/WhatsApp-Image-2025-07-03-at-09.23.111-1024x682.jpeg\" srcset=\"https:\/\/athleben.org\/athleben\/wp-content\/uploads\/2025\/07\/WhatsApp-Image-2025-07-03-at-09.23.111-1024x682.jpeg 1024w, https:\/\/athleben.org\/athleben\/wp-content\/uploads\/2025\/07\/WhatsApp-Image-2025-07-03-at-09.23.111-300x200.jpeg 300w, https:\/\/athleben.org\/athleben\/wp-content\/uploads\/2025\/07\/WhatsApp-Image-2025-07-03-at-09.23.111-768x512.jpeg 768w, https:\/\/athleben.org\/athleben\/wp-content\/uploads\/2025\/07\/WhatsApp-Image-2025-07-03-at-09.23.111-1536x1024.jpeg 1536w, https:\/\/athleben.org\/athleben\/wp-content\/uploads\/2025\/07\/WhatsApp-Image-2025-07-03-at-09.23.111-2048x1365.jpeg 2048w\" sizes=\"(max-width: 1024px) 100vw, 1024px\" \/><\/figure>\n\n\n\n<figure class=\"wp-block-image size-large\"><img width=\"1024\" height=\"682\" data-id=\"3513\"  alt=\"\" class=\"wp-image-3513 lws-optimize-lazyload\"\/ data-src=\"https:\/\/athleben.org\/athleben\/wp-content\/uploads\/2025\/07\/WhatsApp-Image-2025-07-03-at-09.23.112-1024x682.jpeg\" srcset=\"https:\/\/athleben.org\/athleben\/wp-content\/uploads\/2025\/07\/WhatsApp-Image-2025-07-03-at-09.23.112-1024x682.jpeg 1024w, https:\/\/athleben.org\/athleben\/wp-content\/uploads\/2025\/07\/WhatsApp-Image-2025-07-03-at-09.23.112-300x200.jpeg 300w, https:\/\/athleben.org\/athleben\/wp-content\/uploads\/2025\/07\/WhatsApp-Image-2025-07-03-at-09.23.112-768x512.jpeg 768w, https:\/\/athleben.org\/athleben\/wp-content\/uploads\/2025\/07\/WhatsApp-Image-2025-07-03-at-09.23.112-1536x1024.jpeg 1536w, https:\/\/athleben.org\/athleben\/wp-content\/uploads\/2025\/07\/WhatsApp-Image-2025-07-03-at-09.23.112-2048x1365.jpeg 2048w\" sizes=\"(max-width: 1024px) 100vw, 1024px\" \/><\/figure>\n\n\n\n<figure class=\"wp-block-image size-large\"><img width=\"1024\" height=\"682\" data-id=\"3512\"  alt=\"\" class=\"wp-image-3512 lws-optimize-lazyload\"\/ data-src=\"https:\/\/athleben.org\/athleben\/wp-content\/uploads\/2025\/07\/WhatsApp-Image-2025-07-03-at-09.23.12-1024x682.jpeg\" srcset=\"https:\/\/athleben.org\/athleben\/wp-content\/uploads\/2025\/07\/WhatsApp-Image-2025-07-03-at-09.23.12-1024x682.jpeg 1024w, https:\/\/athleben.org\/athleben\/wp-content\/uploads\/2025\/07\/WhatsApp-Image-2025-07-03-at-09.23.12-300x200.jpeg 300w, https:\/\/athleben.org\/athleben\/wp-content\/uploads\/2025\/07\/WhatsApp-Image-2025-07-03-at-09.23.12-768x512.jpeg 768w, https:\/\/athleben.org\/athleben\/wp-content\/uploads\/2025\/07\/WhatsApp-Image-2025-07-03-at-09.23.12-1536x1024.jpeg 1536w, https:\/\/athleben.org\/athleben\/wp-content\/uploads\/2025\/07\/WhatsApp-Image-2025-07-03-at-09.23.12-2048x1365.jpeg 2048w\" sizes=\"(max-width: 1024px) 100vw, 1024px\" \/><\/figure>\n<\/figure>\n","protected":false},"excerpt":{"rendered":"<p>\u00c0 quelques jours des Championnats d\u2019Afrique U18 et U20 pr\u00e9vus \u00e0 Ab\u00e9okuta en 2025, le B\u00e9nin aff\u00fbte ses armes. Depuis samedi dernier, sept jeunes athl\u00e8tes [&hellip;]<\/p>\n","protected":false},"author":2,"featured_media":3503,"comment_status":"open","ping_status":"closed","sticky":false,"template":"","format":"standard","meta":{"footnotes":""},"categories":[22],"tags":[],"class_list":["post-3502","post","type-post","status-publish","format-standard","has-post-thumbnail","hentry","category-athle"],"yoast_head":"<!-- This site is optimized with the Yoast SEO plugin v27.1.1 - https:\/\/yoast.com\/product\/yoast-seo-wordpress\/ -->\n<title>Championnats d\u2019Afrique U18 et U20 : Le B\u00e9nin en stage de pr\u00e9paration \u00e0 Grand-Popo - F\u00e9d\u00e9ration B\u00e9ninoise d&#039;Athl\u00e9tisme<\/title>\n<meta name=\"robots\" content=\"index, follow, max-snippet:-1, max-image-preview:large, max-video-preview:-1\" \/>\n<link rel=\"canonical\" href=\"https:\/\/athleben.org\/athleben\/championnats-dafrique-u18-et-u20-le-benin-en-stage-de-preparation-a-grand-popo\/\" \/>\n<meta property=\"og:locale\" content=\"fr_FR\" \/>\n<meta property=\"og:type\" content=\"article\" \/>\n<meta property=\"og:title\" content=\"Championnats d\u2019Afrique U18 et U20 : Le B\u00e9nin en stage de pr\u00e9paration \u00e0 Grand-Popo - F\u00e9d\u00e9ration B\u00e9ninoise d&#039;Athl\u00e9tisme\" \/>\n<meta property=\"og:description\" content=\"\u00c0 quelques jours des Championnats d\u2019Afrique U18 et U20 pr\u00e9vus \u00e0 Ab\u00e9okuta en 2025, le B\u00e9nin aff\u00fbte ses armes. Depuis samedi dernier, sept jeunes athl\u00e8tes [&hellip;]\" \/>\n<meta property=\"og:url\" content=\"https:\/\/athleben.org\/athleben\/championnats-dafrique-u18-et-u20-le-benin-en-stage-de-preparation-a-grand-popo\/\" \/>\n<meta property=\"og:site_name\" content=\"F\u00e9d\u00e9ration B\u00e9ninoise d&#039;Athl\u00e9tisme\" \/>\n<meta property=\"article:publisher\" content=\"https:\/\/web.facebook.com\/FederationBeninoiseAthletisme\" \/>\n<meta property=\"article:published_time\" content=\"2025-07-03T11:49:43+00:00\" \/>\n<meta property=\"og:image\" content=\"https:\/\/athleben.org\/athleben\/wp-content\/uploads\/2025\/07\/WhatsApp-Image-2025-07-03-at-09.23.091.jpeg\" \/>\n\t<meta property=\"og:image:width\" content=\"2560\" \/>\n\t<meta property=\"og:image:height\" content=\"1706\" \/>\n\t<meta property=\"og:image:type\" content=\"image\/jpeg\" \/>\n<meta name=\"author\" content=\"R\u00e9daction\" \/>\n<meta name=\"twitter:card\" content=\"summary_large_image\" \/>\n<meta name=\"twitter:creator\" content=\"@BeninoiseD\" \/>\n<meta name=\"twitter:site\" content=\"@BeninoiseD\" \/>\n<meta name=\"twitter:label1\" content=\"\u00c9crit par\" \/>\n\t<meta name=\"twitter:data1\" content=\"R\u00e9daction\" \/>\n\t<meta name=\"twitter:label2\" content=\"Dur\u00e9e de lecture estim\u00e9e\" \/>\n\t<meta name=\"twitter:data2\" content=\"2 minutes\" \/>\n<script type=\"application\/ld+json\" class=\"yoast-schema-graph\">{\"@context\":\"https:\/\/schema.org\",\"@graph\":[{\"@type\":\"Article\",\"@id\":\"https:\/\/athleben.org\/athleben\/championnats-dafrique-u18-et-u20-le-benin-en-stage-de-preparation-a-grand-popo\/#article\",\"isPartOf\":{\"@id\":\"https:\/\/athleben.org\/athleben\/championnats-dafrique-u18-et-u20-le-benin-en-stage-de-preparation-a-grand-popo\/\"},\"author\":{\"name\":\"R\u00e9daction\",\"@id\":\"https:\/\/athleben.org\/athleben\/#\/schema\/person\/8e674441e65cf8d584b9dd06d96e68c5\"},\"headline\":\"Championnats d\u2019Afrique U18 et U20 : Le B\u00e9nin en stage de pr\u00e9paration \u00e0 Grand-Popo\",\"datePublished\":\"2025-07-03T11:49:43+00:00\",\"mainEntityOfPage\":{\"@id\":\"https:\/\/athleben.org\/athleben\/championnats-dafrique-u18-et-u20-le-benin-en-stage-de-preparation-a-grand-popo\/\"},\"wordCount\":387,\"commentCount\":0,\"publisher\":{\"@id\":\"https:\/\/athleben.org\/athleben\/#organization\"},\"image\":{\"@id\":\"https:\/\/athleben.org\/athleben\/championnats-dafrique-u18-et-u20-le-benin-en-stage-de-preparation-a-grand-popo\/#primaryimage\"},\"thumbnailUrl\":\"https:\/\/athleben.org\/athleben\/wp-content\/uploads\/2025\/07\/WhatsApp-Image-2025-07-03-at-09.23.091.jpeg\",\"articleSection\":[\"Athl\u00e9tisme\"],\"inLanguage\":\"fr-FR\",\"potentialAction\":[{\"@type\":\"CommentAction\",\"name\":\"Comment\",\"target\":[\"https:\/\/athleben.org\/athleben\/championnats-dafrique-u18-et-u20-le-benin-en-stage-de-preparation-a-grand-popo\/#respond\"]}]},{\"@type\":\"WebPage\",\"@id\":\"https:\/\/athleben.org\/athleben\/championnats-dafrique-u18-et-u20-le-benin-en-stage-de-preparation-a-grand-popo\/\",\"url\":\"https:\/\/athleben.org\/athleben\/championnats-dafrique-u18-et-u20-le-benin-en-stage-de-preparation-a-grand-popo\/\",\"name\":\"Championnats d\u2019Afrique U18 et U20 : Le B\u00e9nin en stage de pr\u00e9paration \u00e0 Grand-Popo - F\u00e9d\u00e9ration B\u00e9ninoise d&#039;Athl\u00e9tisme\",\"isPartOf\":{\"@id\":\"https:\/\/athleben.org\/athleben\/#website\"},\"primaryImageOfPage\":{\"@id\":\"https:\/\/athleben.org\/athleben\/championnats-dafrique-u18-et-u20-le-benin-en-stage-de-preparation-a-grand-popo\/#primaryimage\"},\"image\":{\"@id\":\"https:\/\/athleben.org\/athleben\/championnats-dafrique-u18-et-u20-le-benin-en-stage-de-preparation-a-grand-popo\/#primaryimage\"},\"thumbnailUrl\":\"https:\/\/athleben.org\/athleben\/wp-content\/uploads\/2025\/07\/WhatsApp-Image-2025-07-03-at-09.23.091.jpeg\",\"datePublished\":\"2025-07-03T11:49:43+00:00\",\"breadcrumb\":{\"@id\":\"https:\/\/athleben.org\/athleben\/championnats-dafrique-u18-et-u20-le-benin-en-stage-de-preparation-a-grand-popo\/#breadcrumb\"},\"inLanguage\":\"fr-FR\",\"potentialAction\":[{\"@type\":\"ReadAction\",\"target\":[\"https:\/\/athleben.org\/athleben\/championnats-dafrique-u18-et-u20-le-benin-en-stage-de-preparation-a-grand-popo\/\"]}]},{\"@type\":\"ImageObject\",\"inLanguage\":\"fr-FR\",\"@id\":\"https:\/\/athleben.org\/athleben\/championnats-dafrique-u18-et-u20-le-benin-en-stage-de-preparation-a-grand-popo\/#primaryimage\",\"url\":\"https:\/\/athleben.org\/athleben\/wp-content\/uploads\/2025\/07\/WhatsApp-Image-2025-07-03-at-09.23.091.jpeg\",\"contentUrl\":\"https:\/\/athleben.org\/athleben\/wp-content\/uploads\/2025\/07\/WhatsApp-Image-2025-07-03-at-09.23.091.jpeg\",\"width\":2560,\"height\":1706},{\"@type\":\"BreadcrumbList\",\"@id\":\"https:\/\/athleben.org\/athleben\/championnats-dafrique-u18-et-u20-le-benin-en-stage-de-preparation-a-grand-popo\/#breadcrumb\",\"itemListElement\":[{\"@type\":\"ListItem\",\"position\":1,\"name\":\"Accueil\",\"item\":\"https:\/\/athleben.org\/athleben\/\"},{\"@type\":\"ListItem\",\"position\":2,\"name\":\"Championnats d\u2019Afrique U18 et U20 : Le B\u00e9nin en stage de pr\u00e9paration \u00e0 Grand-Popo\"}]},{\"@type\":\"WebSite\",\"@id\":\"https:\/\/athleben.org\/athleben\/#website\",\"url\":\"https:\/\/athleben.org\/athleben\/\",\"name\":\"F\u00e9d\u00e9ration B\u00e9ninoise d'Athl\u00e9tisme\",\"description\":\"Athl\u00e9tisme, ma fiert\u00e9, je m&#039;engage.\",\"publisher\":{\"@id\":\"https:\/\/athleben.org\/athleben\/#organization\"},\"potentialAction\":[{\"@type\":\"SearchAction\",\"target\":{\"@type\":\"EntryPoint\",\"urlTemplate\":\"https:\/\/athleben.org\/athleben\/?s={search_term_string}\"},\"query-input\":{\"@type\":\"PropertyValueSpecification\",\"valueRequired\":true,\"valueName\":\"search_term_string\"}}],\"inLanguage\":\"fr-FR\"},{\"@type\":\"Organization\",\"@id\":\"https:\/\/athleben.org\/athleben\/#organization\",\"name\":\"F\u00e9d\u00e9ration B\u00e9ninoise d'Athl\u00e9tisme\",\"url\":\"https:\/\/athleben.org\/athleben\/\",\"logo\":{\"@type\":\"ImageObject\",\"inLanguage\":\"fr-FR\",\"@id\":\"https:\/\/athleben.org\/athleben\/#\/schema\/logo\/image\/\",\"url\":\"https:\/\/athleben.org\/athleben\/wp-content\/uploads\/2024\/01\/logo-fba-new.png\",\"contentUrl\":\"https:\/\/athleben.org\/athleben\/wp-content\/uploads\/2024\/01\/logo-fba-new.png\",\"width\":162,\"height\":169,\"caption\":\"F\u00e9d\u00e9ration B\u00e9ninoise d'Athl\u00e9tisme\"},\"image\":{\"@id\":\"https:\/\/athleben.org\/athleben\/#\/schema\/logo\/image\/\"},\"sameAs\":[\"https:\/\/web.facebook.com\/FederationBeninoiseAthletisme\",\"https:\/\/x.com\/BeninoiseD\",\"https:\/\/www.instagram.com\/fbathle\"]},{\"@type\":\"Person\",\"@id\":\"https:\/\/athleben.org\/athleben\/#\/schema\/person\/8e674441e65cf8d584b9dd06d96e68c5\",\"name\":\"R\u00e9daction\",\"image\":{\"@type\":\"ImageObject\",\"inLanguage\":\"fr-FR\",\"@id\":\"https:\/\/athleben.org\/athleben\/#\/schema\/person\/image\/\",\"url\":\"https:\/\/secure.gravatar.com\/avatar\/bb62d62970513855ce068679bf0975b0d5aff01ca9d25756de5d17f8d51767b9?s=96&d=mm&r=g\",\"contentUrl\":\"https:\/\/secure.gravatar.com\/avatar\/bb62d62970513855ce068679bf0975b0d5aff01ca9d25756de5d17f8d51767b9?s=96&d=mm&r=g\",\"caption\":\"R\u00e9daction\"},\"url\":\"https:\/\/athleben.org\/athleben\/author\/achille\/\"}]}<\/script>\n<!-- \/ Yoast SEO plugin. -->","yoast_head_json":{"title":"Championnats d\u2019Afrique U18 et U20 : Le B\u00e9nin en stage de pr\u00e9paration \u00e0 Grand-Popo - F\u00e9d\u00e9ration B\u00e9ninoise d&#039;Athl\u00e9tisme","robots":{"index":"index","follow":"follow","max-snippet":"max-snippet:-1","max-image-preview":"max-image-preview:large","max-video-preview":"max-video-preview:-1"},"canonical":"https:\/\/athleben.org\/athleben\/championnats-dafrique-u18-et-u20-le-benin-en-stage-de-preparation-a-grand-popo\/","og_locale":"fr_FR","og_type":"article","og_title":"Championnats d\u2019Afrique U18 et U20 : Le B\u00e9nin en stage de pr\u00e9paration \u00e0 Grand-Popo - F\u00e9d\u00e9ration B\u00e9ninoise d&#039;Athl\u00e9tisme","og_description":"\u00c0 quelques jours des Championnats d\u2019Afrique U18 et U20 pr\u00e9vus \u00e0 Ab\u00e9okuta en 2025, le B\u00e9nin aff\u00fbte ses armes. Depuis samedi dernier, sept jeunes athl\u00e8tes [&hellip;]","og_url":"https:\/\/athleben.org\/athleben\/championnats-dafrique-u18-et-u20-le-benin-en-stage-de-preparation-a-grand-popo\/","og_site_name":"F\u00e9d\u00e9ration B\u00e9ninoise d&#039;Athl\u00e9tisme","article_publisher":"https:\/\/web.facebook.com\/FederationBeninoiseAthletisme","article_published_time":"2025-07-03T11:49:43+00:00","og_image":[{"width":2560,"height":1706,"url":"https:\/\/athleben.org\/athleben\/wp-content\/uploads\/2025\/07\/WhatsApp-Image-2025-07-03-at-09.23.091.jpeg","type":"image\/jpeg"}],"author":"R\u00e9daction","twitter_card":"summary_large_image","twitter_creator":"@BeninoiseD","twitter_site":"@BeninoiseD","twitter_misc":{"\u00c9crit par":"R\u00e9daction","Dur\u00e9e de lecture estim\u00e9e":"2 minutes"},"schema":{"@context":"https:\/\/schema.org","@graph":[{"@type":"Article","@id":"https:\/\/athleben.org\/athleben\/championnats-dafrique-u18-et-u20-le-benin-en-stage-de-preparation-a-grand-popo\/#article","isPartOf":{"@id":"https:\/\/athleben.org\/athleben\/championnats-dafrique-u18-et-u20-le-benin-en-stage-de-preparation-a-grand-popo\/"},"author":{"name":"R\u00e9daction","@id":"https:\/\/athleben.org\/athleben\/#\/schema\/person\/8e674441e65cf8d584b9dd06d96e68c5"},"headline":"Championnats d\u2019Afrique U18 et U20 : Le B\u00e9nin en stage de pr\u00e9paration \u00e0 Grand-Popo","datePublished":"2025-07-03T11:49:43+00:00","mainEntityOfPage":{"@id":"https:\/\/athleben.org\/athleben\/championnats-dafrique-u18-et-u20-le-benin-en-stage-de-preparation-a-grand-popo\/"},"wordCount":387,"commentCount":0,"publisher":{"@id":"https:\/\/athleben.org\/athleben\/#organization"},"image":{"@id":"https:\/\/athleben.org\/athleben\/championnats-dafrique-u18-et-u20-le-benin-en-stage-de-preparation-a-grand-popo\/#primaryimage"},"thumbnailUrl":"https:\/\/athleben.org\/athleben\/wp-content\/uploads\/2025\/07\/WhatsApp-Image-2025-07-03-at-09.23.091.jpeg","articleSection":["Athl\u00e9tisme"],"inLanguage":"fr-FR","potentialAction":[{"@type":"CommentAction","name":"Comment","target":["https:\/\/athleben.org\/athleben\/championnats-dafrique-u18-et-u20-le-benin-en-stage-de-preparation-a-grand-popo\/#respond"]}]},{"@type":"WebPage","@id":"https:\/\/athleben.org\/athleben\/championnats-dafrique-u18-et-u20-le-benin-en-stage-de-preparation-a-grand-popo\/","url":"https:\/\/athleben.org\/athleben\/championnats-dafrique-u18-et-u20-le-benin-en-stage-de-preparation-a-grand-popo\/","name":"Championnats d\u2019Afrique U18 et U20 : Le B\u00e9nin en stage de pr\u00e9paration \u00e0 Grand-Popo - F\u00e9d\u00e9ration B\u00e9ninoise d&#039;Athl\u00e9tisme","isPartOf":{"@id":"https:\/\/athleben.org\/athleben\/#website"},"primaryImageOfPage":{"@id":"https:\/\/athleben.org\/athleben\/championnats-dafrique-u18-et-u20-le-benin-en-stage-de-preparation-a-grand-popo\/#primaryimage"},"image":{"@id":"https:\/\/athleben.org\/athleben\/championnats-dafrique-u18-et-u20-le-benin-en-stage-de-preparation-a-grand-popo\/#primaryimage"},"thumbnailUrl":"https:\/\/athleben.org\/athleben\/wp-content\/uploads\/2025\/07\/WhatsApp-Image-2025-07-03-at-09.23.091.jpeg","datePublished":"2025-07-03T11:49:43+00:00","breadcrumb":{"@id":"https:\/\/athleben.org\/athleben\/championnats-dafrique-u18-et-u20-le-benin-en-stage-de-preparation-a-grand-popo\/#breadcrumb"},"inLanguage":"fr-FR","potentialAction":[{"@type":"ReadAction","target":["https:\/\/athleben.org\/athleben\/championnats-dafrique-u18-et-u20-le-benin-en-stage-de-preparation-a-grand-popo\/"]}]},{"@type":"ImageObject","inLanguage":"fr-FR","@id":"https:\/\/athleben.org\/athleben\/championnats-dafrique-u18-et-u20-le-benin-en-stage-de-preparation-a-grand-popo\/#primaryimage","url":"https:\/\/athleben.org\/athleben\/wp-content\/uploads\/2025\/07\/WhatsApp-Image-2025-07-03-at-09.23.091.jpeg","contentUrl":"https:\/\/athleben.org\/athleben\/wp-content\/uploads\/2025\/07\/WhatsApp-Image-2025-07-03-at-09.23.091.jpeg","width":2560,"height":1706},{"@type":"BreadcrumbList","@id":"https:\/\/athleben.org\/athleben\/championnats-dafrique-u18-et-u20-le-benin-en-stage-de-preparation-a-grand-popo\/#breadcrumb","itemListElement":[{"@type":"ListItem","position":1,"name":"Accueil","item":"https:\/\/athleben.org\/athleben\/"},{"@type":"ListItem","position":2,"name":"Championnats d\u2019Afrique U18 et U20 : Le B\u00e9nin en stage de pr\u00e9paration \u00e0 Grand-Popo"}]},{"@type":"WebSite","@id":"https:\/\/athleben.org\/athleben\/#website","url":"https:\/\/athleben.org\/athleben\/","name":"F\u00e9d\u00e9ration B\u00e9ninoise d'Athl\u00e9tisme","description":"Athl\u00e9tisme, ma fiert\u00e9, je m&#039;engage.","publisher":{"@id":"https:\/\/athleben.org\/athleben\/#organization"},"potentialAction":[{"@type":"SearchAction","target":{"@type":"EntryPoint","urlTemplate":"https:\/\/athleben.org\/athleben\/?s={search_term_string}"},"query-input":{"@type":"PropertyValueSpecification","valueRequired":true,"valueName":"search_term_string"}}],"inLanguage":"fr-FR"},{"@type":"Organization","@id":"https:\/\/athleben.org\/athleben\/#organization","name":"F\u00e9d\u00e9ration B\u00e9ninoise d'Athl\u00e9tisme","url":"https:\/\/athleben.org\/athleben\/","logo":{"@type":"ImageObject","inLanguage":"fr-FR","@id":"https:\/\/athleben.org\/athleben\/#\/schema\/logo\/image\/","url":"https:\/\/athleben.org\/athleben\/wp-content\/uploads\/2024\/01\/logo-fba-new.png","contentUrl":"https:\/\/athleben.org\/athleben\/wp-content\/uploads\/2024\/01\/logo-fba-new.png","width":162,"height":169,"caption":"F\u00e9d\u00e9ration B\u00e9ninoise d'Athl\u00e9tisme"},"image":{"@id":"https:\/\/athleben.org\/athleben\/#\/schema\/logo\/image\/"},"sameAs":["https:\/\/web.facebook.com\/FederationBeninoiseAthletisme","https:\/\/x.com\/BeninoiseD","https:\/\/www.instagram.com\/fbathle"]},{"@type":"Person","@id":"https:\/\/athleben.org\/athleben\/#\/schema\/person\/8e674441e65cf8d584b9dd06d96e68c5","name":"R\u00e9daction","image":{"@type":"ImageObject","inLanguage":"fr-FR","@id":"https:\/\/athleben.org\/athleben\/#\/schema\/person\/image\/","url":"https:\/\/secure.gravatar.com\/avatar\/bb62d62970513855ce068679bf0975b0d5aff01ca9d25756de5d17f8d51767b9?s=96&d=mm&r=g","contentUrl":"https:\/\/secure.gravatar.com\/avatar\/bb62d62970513855ce068679bf0975b0d5aff01ca9d25756de5d17f8d51767b9?s=96&d=mm&r=g","caption":"R\u00e9daction"},"url":"https:\/\/athleben.org\/athleben\/author\/achille\/"}]}},"_links":{"self":[{"href":"https:\/\/athleben.org\/athleben\/wp-json\/wp\/v2\/posts\/3502","targetHints":{"allow":["GET"]}}],"collection":[{"href":"https:\/\/athleben.org\/athleben\/wp-json\/wp\/v2\/posts"}],"about":[{"href":"https:\/\/athleben.org\/athleben\/wp-json\/wp\/v2\/types\/post"}],"author":[{"embeddable":true,"href":"https:\/\/athleben.org\/athleben\/wp-json\/wp\/v2\/users\/2"}],"replies":[{"embeddable":true,"href":"https:\/\/athleben.org\/athleben\/wp-json\/wp\/v2\/comments?post=3502"}],"version-history":[{"count":1,"href":"https:\/\/athleben.org\/athleben\/wp-json\/wp\/v2\/posts\/3502\/revisions"}],"predecessor-version":[{"id":3514,"href":"https:\/\/athleben.org\/athleben\/wp-json\/wp\/v2\/posts\/3502\/revisions\/3514"}],"wp:featuredmedia":[{"embeddable":true,"href":"https:\/\/athleben.org\/athleben\/wp-json\/wp\/v2\/media\/3503"}],"wp:attachment":[{"href":"https:\/\/athleben.org\/athleben\/wp-json\/wp\/v2\/media?parent=3502"}],"wp:term":[{"taxonomy":"category","embeddable":true,"href":"https:\/\/athleben.org\/athleben\/wp-json\/wp\/v2\/categories?post=3502"},{"taxonomy":"post_tag","embeddable":true,"href":"https:\/\/athleben.org\/athleben\/wp-json\/wp\/v2\/tags?post=3502"}],"curies":[{"name":"wp","href":"https:\/\/api.w.org\/{rel}","templated":true}]}}