{"id":3494,"date":"2025-06-09T12:12:50","date_gmt":"2025-06-09T11:12:50","guid":{"rendered":"https:\/\/athleben.org\/athleben\/?p=3494"},"modified":"2025-06-19T10:35:59","modified_gmt":"2025-06-19T09:35:59","slug":"sortie-mediatique-ce-lundi-9-juin-2025-du-president-de-la-fba","status":"publish","type":"post","link":"https:\/\/athleben.org\/athleben\/sortie-mediatique-ce-lundi-9-juin-2025-du-president-de-la-fba\/","title":{"rendered":"Sortie m\u00e9diatique ce lundi 9 juin 2025 du Pr\u00e9sident de la FBA"},"content":{"rendered":"\n<p>L\u2019athl\u00e9tisme b\u00e9ninois affiche une ambition renouvel\u00e9e et une dynamique de croissance sans pr\u00e9c\u00e9dent. \u00c0 travers la voix de son pr\u00e9sident, Vi\u00e9rin D\u00e9gon, la F\u00e9d\u00e9ration b\u00e9ninoise d\u2019athl\u00e9tisme d\u00e9voile les grandes lignes de sa strat\u00e9gie, ses succ\u00e8s r\u00e9cents et les d\u00e9fis \u00e0 venir, lors d\u2019un entretien accord\u00e9 \u00e0 l\u2019\u00e9mission Canal Sport sur Canal3 B\u00e9nin.<\/p>\n\n\n\n<p>Vi\u00e9rin D\u00e9gon, la F\u00e9d\u00e9ration b\u00e9ninoise d\u2019athl\u00e9tisme a fait une sortie m\u00e9diatique, ce lundi 9 juin 2025. Invit\u00e9 de l\u2019\u00e9mission Canal Sport de Canal3 B\u00e9nin, le pr\u00e9sident a d\u2019abord parl\u00e9 les d\u00e9cisions prises lors de la r\u00e9union du Comit\u00e9 directeur f\u00e9d\u00e9ral du 16 mai dernier. Il en ressort que la sant\u00e9 et le bien-\u00eatre des athl\u00e8tes occupent une place centrale dans ces d\u00e9cisions. \u00ab Nous avons d\u00e9cid\u00e9 de faire revenir un athl\u00e8te de Dakar pour le soigner, car il est malade. Il faut le faire venir au B\u00e9nin pour le traiter \u00bb, explique Vi\u00e9rin D\u00e9gon. La m\u00eame attention est port\u00e9e \u00e0 une jeune athl\u00e8te bless\u00e9e lors de la Gymnasiade 2024. \u00ab Nous avons donc pris la d\u00e9cision de la soigner, afin qu\u2019elle puisse tr\u00e8s prochainement retrouver la piste. \u00bb<\/p>\n\n\n\n<p>L\u2019accompagnement des talents, qu\u2019ils soient au B\u00e9nin ou \u00e0 l\u2019\u00e9tranger, reste une priorit\u00e9. \u00ab La f\u00e9d\u00e9ration a mis en place un programme d\u2019assistance qui prend en compte les athl\u00e8tes et les entra\u00eeneurs \u00bb, pr\u00e9cise Vi\u00e9rin D\u00e9gon. Parmi les b\u00e9n\u00e9ficiaires, on retrouve des figures comme Yarigo No\u00e9lie, Odile Ahouanwanou, Aguessi William (\u00c9tats-Unis), Yohan Ahouansou et Ntia (France). Mais la nouveaut\u00e9, c\u2019est l\u2019int\u00e9gration des jeunes dans ce dispositif : \u00ab Nous pensons qu\u2019en mettant l\u2019accent sur eux, cela portera des fruits tr\u00e8s positifs. \u00bb Ces mesures t\u00e9moignent d\u2019une volont\u00e9 de placer l\u2019humain au c\u0153ur du projet sportif national.<\/p>\n\n\n\n<p><strong>Des r\u00e9sultats reluisants<\/strong><\/p>\n\n\n\n<p>Le pr\u00e9sident est revenu aussi sur les r\u00e9sultats des derni\u00e8res sorties des athl\u00e8tes b\u00e9ninois. Le bilan des r\u00e9centes comp\u00e9titions est bien \u00e9loquent. Les jeunes athl\u00e8tes b\u00e9ninois se sont illustr\u00e9s lors du championnat des cinq nations \u00e0 Abidjan, ramenant une moisson impressionnante. \u00ab Nos athl\u00e8tes U18 et U20, surtout les jeunes, sont revenus avec une trentaine de m\u00e9dailles : 10 en or, 13 en argent et 7 en bronze. \u00bb Parmi les r\u00e9v\u00e9lations, Sonon Rosine, \u00e2g\u00e9e de seulement 11 ans, a d\u00e9croch\u00e9 deux m\u00e9dailles sur 800 m et 1500 m. \u00ab L\u2019athl\u00e9tisme, c\u2019est d\u2019abord la performance : une fille de 15 ans qui court d\u00e9j\u00e0 les 800 m\u00e8tres en 2\u201914, cela veut dire que la rel\u00e8ve se pr\u00e9pare tr\u00e8s bien \u00bb, se f\u00e9licite le pr\u00e9sident. Un autre espoir, Gabriel, n\u00e9 en 2008, a couru le 400 m\u00e8tres en 49 secondes, preuve que la jeunesse b\u00e9ninoise est pr\u00eate \u00e0 prendre le relais.<\/p>\n\n\n\n<p><strong>Des \u00e9ch\u00e9ances \u00e0 venir<\/strong><\/p>\n\n\n\n<p>L\u2019agenda international s\u2019annonce charger pour l\u2019athl\u00e9tisme b\u00e9ninois. Les championnats d\u2019Afrique \u00e0 Abeokuta, les championnats du monde au Japon o\u00f9 No\u00e9lie Yarigo est d\u00e9j\u00e0 qualifi\u00e9e, ainsi que les championnats d\u2019Afrique de l\u2019Ouest \u00e0 Accra, sont autant de rendez-vous majeurs. Pour s\u2019y pr\u00e9parer, la f\u00e9d\u00e9ration met en place des regroupements strat\u00e9giques : \u00ab Nous allons ouvrir d\u00e8s le 22 juillet prochain \u00e0 Grand-Popo une s\u00e9ance de mise au vert qui regroupera tous les participants, avec les entra\u00eeneurs, afin de les mettre dans les meilleures conditions. \u00bb<\/p>\n\n\n\n<p>La F\u00e9d\u00e9ration b\u00e9ninoise d\u2019athl\u00e9tisme nourrit \u00e9galement de grandes ambitions pour les Jeux Olympiques de la Jeunesse Dakar 2026. Un projet soumis \u00e0 World Athletics a \u00e9t\u00e9 accept\u00e9, permettant l\u2019organisation de cinq camps de pr\u00e9paration enti\u00e8rement financ\u00e9s par l\u2019instance internationale. \u00ab Nous sommes mobilis\u00e9s pour que les jeunes puissent \u00e9merger \u00bb, souligne le pr\u00e9sident. Le B\u00e9nin a m\u00eame \u00e9t\u00e9 d\u00e9sign\u00e9 pour accueillir une comp\u00e9tition francophone, offrant une opportunit\u00e9 suppl\u00e9mentaire \u00e0 ses athl\u00e8tes.<\/p>\n\n\n\n<p>Ce dynamisme s\u2019appuie sur une Direction Technique Nationale d\u00e9sormais professionnalis\u00e9e. \u00ab La Direction Technique est aujourd\u2019hui r\u00e9mun\u00e9r\u00e9e chaque mois, et a donc une obligation de r\u00e9sultats. Ils sont pleinement engag\u00e9s \u00bb, insiste Vi\u00e9rin D\u00e9gon, qui salue le soutien du chef de l\u2019\u00c9tat et du ministre des Sports. Cette structuration vise \u00e0 garantir la p\u00e9rennit\u00e9 des performances et \u00e0 instaurer une culture de l\u2019excellence.<\/p>\n\n\n\n<p>Enfin, le pr\u00e9sident lance un appel \u00e0 la mobilisation de tous : \u00ab J\u2019invite \u00e9galement les partenaires \u00e0 venir vers nous. Nous faisons d\u00e9j\u00e0 la d\u00e9marche vers eux ; il faut qu\u2019ils nous accompagnent afin que nous puissions disposer de plus de moyens pour soutenir encore davantage nos athl\u00e8tes. \u00bb Un message fort, \u00e0 l\u2019image de l\u2019athl\u00e9tisme b\u00e9ninois, qui entend bien s\u2019imposer sur la sc\u00e8ne continentale et mondiale gr\u00e2ce \u00e0 une politique ambitieuse et inclusive.<\/p>\n\n\n\n<figure class=\"wp-block-embed is-type-video is-provider-youtube wp-block-embed-youtube wp-embed-aspect-16-9 wp-has-aspect-ratio\"><div class=\"wp-block-embed__wrapper\">\n<iframe title=\"Sortie m\u00e9diatique du Pr\u00e9sident de la FBA\" width=\"640\" height=\"360\"  frameborder=\"0\" allow=\"accelerometer; autoplay; clipboard-write; encrypted-media; gyroscope; picture-in-picture; web-share\" referrerpolicy=\"strict-origin-when-cross-origin\" allowfullscreen class=\"lws-optimize-lazyload\" data-src=\"https:\/\/www.youtube.com\/embed\/TcQRfyu9iMw?feature=oembed\"><\/iframe>\n<\/div><\/figure>\n\n\n\n<figure class=\"wp-block-gallery has-nested-images columns-default is-cropped wp-block-gallery-1 is-layout-flex wp-block-gallery-is-layout-flex\">\n<figure class=\"wp-block-image size-large\"><img width=\"1024\" height=\"683\" data-id=\"3496\"  alt=\"\" class=\"wp-image-3496 lws-optimize-lazyload\"\/ data-src=\"https:\/\/athleben.org\/athleben\/wp-content\/uploads\/2025\/06\/IMG_6734-1024x683.jpg\" srcset=\"https:\/\/athleben.org\/athleben\/wp-content\/uploads\/2025\/06\/IMG_6734-1024x683.jpg 1024w, https:\/\/athleben.org\/athleben\/wp-content\/uploads\/2025\/06\/IMG_6734-300x200.jpg 300w, https:\/\/athleben.org\/athleben\/wp-content\/uploads\/2025\/06\/IMG_6734-768x512.jpg 768w, https:\/\/athleben.org\/athleben\/wp-content\/uploads\/2025\/06\/IMG_6734-1536x1024.jpg 1536w, https:\/\/athleben.org\/athleben\/wp-content\/uploads\/2025\/06\/IMG_6734-2048x1365.jpg 2048w\" sizes=\"(max-width: 1024px) 100vw, 1024px\" \/><\/figure>\n\n\n\n<figure class=\"wp-block-image size-large\"><img width=\"1024\" height=\"768\" data-id=\"3497\"  alt=\"\" class=\"wp-image-3497 lws-optimize-lazyload\"\/ data-src=\"https:\/\/athleben.org\/athleben\/wp-content\/uploads\/2025\/06\/IMG-20250517-WA0044-1024x768.jpg\" srcset=\"https:\/\/athleben.org\/athleben\/wp-content\/uploads\/2025\/06\/IMG-20250517-WA0044-1024x768.jpg 1024w, https:\/\/athleben.org\/athleben\/wp-content\/uploads\/2025\/06\/IMG-20250517-WA0044-300x225.jpg 300w, https:\/\/athleben.org\/athleben\/wp-content\/uploads\/2025\/06\/IMG-20250517-WA0044-768x576.jpg 768w, https:\/\/athleben.org\/athleben\/wp-content\/uploads\/2025\/06\/IMG-20250517-WA0044-1536x1152.jpg 1536w, https:\/\/athleben.org\/athleben\/wp-content\/uploads\/2025\/06\/IMG-20250517-WA0044-2048x1536.jpg 2048w\" sizes=\"(max-width: 1024px) 100vw, 1024px\" \/><\/figure>\n<\/figure>\n","protected":false},"excerpt":{"rendered":"<p>L\u2019athl\u00e9tisme b\u00e9ninois affiche une ambition renouvel\u00e9e et une dynamique de croissance sans pr\u00e9c\u00e9dent. \u00c0 travers la voix de son pr\u00e9sident, Vi\u00e9rin D\u00e9gon, la F\u00e9d\u00e9ration b\u00e9ninoise [&hellip;]<\/p>\n","protected":false},"author":2,"featured_media":3495,"comment_status":"open","ping_status":"closed","sticky":false,"template":"","format":"standard","meta":{"footnotes":""},"categories":[22],"tags":[],"class_list":["post-3494","post","type-post","status-publish","format-standard","has-post-thumbnail","hentry","category-athle"],"yoast_head":"<!-- This site is optimized with the Yoast SEO plugin v27.1.1 - https:\/\/yoast.com\/product\/yoast-seo-wordpress\/ -->\n<title>Sortie m\u00e9diatique ce lundi 9 juin 2025 du Pr\u00e9sident de la FBA - F\u00e9d\u00e9ration B\u00e9ninoise d&#039;Athl\u00e9tisme<\/title>\n<meta name=\"robots\" content=\"index, follow, max-snippet:-1, max-image-preview:large, max-video-preview:-1\" \/>\n<link rel=\"canonical\" href=\"https:\/\/athleben.org\/athleben\/sortie-mediatique-ce-lundi-9-juin-2025-du-president-de-la-fba\/\" \/>\n<meta property=\"og:locale\" content=\"fr_FR\" \/>\n<meta property=\"og:type\" content=\"article\" \/>\n<meta property=\"og:title\" content=\"Sortie m\u00e9diatique ce lundi 9 juin 2025 du Pr\u00e9sident de la FBA - F\u00e9d\u00e9ration B\u00e9ninoise d&#039;Athl\u00e9tisme\" \/>\n<meta property=\"og:description\" content=\"L\u2019athl\u00e9tisme b\u00e9ninois affiche une ambition renouvel\u00e9e et une dynamique de croissance sans pr\u00e9c\u00e9dent. \u00c0 travers la voix de son pr\u00e9sident, Vi\u00e9rin D\u00e9gon, la F\u00e9d\u00e9ration b\u00e9ninoise [&hellip;]\" \/>\n<meta property=\"og:url\" content=\"https:\/\/athleben.org\/athleben\/sortie-mediatique-ce-lundi-9-juin-2025-du-president-de-la-fba\/\" \/>\n<meta property=\"og:site_name\" content=\"F\u00e9d\u00e9ration B\u00e9ninoise d&#039;Athl\u00e9tisme\" \/>\n<meta property=\"article:publisher\" content=\"https:\/\/web.facebook.com\/FederationBeninoiseAthletisme\" \/>\n<meta property=\"article:published_time\" content=\"2025-06-09T11:12:50+00:00\" \/>\n<meta property=\"article:modified_time\" content=\"2025-06-19T09:35:59+00:00\" \/>\n<meta property=\"og:image\" content=\"https:\/\/athleben.org\/athleben\/wp-content\/uploads\/2025\/06\/IMG-20250610-WA0048.jpg\" \/>\n\t<meta property=\"og:image:width\" content=\"2560\" \/>\n\t<meta property=\"og:image:height\" content=\"1706\" \/>\n\t<meta property=\"og:image:type\" content=\"image\/jpeg\" \/>\n<meta name=\"author\" content=\"R\u00e9daction\" \/>\n<meta name=\"twitter:card\" content=\"summary_large_image\" \/>\n<meta name=\"twitter:creator\" content=\"@BeninoiseD\" \/>\n<meta name=\"twitter:site\" content=\"@BeninoiseD\" \/>\n<meta name=\"twitter:label1\" content=\"\u00c9crit par\" \/>\n\t<meta name=\"twitter:data1\" content=\"R\u00e9daction\" \/>\n\t<meta name=\"twitter:label2\" content=\"Dur\u00e9e de lecture estim\u00e9e\" \/>\n\t<meta name=\"twitter:data2\" content=\"4 minutes\" \/>\n<script type=\"application\/ld+json\" class=\"yoast-schema-graph\">{\"@context\":\"https:\/\/schema.org\",\"@graph\":[{\"@type\":\"Article\",\"@id\":\"https:\/\/athleben.org\/athleben\/sortie-mediatique-ce-lundi-9-juin-2025-du-president-de-la-fba\/#article\",\"isPartOf\":{\"@id\":\"https:\/\/athleben.org\/athleben\/sortie-mediatique-ce-lundi-9-juin-2025-du-president-de-la-fba\/\"},\"author\":{\"name\":\"R\u00e9daction\",\"@id\":\"https:\/\/athleben.org\/athleben\/#\/schema\/person\/8e674441e65cf8d584b9dd06d96e68c5\"},\"headline\":\"Sortie m\u00e9diatique ce lundi 9 juin 2025 du Pr\u00e9sident de la FBA\",\"datePublished\":\"2025-06-09T11:12:50+00:00\",\"dateModified\":\"2025-06-19T09:35:59+00:00\",\"mainEntityOfPage\":{\"@id\":\"https:\/\/athleben.org\/athleben\/sortie-mediatique-ce-lundi-9-juin-2025-du-president-de-la-fba\/\"},\"wordCount\":855,\"commentCount\":0,\"publisher\":{\"@id\":\"https:\/\/athleben.org\/athleben\/#organization\"},\"image\":{\"@id\":\"https:\/\/athleben.org\/athleben\/sortie-mediatique-ce-lundi-9-juin-2025-du-president-de-la-fba\/#primaryimage\"},\"thumbnailUrl\":\"https:\/\/athleben.org\/athleben\/wp-content\/uploads\/2025\/06\/IMG-20250610-WA0048.jpg\",\"articleSection\":[\"Athl\u00e9tisme\"],\"inLanguage\":\"fr-FR\",\"potentialAction\":[{\"@type\":\"CommentAction\",\"name\":\"Comment\",\"target\":[\"https:\/\/athleben.org\/athleben\/sortie-mediatique-ce-lundi-9-juin-2025-du-president-de-la-fba\/#respond\"]}]},{\"@type\":\"WebPage\",\"@id\":\"https:\/\/athleben.org\/athleben\/sortie-mediatique-ce-lundi-9-juin-2025-du-president-de-la-fba\/\",\"url\":\"https:\/\/athleben.org\/athleben\/sortie-mediatique-ce-lundi-9-juin-2025-du-president-de-la-fba\/\",\"name\":\"Sortie m\u00e9diatique ce lundi 9 juin 2025 du Pr\u00e9sident de la FBA - F\u00e9d\u00e9ration B\u00e9ninoise d&#039;Athl\u00e9tisme\",\"isPartOf\":{\"@id\":\"https:\/\/athleben.org\/athleben\/#website\"},\"primaryImageOfPage\":{\"@id\":\"https:\/\/athleben.org\/athleben\/sortie-mediatique-ce-lundi-9-juin-2025-du-president-de-la-fba\/#primaryimage\"},\"image\":{\"@id\":\"https:\/\/athleben.org\/athleben\/sortie-mediatique-ce-lundi-9-juin-2025-du-president-de-la-fba\/#primaryimage\"},\"thumbnailUrl\":\"https:\/\/athleben.org\/athleben\/wp-content\/uploads\/2025\/06\/IMG-20250610-WA0048.jpg\",\"datePublished\":\"2025-06-09T11:12:50+00:00\",\"dateModified\":\"2025-06-19T09:35:59+00:00\",\"breadcrumb\":{\"@id\":\"https:\/\/athleben.org\/athleben\/sortie-mediatique-ce-lundi-9-juin-2025-du-president-de-la-fba\/#breadcrumb\"},\"inLanguage\":\"fr-FR\",\"potentialAction\":[{\"@type\":\"ReadAction\",\"target\":[\"https:\/\/athleben.org\/athleben\/sortie-mediatique-ce-lundi-9-juin-2025-du-president-de-la-fba\/\"]}]},{\"@type\":\"ImageObject\",\"inLanguage\":\"fr-FR\",\"@id\":\"https:\/\/athleben.org\/athleben\/sortie-mediatique-ce-lundi-9-juin-2025-du-president-de-la-fba\/#primaryimage\",\"url\":\"https:\/\/athleben.org\/athleben\/wp-content\/uploads\/2025\/06\/IMG-20250610-WA0048.jpg\",\"contentUrl\":\"https:\/\/athleben.org\/athleben\/wp-content\/uploads\/2025\/06\/IMG-20250610-WA0048.jpg\",\"width\":2560,\"height\":1706},{\"@type\":\"BreadcrumbList\",\"@id\":\"https:\/\/athleben.org\/athleben\/sortie-mediatique-ce-lundi-9-juin-2025-du-president-de-la-fba\/#breadcrumb\",\"itemListElement\":[{\"@type\":\"ListItem\",\"position\":1,\"name\":\"Accueil\",\"item\":\"https:\/\/athleben.org\/athleben\/\"},{\"@type\":\"ListItem\",\"position\":2,\"name\":\"Sortie m\u00e9diatique ce lundi 9 juin 2025 du Pr\u00e9sident de la FBA\"}]},{\"@type\":\"WebSite\",\"@id\":\"https:\/\/athleben.org\/athleben\/#website\",\"url\":\"https:\/\/athleben.org\/athleben\/\",\"name\":\"F\u00e9d\u00e9ration B\u00e9ninoise d'Athl\u00e9tisme\",\"description\":\"Athl\u00e9tisme, ma fiert\u00e9, je m&#039;engage.\",\"publisher\":{\"@id\":\"https:\/\/athleben.org\/athleben\/#organization\"},\"potentialAction\":[{\"@type\":\"SearchAction\",\"target\":{\"@type\":\"EntryPoint\",\"urlTemplate\":\"https:\/\/athleben.org\/athleben\/?s={search_term_string}\"},\"query-input\":{\"@type\":\"PropertyValueSpecification\",\"valueRequired\":true,\"valueName\":\"search_term_string\"}}],\"inLanguage\":\"fr-FR\"},{\"@type\":\"Organization\",\"@id\":\"https:\/\/athleben.org\/athleben\/#organization\",\"name\":\"F\u00e9d\u00e9ration B\u00e9ninoise d'Athl\u00e9tisme\",\"url\":\"https:\/\/athleben.org\/athleben\/\",\"logo\":{\"@type\":\"ImageObject\",\"inLanguage\":\"fr-FR\",\"@id\":\"https:\/\/athleben.org\/athleben\/#\/schema\/logo\/image\/\",\"url\":\"https:\/\/athleben.org\/athleben\/wp-content\/uploads\/2024\/01\/logo-fba-new.png\",\"contentUrl\":\"https:\/\/athleben.org\/athleben\/wp-content\/uploads\/2024\/01\/logo-fba-new.png\",\"width\":162,\"height\":169,\"caption\":\"F\u00e9d\u00e9ration B\u00e9ninoise d'Athl\u00e9tisme\"},\"image\":{\"@id\":\"https:\/\/athleben.org\/athleben\/#\/schema\/logo\/image\/\"},\"sameAs\":[\"https:\/\/web.facebook.com\/FederationBeninoiseAthletisme\",\"https:\/\/x.com\/BeninoiseD\",\"https:\/\/www.instagram.com\/fbathle\"]},{\"@type\":\"Person\",\"@id\":\"https:\/\/athleben.org\/athleben\/#\/schema\/person\/8e674441e65cf8d584b9dd06d96e68c5\",\"name\":\"R\u00e9daction\",\"image\":{\"@type\":\"ImageObject\",\"inLanguage\":\"fr-FR\",\"@id\":\"https:\/\/athleben.org\/athleben\/#\/schema\/person\/image\/\",\"url\":\"https:\/\/secure.gravatar.com\/avatar\/bb62d62970513855ce068679bf0975b0d5aff01ca9d25756de5d17f8d51767b9?s=96&d=mm&r=g\",\"contentUrl\":\"https:\/\/secure.gravatar.com\/avatar\/bb62d62970513855ce068679bf0975b0d5aff01ca9d25756de5d17f8d51767b9?s=96&d=mm&r=g\",\"caption\":\"R\u00e9daction\"},\"url\":\"https:\/\/athleben.org\/athleben\/author\/achille\/\"}]}<\/script>\n<!-- \/ Yoast SEO plugin. -->","yoast_head_json":{"title":"Sortie m\u00e9diatique ce lundi 9 juin 2025 du Pr\u00e9sident de la FBA - F\u00e9d\u00e9ration B\u00e9ninoise d&#039;Athl\u00e9tisme","robots":{"index":"index","follow":"follow","max-snippet":"max-snippet:-1","max-image-preview":"max-image-preview:large","max-video-preview":"max-video-preview:-1"},"canonical":"https:\/\/athleben.org\/athleben\/sortie-mediatique-ce-lundi-9-juin-2025-du-president-de-la-fba\/","og_locale":"fr_FR","og_type":"article","og_title":"Sortie m\u00e9diatique ce lundi 9 juin 2025 du Pr\u00e9sident de la FBA - F\u00e9d\u00e9ration B\u00e9ninoise d&#039;Athl\u00e9tisme","og_description":"L\u2019athl\u00e9tisme b\u00e9ninois affiche une ambition renouvel\u00e9e et une dynamique de croissance sans pr\u00e9c\u00e9dent. \u00c0 travers la voix de son pr\u00e9sident, Vi\u00e9rin D\u00e9gon, la F\u00e9d\u00e9ration b\u00e9ninoise [&hellip;]","og_url":"https:\/\/athleben.org\/athleben\/sortie-mediatique-ce-lundi-9-juin-2025-du-president-de-la-fba\/","og_site_name":"F\u00e9d\u00e9ration B\u00e9ninoise d&#039;Athl\u00e9tisme","article_publisher":"https:\/\/web.facebook.com\/FederationBeninoiseAthletisme","article_published_time":"2025-06-09T11:12:50+00:00","article_modified_time":"2025-06-19T09:35:59+00:00","og_image":[{"width":2560,"height":1706,"url":"https:\/\/athleben.org\/athleben\/wp-content\/uploads\/2025\/06\/IMG-20250610-WA0048.jpg","type":"image\/jpeg"}],"author":"R\u00e9daction","twitter_card":"summary_large_image","twitter_creator":"@BeninoiseD","twitter_site":"@BeninoiseD","twitter_misc":{"\u00c9crit par":"R\u00e9daction","Dur\u00e9e de lecture estim\u00e9e":"4 minutes"},"schema":{"@context":"https:\/\/schema.org","@graph":[{"@type":"Article","@id":"https:\/\/athleben.org\/athleben\/sortie-mediatique-ce-lundi-9-juin-2025-du-president-de-la-fba\/#article","isPartOf":{"@id":"https:\/\/athleben.org\/athleben\/sortie-mediatique-ce-lundi-9-juin-2025-du-president-de-la-fba\/"},"author":{"name":"R\u00e9daction","@id":"https:\/\/athleben.org\/athleben\/#\/schema\/person\/8e674441e65cf8d584b9dd06d96e68c5"},"headline":"Sortie m\u00e9diatique ce lundi 9 juin 2025 du Pr\u00e9sident de la FBA","datePublished":"2025-06-09T11:12:50+00:00","dateModified":"2025-06-19T09:35:59+00:00","mainEntityOfPage":{"@id":"https:\/\/athleben.org\/athleben\/sortie-mediatique-ce-lundi-9-juin-2025-du-president-de-la-fba\/"},"wordCount":855,"commentCount":0,"publisher":{"@id":"https:\/\/athleben.org\/athleben\/#organization"},"image":{"@id":"https:\/\/athleben.org\/athleben\/sortie-mediatique-ce-lundi-9-juin-2025-du-president-de-la-fba\/#primaryimage"},"thumbnailUrl":"https:\/\/athleben.org\/athleben\/wp-content\/uploads\/2025\/06\/IMG-20250610-WA0048.jpg","articleSection":["Athl\u00e9tisme"],"inLanguage":"fr-FR","potentialAction":[{"@type":"CommentAction","name":"Comment","target":["https:\/\/athleben.org\/athleben\/sortie-mediatique-ce-lundi-9-juin-2025-du-president-de-la-fba\/#respond"]}]},{"@type":"WebPage","@id":"https:\/\/athleben.org\/athleben\/sortie-mediatique-ce-lundi-9-juin-2025-du-president-de-la-fba\/","url":"https:\/\/athleben.org\/athleben\/sortie-mediatique-ce-lundi-9-juin-2025-du-president-de-la-fba\/","name":"Sortie m\u00e9diatique ce lundi 9 juin 2025 du Pr\u00e9sident de la FBA - F\u00e9d\u00e9ration B\u00e9ninoise d&#039;Athl\u00e9tisme","isPartOf":{"@id":"https:\/\/athleben.org\/athleben\/#website"},"primaryImageOfPage":{"@id":"https:\/\/athleben.org\/athleben\/sortie-mediatique-ce-lundi-9-juin-2025-du-president-de-la-fba\/#primaryimage"},"image":{"@id":"https:\/\/athleben.org\/athleben\/sortie-mediatique-ce-lundi-9-juin-2025-du-president-de-la-fba\/#primaryimage"},"thumbnailUrl":"https:\/\/athleben.org\/athleben\/wp-content\/uploads\/2025\/06\/IMG-20250610-WA0048.jpg","datePublished":"2025-06-09T11:12:50+00:00","dateModified":"2025-06-19T09:35:59+00:00","breadcrumb":{"@id":"https:\/\/athleben.org\/athleben\/sortie-mediatique-ce-lundi-9-juin-2025-du-president-de-la-fba\/#breadcrumb"},"inLanguage":"fr-FR","potentialAction":[{"@type":"ReadAction","target":["https:\/\/athleben.org\/athleben\/sortie-mediatique-ce-lundi-9-juin-2025-du-president-de-la-fba\/"]}]},{"@type":"ImageObject","inLanguage":"fr-FR","@id":"https:\/\/athleben.org\/athleben\/sortie-mediatique-ce-lundi-9-juin-2025-du-president-de-la-fba\/#primaryimage","url":"https:\/\/athleben.org\/athleben\/wp-content\/uploads\/2025\/06\/IMG-20250610-WA0048.jpg","contentUrl":"https:\/\/athleben.org\/athleben\/wp-content\/uploads\/2025\/06\/IMG-20250610-WA0048.jpg","width":2560,"height":1706},{"@type":"BreadcrumbList","@id":"https:\/\/athleben.org\/athleben\/sortie-mediatique-ce-lundi-9-juin-2025-du-president-de-la-fba\/#breadcrumb","itemListElement":[{"@type":"ListItem","position":1,"name":"Accueil","item":"https:\/\/athleben.org\/athleben\/"},{"@type":"ListItem","position":2,"name":"Sortie m\u00e9diatique ce lundi 9 juin 2025 du Pr\u00e9sident de la FBA"}]},{"@type":"WebSite","@id":"https:\/\/athleben.org\/athleben\/#website","url":"https:\/\/athleben.org\/athleben\/","name":"F\u00e9d\u00e9ration B\u00e9ninoise d'Athl\u00e9tisme","description":"Athl\u00e9tisme, ma fiert\u00e9, je m&#039;engage.","publisher":{"@id":"https:\/\/athleben.org\/athleben\/#organization"},"potentialAction":[{"@type":"SearchAction","target":{"@type":"EntryPoint","urlTemplate":"https:\/\/athleben.org\/athleben\/?s={search_term_string}"},"query-input":{"@type":"PropertyValueSpecification","valueRequired":true,"valueName":"search_term_string"}}],"inLanguage":"fr-FR"},{"@type":"Organization","@id":"https:\/\/athleben.org\/athleben\/#organization","name":"F\u00e9d\u00e9ration B\u00e9ninoise d'Athl\u00e9tisme","url":"https:\/\/athleben.org\/athleben\/","logo":{"@type":"ImageObject","inLanguage":"fr-FR","@id":"https:\/\/athleben.org\/athleben\/#\/schema\/logo\/image\/","url":"https:\/\/athleben.org\/athleben\/wp-content\/uploads\/2024\/01\/logo-fba-new.png","contentUrl":"https:\/\/athleben.org\/athleben\/wp-content\/uploads\/2024\/01\/logo-fba-new.png","width":162,"height":169,"caption":"F\u00e9d\u00e9ration B\u00e9ninoise d'Athl\u00e9tisme"},"image":{"@id":"https:\/\/athleben.org\/athleben\/#\/schema\/logo\/image\/"},"sameAs":["https:\/\/web.facebook.com\/FederationBeninoiseAthletisme","https:\/\/x.com\/BeninoiseD","https:\/\/www.instagram.com\/fbathle"]},{"@type":"Person","@id":"https:\/\/athleben.org\/athleben\/#\/schema\/person\/8e674441e65cf8d584b9dd06d96e68c5","name":"R\u00e9daction","image":{"@type":"ImageObject","inLanguage":"fr-FR","@id":"https:\/\/athleben.org\/athleben\/#\/schema\/person\/image\/","url":"https:\/\/secure.gravatar.com\/avatar\/bb62d62970513855ce068679bf0975b0d5aff01ca9d25756de5d17f8d51767b9?s=96&d=mm&r=g","contentUrl":"https:\/\/secure.gravatar.com\/avatar\/bb62d62970513855ce068679bf0975b0d5aff01ca9d25756de5d17f8d51767b9?s=96&d=mm&r=g","caption":"R\u00e9daction"},"url":"https:\/\/athleben.org\/athleben\/author\/achille\/"}]}},"_links":{"self":[{"href":"https:\/\/athleben.org\/athleben\/wp-json\/wp\/v2\/posts\/3494","targetHints":{"allow":["GET"]}}],"collection":[{"href":"https:\/\/athleben.org\/athleben\/wp-json\/wp\/v2\/posts"}],"about":[{"href":"https:\/\/athleben.org\/athleben\/wp-json\/wp\/v2\/types\/post"}],"author":[{"embeddable":true,"href":"https:\/\/athleben.org\/athleben\/wp-json\/wp\/v2\/users\/2"}],"replies":[{"embeddable":true,"href":"https:\/\/athleben.org\/athleben\/wp-json\/wp\/v2\/comments?post=3494"}],"version-history":[{"count":2,"href":"https:\/\/athleben.org\/athleben\/wp-json\/wp\/v2\/posts\/3494\/revisions"}],"predecessor-version":[{"id":3500,"href":"https:\/\/athleben.org\/athleben\/wp-json\/wp\/v2\/posts\/3494\/revisions\/3500"}],"wp:featuredmedia":[{"embeddable":true,"href":"https:\/\/athleben.org\/athleben\/wp-json\/wp\/v2\/media\/3495"}],"wp:attachment":[{"href":"https:\/\/athleben.org\/athleben\/wp-json\/wp\/v2\/media?parent=3494"}],"wp:term":[{"taxonomy":"category","embeddable":true,"href":"https:\/\/athleben.org\/athleben\/wp-json\/wp\/v2\/categories?post=3494"},{"taxonomy":"post_tag","embeddable":true,"href":"https:\/\/athleben.org\/athleben\/wp-json\/wp\/v2\/tags?post=3494"}],"curies":[{"name":"wp","href":"https:\/\/api.w.org\/{rel}","templated":true}]}}