{"id":3393,"date":"2025-05-18T13:58:51","date_gmt":"2025-05-18T12:58:51","guid":{"rendered":"https:\/\/athleben.org\/athleben\/?p=3393"},"modified":"2025-05-19T11:32:18","modified_gmt":"2025-05-19T10:32:18","slug":"reunion-du-comite-directeur-federal","status":"publish","type":"post","link":"https:\/\/athleben.org\/athleben\/reunion-du-comite-directeur-federal\/","title":{"rendered":"R\u00e9union du comit\u00e9 directeur f\u00e9d\u00e9ral"},"content":{"rendered":"\n<p>Le Comit\u00e9 directeur f\u00e9d\u00e9ral (CoDiF) de la F\u00e9d\u00e9ration b\u00e9ninoise d&rsquo;athl\u00e9tisme (FBA) s\u2019est r\u00e9uni ce samedi 17 mai 2025 \u00e0 Cotonou, marquant sa premi\u00e8re rencontre depuis l\u2019Assembl\u00e9e g\u00e9n\u00e9rale \u00e9lective du 28 d\u00e9cembre 2024 \u00e0 Dassa-Zoum\u00e8. Cette r\u00e9union a \u00e9t\u00e9 riche en d\u00e9cisions importantes pour le d\u00e9veloppement et la structuration de l\u2019athl\u00e9tisme au B\u00e9nin.<\/p>\n\n\n\n<p>A la F\u00e9d\u00e9ration b\u00e9ninoise d\u2019athl\u00e9tisme (FBA), d\u2019importances d\u00e9cisions ont \u00e9t\u00e9 prises pour le d\u00e9veloppement de la discipline. C\u2019est au cours de la premi\u00e8re r\u00e9union Comit\u00e9 directeur f\u00e9d\u00e9ral (CoDiF) apr\u00e8s l\u2019Assembl\u00e9e g\u00e9n\u00e9rale \u00e9lective du 28 d\u00e9cembre 2024 \u00e0 Dassa-Zoum\u00e8.<br>D\u00e8s l\u2019ouverture de la s\u00e9ance, tenue samedi 17 mai 2025 au si\u00e8ge de la f\u00e9d\u00e9ration \u00e0 Cotonou, le pr\u00e9sident Vi\u00e9rin D\u00e9gon a donn\u00e9 la parole au Secr\u00e9tariat g\u00e9n\u00e9ral, Achille A\u00efhou, pour pr\u00e9senter les nouveaux membres int\u00e9gr\u00e9s au bureau ex\u00e9cutif f\u00e9d\u00e9ral. Le pr\u00e9sident a ensuite salu\u00e9 la pr\u00e9sence des diff\u00e9rents acteurs, mettant en avant la Ligue du Mono qui a d\u00e9j\u00e0 entam\u00e9 ses activit\u00e9s statutaires, signe d\u2019une dynamique positive au sein de la discipline.<\/p>\n\n\n\n<p>Parmi les d\u00e9cisions majeures, le CoDiF a pris la r\u00e9solution de prendre en charge les soins sanitaires des athl\u00e8tes Edmond Hounthon (bless\u00e9) et Mirabelle Samb (bless\u00e9e lors des Gymnasiades 2025 en Serbie). Par ailleurs, la fermeture du p\u00f4le d\u2019entra\u00eenement de Porto-Novo a \u00e9t\u00e9 act\u00e9e, tandis qu\u2019un soutien a \u00e9t\u00e9 apport\u00e9 aux athl\u00e8tes Didier Kiki, B\u00e9atrice Midomid\u00e9 et R\u00e9mi Adandjo, qui poursuivront d\u00e9sormais leur pr\u00e9paration au Nigeria. Ces mesures traduisent une volont\u00e9 de recentrer les ressources et d\u2019optimiser la pr\u00e9paration des athl\u00e8tes.<\/p>\n\n\n\n<p>Le comit\u00e9 a \u00e9galement d\u00e9cid\u00e9 de la cr\u00e9ation de deux comit\u00e9s th\u00e9matiques : l\u2019un d\u00e9di\u00e9 \u00e0 la mobilisation des ressources, l\u2019autre \u00e0 la professionnalisation de la f\u00e9d\u00e9ration. Ces initiatives visent \u00e0 renforcer la gouvernance et \u00e0 assurer une meilleure p\u00e9rennit\u00e9 des actions men\u00e9es.<\/p>\n\n\n\n<p>Concernant le calendrier sportif, les dates des championnats nationaux ont \u00e9t\u00e9 fix\u00e9es du 7 au 10 ao\u00fbt 2025. Ces comp\u00e9titions seront un moment cl\u00e9 pour \u00e9valuer les performances des athl\u00e8tes et pr\u00e9parer les \u00e9ch\u00e9ances internationales. En outre, le CoDiF a autoris\u00e9 une mission du pr\u00e9sident Vi\u00e9rin D\u00e9gon au Maroc, dans le but de nouer un partenariat avec la F\u00e9d\u00e9ration royale marocaine d\u2019athl\u00e9tisme, une d\u00e9marche strat\u00e9gique pour favoriser les \u00e9changes et les coop\u00e9rations.<br>Un invit\u00e9 de marque porte une comp\u00e9tition<br>La r\u00e9union a \u00e9galement \u00e9t\u00e9 l\u2019occasion d\u2019accueillir Daniel Schultz, vice-pr\u00e9sident du Comit\u00e9 international des sports francophones (CISF). Il a pr\u00e9sent\u00e9 un projet de comp\u00e9tition de haut niveau qui se tiendra \u00e0 Cotonou \u00e0 la fin de l\u2019ann\u00e9e. \u00ab Aujourd\u2019hui, les choses ont un peu \u00e9volu\u00e9 car je viens non plus seulement en tant que pr\u00e9sident de l\u2019association des f\u00e9d\u00e9rations francophones de tennis, mais en tant que vice-pr\u00e9sident de l\u2019ensemble des sports que l\u2019on trouve dans l\u2019espace francophone \u00bb, a-t-il expliqu\u00e9.<br>Cette manifestation comprendra huit \u00e9preuves d\u2019athl\u00e9tisme hommes et femmes, ainsi que des activit\u00e9s de sensibilisation aupr\u00e8s des jeunes scolaires et une formation de cadres sportifs et politiques. \u00ab Voil\u00e0 pourquoi je suis l\u00e0, pour essayer de pr\u00e9parer avec la f\u00e9d\u00e9ration d\u2019athl\u00e9tisme, son pr\u00e9sident et l\u2019ensemble de son comit\u00e9 ex\u00e9cutif, cette tr\u00e8s belle manifestation \u00bb, a-t-il ajout\u00e9.<\/p>\n\n\n\n<p>Ces d\u00e9cisions et projets t\u00e9moignent d\u2019une volont\u00e9 affirm\u00e9e de dynamiser l\u2019athl\u00e9tisme b\u00e9ninois et de renforcer son rayonnement r\u00e9gional et international.<\/p>\n\n\n\n<div class=\"wp-block-jetpack-tiled-gallery aligncenter is-style-rectangular\"><div class=\"has-rounded-corners-20\"><div class=\"tiled-gallery__gallery\"><div class=\"tiled-gallery__row\"><div class=\"tiled-gallery__col\" style=\"flex-basis:44.26865%\"><figure class=\"tiled-gallery__item\"><img alt=\"\" data-height=\"1600\" data-id=\"3487\" data-link=\"https:\/\/athleben.org\/athleben\/whatsapp-image-2025-05-18-a-13-19-09_be287b04\/\" data-url=\"https:\/\/athleben.org\/athleben\/wp-content\/uploads\/2025\/05\/WhatsApp-Image-2025-05-18-a-13.19.09_be287b04-1024x640.jpg\" data-width=\"2560\"  data-amp-layout=\"responsive\" tabindex=\"0\" role=\"button\" aria-label=\"Ouvrir l\u2019image 1 sur 46 en plein \u00e9cran\"\/ class=\"lws-optimize-lazyload\" data-src=\"https:\/\/i0.wp.com\/athleben.org\/athleben\/wp-content\/uploads\/2025\/05\/WhatsApp-Image-2025-05-18-a-13.19.09_be287b04-1024x640.jpg?ssl=1\"><\/figure><figure class=\"tiled-gallery__item\"><img alt=\"\" data-height=\"1600\" data-id=\"3486\" data-link=\"https:\/\/athleben.org\/athleben\/whatsapp-image-2025-05-18-a-13-19-07_e7992637\/\" data-url=\"https:\/\/athleben.org\/athleben\/wp-content\/uploads\/2025\/05\/WhatsApp-Image-2025-05-18-a-13.19.07_e7992637-1024x640.jpg\" data-width=\"2560\"  data-amp-layout=\"responsive\" tabindex=\"0\" role=\"button\" aria-label=\"Ouvrir l\u2019image 2 sur 46 en plein \u00e9cran\"\/ class=\"lws-optimize-lazyload\" data-src=\"https:\/\/i0.wp.com\/athleben.org\/athleben\/wp-content\/uploads\/2025\/05\/WhatsApp-Image-2025-05-18-a-13.19.07_e7992637-1024x640.jpg?ssl=1\"><\/figure><\/div><div class=\"tiled-gallery__col\" style=\"flex-basis:55.73135%\"><figure class=\"tiled-gallery__item\"><img alt=\"\" data-height=\"2560\" data-id=\"3485\" data-link=\"https:\/\/athleben.org\/athleben\/whatsapp-image-2025-05-18-a-13-19-06_8671d1eb\/\" data-url=\"https:\/\/athleben.org\/athleben\/wp-content\/uploads\/2025\/05\/WhatsApp-Image-2025-05-18-a-13.19.06_8671d1eb-1024x1024.jpg\" data-width=\"2560\"  data-amp-layout=\"responsive\" tabindex=\"0\" role=\"button\" aria-label=\"Ouvrir l\u2019image 3 sur 46 en plein \u00e9cran\"\/ class=\"lws-optimize-lazyload\" data-src=\"https:\/\/i0.wp.com\/athleben.org\/athleben\/wp-content\/uploads\/2025\/05\/WhatsApp-Image-2025-05-18-a-13.19.06_8671d1eb-1024x1024.jpg?ssl=1\"><\/figure><\/div><\/div><div class=\"tiled-gallery__row\"><div class=\"tiled-gallery__col\" style=\"flex-basis:66.74718%\"><figure class=\"tiled-gallery__item\"><img alt=\"\" data-height=\"2560\" data-id=\"3484\" data-link=\"https:\/\/athleben.org\/athleben\/whatsapp-image-2025-05-18-a-13-19-06_427b56a5\/\" data-url=\"https:\/\/athleben.org\/athleben\/wp-content\/uploads\/2025\/05\/WhatsApp-Image-2025-05-18-a-13.19.06_427b56a5-1024x1024.jpg\" data-width=\"2560\"  data-amp-layout=\"responsive\" tabindex=\"0\" role=\"button\" aria-label=\"Ouvrir l\u2019image 4 sur 46 en plein \u00e9cran\"\/ class=\"lws-optimize-lazyload\" data-src=\"https:\/\/i0.wp.com\/athleben.org\/athleben\/wp-content\/uploads\/2025\/05\/WhatsApp-Image-2025-05-18-a-13.19.06_427b56a5-1024x1024.jpg?ssl=1\"><\/figure><\/div><div class=\"tiled-gallery__col\" style=\"flex-basis:33.25282%\"><figure class=\"tiled-gallery__item\"><img alt=\"\" data-height=\"2560\" data-id=\"3483\" data-link=\"https:\/\/athleben.org\/athleben\/whatsapp-image-2025-05-18-a-13-19-05_ac1378c2\/\" data-url=\"https:\/\/athleben.org\/athleben\/wp-content\/uploads\/2025\/05\/WhatsApp-Image-2025-05-18-a-13.19.05_ac1378c2-1024x1024.jpg\" data-width=\"2560\"  data-amp-layout=\"responsive\" tabindex=\"0\" role=\"button\" aria-label=\"Ouvrir l\u2019image 5 sur 46 en plein \u00e9cran\"\/ class=\"lws-optimize-lazyload\" data-src=\"https:\/\/i0.wp.com\/athleben.org\/athleben\/wp-content\/uploads\/2025\/05\/WhatsApp-Image-2025-05-18-a-13.19.05_ac1378c2-1024x1024.jpg?ssl=1\"><\/figure><figure class=\"tiled-gallery__item\"><img alt=\"\" data-height=\"2560\" data-id=\"3482\" data-link=\"https:\/\/athleben.org\/athleben\/whatsapp-image-2025-05-18-a-13-19-05_d9ed545e\/\" data-url=\"https:\/\/athleben.org\/athleben\/wp-content\/uploads\/2025\/05\/WhatsApp-Image-2025-05-18-a-13.19.05_d9ed545e-1024x1024.jpg\" data-width=\"2560\"  data-amp-layout=\"responsive\" tabindex=\"0\" role=\"button\" aria-label=\"Ouvrir l\u2019image 6 sur 46 en plein \u00e9cran\"\/ class=\"lws-optimize-lazyload\" data-src=\"https:\/\/i0.wp.com\/athleben.org\/athleben\/wp-content\/uploads\/2025\/05\/WhatsApp-Image-2025-05-18-a-13.19.05_d9ed545e-1024x1024.jpg?ssl=1\"><\/figure><\/div><\/div><div class=\"tiled-gallery__row\"><div class=\"tiled-gallery__col\" style=\"flex-basis:50.00000%\"><figure class=\"tiled-gallery__item\"><img alt=\"\" data-height=\"1706\" data-id=\"3481\" data-link=\"https:\/\/athleben.org\/athleben\/whatsapp-image-2025-05-18-a-13-19-10_8f942cc2\/\" data-url=\"https:\/\/athleben.org\/athleben\/wp-content\/uploads\/2025\/05\/WhatsApp-Image-2025-05-18-a-13.19.10_8f942cc2-1024x682.jpg\" data-width=\"2560\"  data-amp-layout=\"responsive\" tabindex=\"0\" role=\"button\" aria-label=\"Ouvrir l\u2019image 7 sur 46 en plein \u00e9cran\"\/ class=\"lws-optimize-lazyload\" data-src=\"https:\/\/i0.wp.com\/athleben.org\/athleben\/wp-content\/uploads\/2025\/05\/WhatsApp-Image-2025-05-18-a-13.19.10_8f942cc2-1024x682.jpg?ssl=1\"><\/figure><\/div><div class=\"tiled-gallery__col\" style=\"flex-basis:50.00000%\"><figure class=\"tiled-gallery__item\"><img alt=\"\" data-height=\"1706\" data-id=\"3480\" data-link=\"https:\/\/athleben.org\/athleben\/whatsapp-image-2025-05-18-a-13-19-08_3bbcfc7d\/\" data-url=\"https:\/\/athleben.org\/athleben\/wp-content\/uploads\/2025\/05\/WhatsApp-Image-2025-05-18-a-13.19.08_3bbcfc7d-1024x682.jpg\" data-width=\"2560\"  data-amp-layout=\"responsive\" tabindex=\"0\" role=\"button\" aria-label=\"Ouvrir l\u2019image 8 sur 46 en plein \u00e9cran\"\/ class=\"lws-optimize-lazyload\" data-src=\"https:\/\/i0.wp.com\/athleben.org\/athleben\/wp-content\/uploads\/2025\/05\/WhatsApp-Image-2025-05-18-a-13.19.08_3bbcfc7d-1024x682.jpg?ssl=1\"><\/figure><\/div><\/div><div class=\"tiled-gallery__row\"><div class=\"tiled-gallery__col\" style=\"flex-basis:30.01348%\"><figure class=\"tiled-gallery__item\"><img alt=\"\" data-height=\"2560\" data-id=\"3479\" data-link=\"https:\/\/athleben.org\/athleben\/whatsapp-image-2025-05-18-a-13-19-07_4b1e13b7\/\" data-url=\"https:\/\/athleben.org\/athleben\/wp-content\/uploads\/2025\/05\/WhatsApp-Image-2025-05-18-a-13.19.07_4b1e13b7-1024x1024.jpg\" data-width=\"2560\"  data-amp-layout=\"responsive\" tabindex=\"0\" role=\"button\" aria-label=\"Ouvrir l\u2019image 9 sur 46 en plein \u00e9cran\"\/ class=\"lws-optimize-lazyload\" data-src=\"https:\/\/i0.wp.com\/athleben.org\/athleben\/wp-content\/uploads\/2025\/05\/WhatsApp-Image-2025-05-18-a-13.19.07_4b1e13b7-1024x1024.jpg?ssl=1\"><\/figure><\/div><div class=\"tiled-gallery__col\" style=\"flex-basis:39.97303%\"><figure class=\"tiled-gallery__item\"><img alt=\"\" data-height=\"1920\" data-id=\"3473\" data-link=\"https:\/\/athleben.org\/athleben\/whatsapp-image-2025-05-18-a-13-19-11_fed1553f\/\" data-url=\"https:\/\/athleben.org\/athleben\/wp-content\/uploads\/2025\/05\/WhatsApp-Image-2025-05-18-a-13.19.11_fed1553f-1024x768.jpg\" data-width=\"2560\"  data-amp-layout=\"responsive\" tabindex=\"0\" role=\"button\" aria-label=\"Ouvrir l\u2019image 10 sur 46 en plein \u00e9cran\"\/ class=\"lws-optimize-lazyload\" data-src=\"https:\/\/i0.wp.com\/athleben.org\/athleben\/wp-content\/uploads\/2025\/05\/WhatsApp-Image-2025-05-18-a-13.19.11_fed1553f-1024x768.jpg?ssl=1\"><\/figure><\/div><div class=\"tiled-gallery__col\" style=\"flex-basis:30.01348%\"><figure class=\"tiled-gallery__item\"><img alt=\"\" data-height=\"2560\" data-id=\"3472\" data-link=\"https:\/\/athleben.org\/athleben\/whatsapp-image-2025-05-18-a-13-19-26_44268389\/\" data-url=\"https:\/\/athleben.org\/athleben\/wp-content\/uploads\/2025\/05\/WhatsApp-Image-2025-05-18-a-13.19.26_44268389-1024x1024.jpg\" data-width=\"2560\"  data-amp-layout=\"responsive\" tabindex=\"0\" role=\"button\" aria-label=\"Ouvrir l\u2019image 11 sur 46 en plein \u00e9cran\"\/ class=\"lws-optimize-lazyload\" data-src=\"https:\/\/i0.wp.com\/athleben.org\/athleben\/wp-content\/uploads\/2025\/05\/WhatsApp-Image-2025-05-18-a-13.19.26_44268389-1024x1024.jpg?ssl=1\"><\/figure><\/div><\/div><div class=\"tiled-gallery__row\"><div class=\"tiled-gallery__col\" style=\"flex-basis:37.39192%\"><figure class=\"tiled-gallery__item\"><img alt=\"\" data-height=\"2560\" data-id=\"3471\" data-link=\"https:\/\/athleben.org\/athleben\/whatsapp-image-2025-05-18-a-13-19-13_d17618e6\/\" data-url=\"https:\/\/athleben.org\/athleben\/wp-content\/uploads\/2025\/05\/WhatsApp-Image-2025-05-18-a-13.19.13_d17618e6-1024x1024.jpg\" data-width=\"2560\"  data-amp-layout=\"responsive\" tabindex=\"0\" role=\"button\" aria-label=\"Ouvrir l\u2019image 12 sur 46 en plein \u00e9cran\"\/ class=\"lws-optimize-lazyload\" data-src=\"https:\/\/i0.wp.com\/athleben.org\/athleben\/wp-content\/uploads\/2025\/05\/WhatsApp-Image-2025-05-18-a-13.19.13_d17618e6-1024x1024.jpg?ssl=1\"><\/figure><figure class=\"tiled-gallery__item\"><img alt=\"\" data-height=\"1706\" data-id=\"3478\" data-link=\"https:\/\/athleben.org\/athleben\/whatsapp-image-2025-05-18-a-13-19-09_2880cb04\/\" data-url=\"https:\/\/athleben.org\/athleben\/wp-content\/uploads\/2025\/05\/WhatsApp-Image-2025-05-18-a-13.19.09_2880cb04-1024x682.jpg\" data-width=\"2560\"  data-amp-layout=\"responsive\" tabindex=\"0\" role=\"button\" aria-label=\"Ouvrir l\u2019image 13 sur 46 en plein \u00e9cran\"\/ class=\"lws-optimize-lazyload\" data-src=\"https:\/\/i0.wp.com\/athleben.org\/athleben\/wp-content\/uploads\/2025\/05\/WhatsApp-Image-2025-05-18-a-13.19.09_2880cb04-1024x682.jpg?ssl=1\"><\/figure><\/div><div class=\"tiled-gallery__col\" style=\"flex-basis:62.60808%\"><figure class=\"tiled-gallery__item\"><img alt=\"\" data-height=\"2560\" data-id=\"3477\" data-link=\"https:\/\/athleben.org\/athleben\/whatsapp-image-2025-05-18-a-13-19-07_d4e12e22\/\" data-url=\"https:\/\/athleben.org\/athleben\/wp-content\/uploads\/2025\/05\/WhatsApp-Image-2025-05-18-a-13.19.07_d4e12e22-1024x1024.jpg\" data-width=\"2560\"  data-amp-layout=\"responsive\" tabindex=\"0\" role=\"button\" aria-label=\"Ouvrir l\u2019image 14 sur 46 en plein \u00e9cran\"\/ class=\"lws-optimize-lazyload\" data-src=\"https:\/\/i0.wp.com\/athleben.org\/athleben\/wp-content\/uploads\/2025\/05\/WhatsApp-Image-2025-05-18-a-13.19.07_d4e12e22-1024x1024.jpg?ssl=1\"><\/figure><\/div><\/div><div class=\"tiled-gallery__row\"><div class=\"tiled-gallery__col\" style=\"flex-basis:75.05257%\"><figure class=\"tiled-gallery__item\"><img alt=\"\" data-height=\"1706\" data-id=\"3470\" data-link=\"https:\/\/athleben.org\/athleben\/whatsapp-image-2025-05-18-a-13-19-16_234f37b4\/\" data-url=\"https:\/\/athleben.org\/athleben\/wp-content\/uploads\/2025\/05\/WhatsApp-Image-2025-05-18-a-13.19.16_234f37b4-1024x682.jpg\" data-width=\"2560\"  data-amp-layout=\"responsive\" tabindex=\"0\" role=\"button\" aria-label=\"Ouvrir l\u2019image 15 sur 46 en plein \u00e9cran\"\/ class=\"lws-optimize-lazyload\" data-src=\"https:\/\/i0.wp.com\/athleben.org\/athleben\/wp-content\/uploads\/2025\/05\/WhatsApp-Image-2025-05-18-a-13.19.16_234f37b4-1024x682.jpg?ssl=1\"><\/figure><\/div><div class=\"tiled-gallery__col\" style=\"flex-basis:24.94743%\"><figure class=\"tiled-gallery__item\"><img alt=\"\" data-height=\"2560\" data-id=\"3469\" data-link=\"https:\/\/athleben.org\/athleben\/whatsapp-image-2025-05-18-a-13-19-14_8ae86e0f\/\" data-url=\"https:\/\/athleben.org\/athleben\/wp-content\/uploads\/2025\/05\/WhatsApp-Image-2025-05-18-a-13.19.14_8ae86e0f-1024x1024.jpg\" data-width=\"2560\"  data-amp-layout=\"responsive\" tabindex=\"0\" role=\"button\" aria-label=\"Ouvrir l\u2019image 16 sur 46 en plein \u00e9cran\"\/ class=\"lws-optimize-lazyload\" data-src=\"https:\/\/i0.wp.com\/athleben.org\/athleben\/wp-content\/uploads\/2025\/05\/WhatsApp-Image-2025-05-18-a-13.19.14_8ae86e0f-1024x1024.jpg?ssl=1\"><\/figure><figure class=\"tiled-gallery__item\"><img alt=\"\" data-height=\"2560\" data-id=\"3476\" data-link=\"https:\/\/athleben.org\/athleben\/whatsapp-image-2025-05-18-a-13-19-12_b71f2b15\/\" data-url=\"https:\/\/athleben.org\/athleben\/wp-content\/uploads\/2025\/05\/WhatsApp-Image-2025-05-18-a-13.19.12_b71f2b15-1024x1024.jpg\" data-width=\"2560\"  data-amp-layout=\"responsive\" tabindex=\"0\" role=\"button\" aria-label=\"Ouvrir l\u2019image 17 sur 46 en plein \u00e9cran\"\/ class=\"lws-optimize-lazyload\" data-src=\"https:\/\/i0.wp.com\/athleben.org\/athleben\/wp-content\/uploads\/2025\/05\/WhatsApp-Image-2025-05-18-a-13.19.12_b71f2b15-1024x1024.jpg?ssl=1\"><\/figure><\/div><\/div><div class=\"tiled-gallery__row\"><div class=\"tiled-gallery__col\" style=\"flex-basis:42.87727%\"><figure class=\"tiled-gallery__item\"><img alt=\"\" data-height=\"2560\" data-id=\"3475\" data-link=\"https:\/\/athleben.org\/athleben\/whatsapp-image-2025-05-18-a-13-19-11_fea18119\/\" data-url=\"https:\/\/athleben.org\/athleben\/wp-content\/uploads\/2025\/05\/WhatsApp-Image-2025-05-18-a-13.19.11_fea18119-1024x1024.jpg\" data-width=\"2560\"  data-amp-layout=\"responsive\" tabindex=\"0\" role=\"button\" aria-label=\"Ouvrir l\u2019image 18 sur 46 en plein \u00e9cran\"\/ class=\"lws-optimize-lazyload\" data-src=\"https:\/\/i0.wp.com\/athleben.org\/athleben\/wp-content\/uploads\/2025\/05\/WhatsApp-Image-2025-05-18-a-13.19.11_fea18119-1024x1024.jpg?ssl=1\"><\/figure><\/div><div class=\"tiled-gallery__col\" style=\"flex-basis:57.12273%\"><figure class=\"tiled-gallery__item\"><img alt=\"\" data-height=\"1920\" data-id=\"3468\" data-link=\"https:\/\/athleben.org\/athleben\/whatsapp-image-2025-05-18-a-13-19-16_af485724\/\" data-url=\"https:\/\/athleben.org\/athleben\/wp-content\/uploads\/2025\/05\/WhatsApp-Image-2025-05-18-a-13.19.16_af485724-1024x768.jpg\" data-width=\"2560\"  data-amp-layout=\"responsive\" tabindex=\"0\" role=\"button\" aria-label=\"Ouvrir l\u2019image 19 sur 46 en plein \u00e9cran\"\/ class=\"lws-optimize-lazyload\" data-src=\"https:\/\/i0.wp.com\/athleben.org\/athleben\/wp-content\/uploads\/2025\/05\/WhatsApp-Image-2025-05-18-a-13.19.16_af485724-1024x768.jpg?ssl=1\"><\/figure><\/div><\/div><div class=\"tiled-gallery__row\"><div class=\"tiled-gallery__col\" style=\"flex-basis:59.97915%\"><figure class=\"tiled-gallery__item\"><img alt=\"\" data-height=\"1706\" data-id=\"3467\" data-link=\"https:\/\/athleben.org\/athleben\/whatsapp-image-2025-05-18-a-13-19-16_7ed6c8e2\/\" data-url=\"https:\/\/athleben.org\/athleben\/wp-content\/uploads\/2025\/05\/WhatsApp-Image-2025-05-18-a-13.19.16_7ed6c8e2-1024x682.jpg\" data-width=\"2560\"  data-amp-layout=\"responsive\" tabindex=\"0\" role=\"button\" aria-label=\"Ouvrir l\u2019image 20 sur 46 en plein \u00e9cran\"\/ class=\"lws-optimize-lazyload\" data-src=\"https:\/\/i0.wp.com\/athleben.org\/athleben\/wp-content\/uploads\/2025\/05\/WhatsApp-Image-2025-05-18-a-13.19.16_7ed6c8e2-1024x682.jpg?ssl=1\"><\/figure><\/div><div class=\"tiled-gallery__col\" style=\"flex-basis:40.02085%\"><figure class=\"tiled-gallery__item\"><img alt=\"\" data-height=\"1080\" data-id=\"3474\" data-link=\"https:\/\/athleben.org\/athleben\/whatsapp-image-2025-05-18-a-13-19-15_c8332b4c\/\" data-url=\"https:\/\/athleben.org\/athleben\/wp-content\/uploads\/2025\/05\/WhatsApp-Image-2025-05-18-a-13.19.15_c8332b4c-1024x1024.jpg\" data-width=\"1080\"  data-amp-layout=\"responsive\" tabindex=\"0\" role=\"button\" aria-label=\"Ouvrir l\u2019image 21 sur 46 en plein \u00e9cran\"\/ class=\"lws-optimize-lazyload\" data-src=\"https:\/\/i0.wp.com\/athleben.org\/athleben\/wp-content\/uploads\/2025\/05\/WhatsApp-Image-2025-05-18-a-13.19.15_c8332b4c-1024x1024.jpg?ssl=1\"><\/figure><\/div><\/div><div class=\"tiled-gallery__row\"><div class=\"tiled-gallery__col\" style=\"flex-basis:33.33333%\"><figure class=\"tiled-gallery__item\"><img alt=\"\" data-height=\"1920\" data-id=\"3460\" data-link=\"https:\/\/athleben.org\/athleben\/whatsapp-image-2025-05-18-a-13-19-20_1051cbcc\/\" data-url=\"https:\/\/athleben.org\/athleben\/wp-content\/uploads\/2025\/05\/WhatsApp-Image-2025-05-18-a-13.19.20_1051cbcc-1024x768.jpg\" data-width=\"2560\"  data-amp-layout=\"responsive\" tabindex=\"0\" role=\"button\" aria-label=\"Ouvrir l\u2019image 22 sur 46 en plein \u00e9cran\"\/ class=\"lws-optimize-lazyload\" data-src=\"https:\/\/i0.wp.com\/athleben.org\/athleben\/wp-content\/uploads\/2025\/05\/WhatsApp-Image-2025-05-18-a-13.19.20_1051cbcc-1024x768.jpg?ssl=1\"><\/figure><\/div><div class=\"tiled-gallery__col\" style=\"flex-basis:33.33333%\"><figure class=\"tiled-gallery__item\"><img alt=\"\" data-height=\"1920\" data-id=\"3461\" data-link=\"https:\/\/athleben.org\/athleben\/whatsapp-image-2025-05-18-a-13-19-19_d7870b03\/\" data-url=\"https:\/\/athleben.org\/athleben\/wp-content\/uploads\/2025\/05\/WhatsApp-Image-2025-05-18-a-13.19.19_d7870b03-1024x768.jpg\" data-width=\"2560\"  data-amp-layout=\"responsive\" tabindex=\"0\" role=\"button\" aria-label=\"Ouvrir l\u2019image 23 sur 46 en plein \u00e9cran\"\/ class=\"lws-optimize-lazyload\" data-src=\"https:\/\/i0.wp.com\/athleben.org\/athleben\/wp-content\/uploads\/2025\/05\/WhatsApp-Image-2025-05-18-a-13.19.19_d7870b03-1024x768.jpg?ssl=1\"><\/figure><\/div><div class=\"tiled-gallery__col\" style=\"flex-basis:33.33333%\"><figure class=\"tiled-gallery__item\"><img alt=\"\" data-height=\"1920\" data-id=\"3462\" data-link=\"https:\/\/athleben.org\/athleben\/whatsapp-image-2025-05-18-a-13-19-20_69432f3b\/\" data-url=\"https:\/\/athleben.org\/athleben\/wp-content\/uploads\/2025\/05\/WhatsApp-Image-2025-05-18-a-13.19.20_69432f3b-1024x768.jpg\" data-width=\"2560\"  data-amp-layout=\"responsive\" tabindex=\"0\" role=\"button\" aria-label=\"Ouvrir l\u2019image 24 sur 46 en plein \u00e9cran\"\/ class=\"lws-optimize-lazyload\" data-src=\"https:\/\/i0.wp.com\/athleben.org\/athleben\/wp-content\/uploads\/2025\/05\/WhatsApp-Image-2025-05-18-a-13.19.20_69432f3b-1024x768.jpg?ssl=1\"><\/figure><\/div><\/div><div class=\"tiled-gallery__row\"><div class=\"tiled-gallery__col\" style=\"flex-basis:75.05257%\"><figure class=\"tiled-gallery__item\"><img alt=\"\" data-height=\"1706\" data-id=\"3463\" data-link=\"https:\/\/athleben.org\/athleben\/whatsapp-image-2025-05-18-a-13-19-20_b012980f\/\" data-url=\"https:\/\/athleben.org\/athleben\/wp-content\/uploads\/2025\/05\/WhatsApp-Image-2025-05-18-a-13.19.20_b012980f-1024x682.jpg\" data-width=\"2560\"  data-amp-layout=\"responsive\" tabindex=\"0\" role=\"button\" aria-label=\"Ouvrir l\u2019image 25 sur 46 en plein \u00e9cran\"\/ class=\"lws-optimize-lazyload\" data-src=\"https:\/\/i0.wp.com\/athleben.org\/athleben\/wp-content\/uploads\/2025\/05\/WhatsApp-Image-2025-05-18-a-13.19.20_b012980f-1024x682.jpg?ssl=1\"><\/figure><\/div><div class=\"tiled-gallery__col\" style=\"flex-basis:24.94743%\"><figure class=\"tiled-gallery__item\"><img alt=\"\" data-height=\"2560\" data-id=\"3464\" data-link=\"https:\/\/athleben.org\/athleben\/whatsapp-image-2025-05-18-a-13-19-19_a71e30b7\/\" data-url=\"https:\/\/athleben.org\/athleben\/wp-content\/uploads\/2025\/05\/WhatsApp-Image-2025-05-18-a-13.19.19_a71e30b7-1024x1024.jpg\" data-width=\"2560\"  data-amp-layout=\"responsive\" tabindex=\"0\" role=\"button\" aria-label=\"Ouvrir l\u2019image 26 sur 46 en plein \u00e9cran\"\/ class=\"lws-optimize-lazyload\" data-src=\"https:\/\/i0.wp.com\/athleben.org\/athleben\/wp-content\/uploads\/2025\/05\/WhatsApp-Image-2025-05-18-a-13.19.19_a71e30b7-1024x1024.jpg?ssl=1\"><\/figure><figure class=\"tiled-gallery__item\"><img alt=\"\" data-height=\"2560\" data-id=\"3465\" data-link=\"https:\/\/athleben.org\/athleben\/whatsapp-image-2025-05-18-a-13-19-17_1b19d1f5\/\" data-url=\"https:\/\/athleben.org\/athleben\/wp-content\/uploads\/2025\/05\/WhatsApp-Image-2025-05-18-a-13.19.17_1b19d1f5-1024x1024.jpg\" data-width=\"2560\"  data-amp-layout=\"responsive\" tabindex=\"0\" role=\"button\" aria-label=\"Ouvrir l\u2019image 27 sur 46 en plein \u00e9cran\"\/ class=\"lws-optimize-lazyload\" data-src=\"https:\/\/i0.wp.com\/athleben.org\/athleben\/wp-content\/uploads\/2025\/05\/WhatsApp-Image-2025-05-18-a-13.19.17_1b19d1f5-1024x1024.jpg?ssl=1\"><\/figure><\/div><\/div><div class=\"tiled-gallery__row\"><div class=\"tiled-gallery__col\" style=\"flex-basis:37.39192%\"><figure class=\"tiled-gallery__item\"><img alt=\"\" data-height=\"1706\" data-id=\"3466\" data-link=\"https:\/\/athleben.org\/athleben\/whatsapp-image-2025-05-18-a-13-19-17_c679ecd1\/\" data-url=\"https:\/\/athleben.org\/athleben\/wp-content\/uploads\/2025\/05\/WhatsApp-Image-2025-05-18-a-13.19.17_c679ecd1-1024x682.jpg\" data-width=\"2560\"  data-amp-layout=\"responsive\" tabindex=\"0\" role=\"button\" aria-label=\"Ouvrir l\u2019image 28 sur 46 en plein \u00e9cran\"\/ class=\"lws-optimize-lazyload\" data-src=\"https:\/\/i0.wp.com\/athleben.org\/athleben\/wp-content\/uploads\/2025\/05\/WhatsApp-Image-2025-05-18-a-13.19.17_c679ecd1-1024x682.jpg?ssl=1\"><\/figure><figure class=\"tiled-gallery__item\"><img alt=\"\" data-height=\"1080\" data-id=\"3459\" data-link=\"https:\/\/athleben.org\/athleben\/whatsapp-image-2025-05-18-a-13-19-22_35e021d0\/\" data-url=\"https:\/\/athleben.org\/athleben\/wp-content\/uploads\/2025\/05\/WhatsApp-Image-2025-05-18-a-13.19.22_35e021d0-1024x1024.jpg\" data-width=\"1080\"  data-amp-layout=\"responsive\" tabindex=\"0\" role=\"button\" aria-label=\"Ouvrir l\u2019image 29 sur 46 en plein \u00e9cran\"\/ class=\"lws-optimize-lazyload\" data-src=\"https:\/\/i0.wp.com\/athleben.org\/athleben\/wp-content\/uploads\/2025\/05\/WhatsApp-Image-2025-05-18-a-13.19.22_35e021d0-1024x1024.jpg?ssl=1\"><\/figure><\/div><div class=\"tiled-gallery__col\" style=\"flex-basis:62.60808%\"><figure class=\"tiled-gallery__item\"><img alt=\"\" data-height=\"2560\" data-id=\"3458\" data-link=\"https:\/\/athleben.org\/athleben\/whatsapp-image-2025-05-18-a-13-19-21_29a1285a\/\" data-url=\"https:\/\/athleben.org\/athleben\/wp-content\/uploads\/2025\/05\/WhatsApp-Image-2025-05-18-a-13.19.21_29a1285a-1024x1024.jpg\" data-width=\"2560\"  data-amp-layout=\"responsive\" tabindex=\"0\" role=\"button\" aria-label=\"Ouvrir l\u2019image 30 sur 46 en plein \u00e9cran\"\/ class=\"lws-optimize-lazyload\" data-src=\"https:\/\/i0.wp.com\/athleben.org\/athleben\/wp-content\/uploads\/2025\/05\/WhatsApp-Image-2025-05-18-a-13.19.21_29a1285a-1024x1024.jpg?ssl=1\"><\/figure><\/div><\/div><div class=\"tiled-gallery__row\"><div class=\"tiled-gallery__col\" style=\"flex-basis:42.87727%\"><figure class=\"tiled-gallery__item\"><img alt=\"\" data-height=\"2560\" data-id=\"3451\" data-link=\"https:\/\/athleben.org\/athleben\/whatsapp-image-2025-05-18-a-13-19-25_fdbb0b1e\/\" data-url=\"https:\/\/athleben.org\/athleben\/wp-content\/uploads\/2025\/05\/WhatsApp-Image-2025-05-18-a-13.19.25_fdbb0b1e-1024x1024.jpg\" data-width=\"2560\"  data-amp-layout=\"responsive\" tabindex=\"0\" role=\"button\" aria-label=\"Ouvrir l\u2019image 31 sur 46 en plein \u00e9cran\"\/ class=\"lws-optimize-lazyload\" data-src=\"https:\/\/i0.wp.com\/athleben.org\/athleben\/wp-content\/uploads\/2025\/05\/WhatsApp-Image-2025-05-18-a-13.19.25_fdbb0b1e-1024x1024.jpg?ssl=1\"><\/figure><\/div><div class=\"tiled-gallery__col\" style=\"flex-basis:57.12273%\"><figure class=\"tiled-gallery__item\"><img alt=\"\" data-height=\"1920\" data-id=\"3452\" data-link=\"https:\/\/athleben.org\/athleben\/whatsapp-image-2025-05-18-a-13-19-26_b5a0eb60\/\" data-url=\"https:\/\/athleben.org\/athleben\/wp-content\/uploads\/2025\/05\/WhatsApp-Image-2025-05-18-a-13.19.26_b5a0eb60-1024x768.jpg\" data-width=\"2560\"  data-amp-layout=\"responsive\" tabindex=\"0\" role=\"button\" aria-label=\"Ouvrir l\u2019image 32 sur 46 en plein \u00e9cran\"\/ class=\"lws-optimize-lazyload\" data-src=\"https:\/\/i0.wp.com\/athleben.org\/athleben\/wp-content\/uploads\/2025\/05\/WhatsApp-Image-2025-05-18-a-13.19.26_b5a0eb60-1024x768.jpg?ssl=1\"><\/figure><\/div><\/div><div class=\"tiled-gallery__row\"><div class=\"tiled-gallery__col\" style=\"flex-basis:59.97915%\"><figure class=\"tiled-gallery__item\"><img alt=\"\" data-height=\"1706\" data-id=\"3445\" data-link=\"https:\/\/athleben.org\/athleben\/whatsapp-image-2025-05-18-a-13-19-30_1b569ea5\/\" data-url=\"https:\/\/athleben.org\/athleben\/wp-content\/uploads\/2025\/05\/WhatsApp-Image-2025-05-18-a-13.19.30_1b569ea5-1024x682.jpg\" data-width=\"2560\"  data-amp-layout=\"responsive\" tabindex=\"0\" role=\"button\" aria-label=\"Ouvrir l\u2019image 33 sur 46 en plein \u00e9cran\"\/ class=\"lws-optimize-lazyload\" data-src=\"https:\/\/i0.wp.com\/athleben.org\/athleben\/wp-content\/uploads\/2025\/05\/WhatsApp-Image-2025-05-18-a-13.19.30_1b569ea5-1024x682.jpg?ssl=1\"><\/figure><\/div><div class=\"tiled-gallery__col\" style=\"flex-basis:40.02085%\"><figure class=\"tiled-gallery__item\"><img alt=\"\" data-height=\"2560\" data-id=\"3444\" data-link=\"https:\/\/athleben.org\/athleben\/whatsapp-image-2025-05-18-a-13-19-30_2e0e84a1\/\" data-url=\"https:\/\/athleben.org\/athleben\/wp-content\/uploads\/2025\/05\/WhatsApp-Image-2025-05-18-a-13.19.30_2e0e84a1-1024x1024.jpg\" data-width=\"2560\"  data-amp-layout=\"responsive\" tabindex=\"0\" role=\"button\" aria-label=\"Ouvrir l\u2019image 34 sur 46 en plein \u00e9cran\"\/ class=\"lws-optimize-lazyload\" data-src=\"https:\/\/i0.wp.com\/athleben.org\/athleben\/wp-content\/uploads\/2025\/05\/WhatsApp-Image-2025-05-18-a-13.19.30_2e0e84a1-1024x1024.jpg?ssl=1\"><\/figure><\/div><\/div><div class=\"tiled-gallery__row\"><div class=\"tiled-gallery__col\" style=\"flex-basis:57.29298%\"><figure class=\"tiled-gallery__item\"><img alt=\"\" data-height=\"2560\" data-id=\"3443\" data-link=\"https:\/\/athleben.org\/athleben\/whatsapp-image-2025-05-18-a-13-19-31_2a08717f\/\" data-url=\"https:\/\/athleben.org\/athleben\/wp-content\/uploads\/2025\/05\/WhatsApp-Image-2025-05-18-a-13.19.31_2a08717f-1024x1024.jpg\" data-width=\"2560\"  data-amp-layout=\"responsive\" tabindex=\"0\" role=\"button\" aria-label=\"Ouvrir l\u2019image 35 sur 46 en plein \u00e9cran\"\/ class=\"lws-optimize-lazyload\" data-src=\"https:\/\/i0.wp.com\/athleben.org\/athleben\/wp-content\/uploads\/2025\/05\/WhatsApp-Image-2025-05-18-a-13.19.31_2a08717f-1024x1024.jpg?ssl=1\"><\/figure><\/div><div class=\"tiled-gallery__col\" style=\"flex-basis:42.70702%\"><figure class=\"tiled-gallery__item\"><img alt=\"\" data-height=\"1706\" data-id=\"3442\" data-link=\"https:\/\/athleben.org\/athleben\/whatsapp-image-2025-05-18-a-13-19-32_22df1d17\/\" data-url=\"https:\/\/athleben.org\/athleben\/wp-content\/uploads\/2025\/05\/WhatsApp-Image-2025-05-18-a-13.19.32_22df1d17-1024x682.jpg\" data-width=\"2560\"  data-amp-layout=\"responsive\" tabindex=\"0\" role=\"button\" aria-label=\"Ouvrir l\u2019image 36 sur 46 en plein \u00e9cran\"\/ class=\"lws-optimize-lazyload\" data-src=\"https:\/\/i0.wp.com\/athleben.org\/athleben\/wp-content\/uploads\/2025\/05\/WhatsApp-Image-2025-05-18-a-13.19.32_22df1d17-1024x682.jpg?ssl=1\"><\/figure><figure class=\"tiled-gallery__item\"><img alt=\"\" data-height=\"1706\" data-id=\"3449\" data-link=\"https:\/\/athleben.org\/athleben\/whatsapp-image-2025-05-18-a-13-19-27_664f95fb\/\" data-url=\"https:\/\/athleben.org\/athleben\/wp-content\/uploads\/2025\/05\/WhatsApp-Image-2025-05-18-a-13.19.27_664f95fb-1024x682.jpg\" data-width=\"2560\"  data-amp-layout=\"responsive\" tabindex=\"0\" role=\"button\" aria-label=\"Ouvrir l\u2019image 37 sur 46 en plein \u00e9cran\"\/ class=\"lws-optimize-lazyload\" data-src=\"https:\/\/i0.wp.com\/athleben.org\/athleben\/wp-content\/uploads\/2025\/05\/WhatsApp-Image-2025-05-18-a-13.19.27_664f95fb-1024x682.jpg?ssl=1\"><\/figure><\/div><\/div><div class=\"tiled-gallery__row\"><div class=\"tiled-gallery__col\" style=\"flex-basis:35.16796%\"><figure class=\"tiled-gallery__item\"><img alt=\"\" data-height=\"1600\" data-id=\"3450\" data-link=\"https:\/\/athleben.org\/athleben\/whatsapp-image-2025-05-18-a-13-19-24_e45c76cb\/\" data-url=\"https:\/\/athleben.org\/athleben\/wp-content\/uploads\/2025\/05\/WhatsApp-Image-2025-05-18-a-13.19.24_e45c76cb-1024x640.jpg\" data-width=\"2560\"  data-amp-layout=\"responsive\" tabindex=\"0\" role=\"button\" aria-label=\"Ouvrir l\u2019image 38 sur 46 en plein \u00e9cran\"\/ class=\"lws-optimize-lazyload\" data-src=\"https:\/\/i0.wp.com\/athleben.org\/athleben\/wp-content\/uploads\/2025\/05\/WhatsApp-Image-2025-05-18-a-13.19.24_e45c76cb-1024x640.jpg?ssl=1\"><\/figure><figure class=\"tiled-gallery__item\"><img alt=\"\" data-height=\"1920\" data-id=\"3457\" data-link=\"https:\/\/athleben.org\/athleben\/whatsapp-image-2025-05-18-a-13-19-23_252d1cb0\/\" data-url=\"https:\/\/athleben.org\/athleben\/wp-content\/uploads\/2025\/05\/WhatsApp-Image-2025-05-18-a-13.19.23_252d1cb0-1024x768.jpg\" data-width=\"2560\"  data-amp-layout=\"responsive\" tabindex=\"0\" role=\"button\" aria-label=\"Ouvrir l\u2019image 39 sur 46 en plein \u00e9cran\"\/ class=\"lws-optimize-lazyload\" data-src=\"https:\/\/i0.wp.com\/athleben.org\/athleben\/wp-content\/uploads\/2025\/05\/WhatsApp-Image-2025-05-18-a-13.19.23_252d1cb0-1024x768.jpg?ssl=1\"><\/figure><\/div><div class=\"tiled-gallery__col\" style=\"flex-basis:64.83204%\"><figure class=\"tiled-gallery__item\"><img alt=\"\" data-height=\"1920\" data-id=\"3456\" data-link=\"https:\/\/athleben.org\/athleben\/whatsapp-image-2025-05-18-a-13-19-22_aa7f8520\/\" data-url=\"https:\/\/athleben.org\/athleben\/wp-content\/uploads\/2025\/05\/WhatsApp-Image-2025-05-18-a-13.19.22_aa7f8520-1024x768.jpg\" data-width=\"2560\"  data-amp-layout=\"responsive\" tabindex=\"0\" role=\"button\" aria-label=\"Ouvrir l\u2019image 40 sur 46 en plein \u00e9cran\"\/ class=\"lws-optimize-lazyload\" data-src=\"https:\/\/i0.wp.com\/athleben.org\/athleben\/wp-content\/uploads\/2025\/05\/WhatsApp-Image-2025-05-18-a-13.19.22_aa7f8520-1024x768.jpg?ssl=1\"><\/figure><\/div><\/div><div class=\"tiled-gallery__row\"><div class=\"tiled-gallery__col\" style=\"flex-basis:52.94081%\"><figure class=\"tiled-gallery__item\"><img alt=\"\" data-height=\"1706\" data-id=\"3455\" data-link=\"https:\/\/athleben.org\/athleben\/whatsapp-image-2025-05-18-a-13-19-21_ac04646c\/\" data-url=\"https:\/\/athleben.org\/athleben\/wp-content\/uploads\/2025\/05\/WhatsApp-Image-2025-05-18-a-13.19.21_ac04646c-1024x682.jpg\" data-width=\"2560\"  data-amp-layout=\"responsive\" tabindex=\"0\" role=\"button\" aria-label=\"Ouvrir l\u2019image 41 sur 46 en plein \u00e9cran\"\/ class=\"lws-optimize-lazyload\" data-src=\"https:\/\/i0.wp.com\/athleben.org\/athleben\/wp-content\/uploads\/2025\/05\/WhatsApp-Image-2025-05-18-a-13.19.21_ac04646c-1024x682.jpg?ssl=1\"><\/figure><\/div><div class=\"tiled-gallery__col\" style=\"flex-basis:47.05919%\"><figure class=\"tiled-gallery__item\"><img alt=\"\" data-height=\"1920\" data-id=\"3448\" data-link=\"https:\/\/athleben.org\/athleben\/whatsapp-image-2025-05-18-a-13-19-28_575b692c\/\" data-url=\"https:\/\/athleben.org\/athleben\/wp-content\/uploads\/2025\/05\/WhatsApp-Image-2025-05-18-a-13.19.28_575b692c-1024x768.jpg\" data-width=\"2560\"  data-amp-layout=\"responsive\" tabindex=\"0\" role=\"button\" aria-label=\"Ouvrir l\u2019image 42 sur 46 en plein \u00e9cran\"\/ class=\"lws-optimize-lazyload\" data-src=\"https:\/\/i0.wp.com\/athleben.org\/athleben\/wp-content\/uploads\/2025\/05\/WhatsApp-Image-2025-05-18-a-13.19.28_575b692c-1024x768.jpg?ssl=1\"><\/figure><\/div><\/div><div class=\"tiled-gallery__row\"><div class=\"tiled-gallery__col\" style=\"flex-basis:22.23459%\"><figure class=\"tiled-gallery__item\"><img alt=\"\" data-height=\"2560\" data-id=\"3447\" data-link=\"https:\/\/athleben.org\/athleben\/whatsapp-image-2025-05-18-a-13-19-29_8c205a83\/\" data-url=\"https:\/\/athleben.org\/athleben\/wp-content\/uploads\/2025\/05\/WhatsApp-Image-2025-05-18-a-13.19.29_8c205a83-1024x1024.jpg\" data-width=\"2560\"  data-amp-layout=\"responsive\" tabindex=\"0\" role=\"button\" aria-label=\"Ouvrir l\u2019image 43 sur 46 en plein \u00e9cran\"\/ class=\"lws-optimize-lazyload\" data-src=\"https:\/\/i0.wp.com\/athleben.org\/athleben\/wp-content\/uploads\/2025\/05\/WhatsApp-Image-2025-05-18-a-13.19.29_8c205a83-1024x1024.jpg?ssl=1\"><\/figure><\/div><div class=\"tiled-gallery__col\" style=\"flex-basis:22.23459%\"><figure class=\"tiled-gallery__item\"><img alt=\"\" data-height=\"2560\" data-id=\"3454\" data-link=\"https:\/\/athleben.org\/athleben\/whatsapp-image-2025-05-18-a-13-19-22_ce1c6274\/\" data-url=\"https:\/\/athleben.org\/athleben\/wp-content\/uploads\/2025\/05\/WhatsApp-Image-2025-05-18-a-13.19.22_ce1c6274-1024x1024.jpg\" data-width=\"2560\"  data-amp-layout=\"responsive\" tabindex=\"0\" role=\"button\" aria-label=\"Ouvrir l\u2019image 44 sur 46 en plein \u00e9cran\"\/ class=\"lws-optimize-lazyload\" data-src=\"https:\/\/i0.wp.com\/athleben.org\/athleben\/wp-content\/uploads\/2025\/05\/WhatsApp-Image-2025-05-18-a-13.19.22_ce1c6274-1024x1024.jpg?ssl=1\"><\/figure><\/div><div class=\"tiled-gallery__col\" style=\"flex-basis:22.23459%\"><figure class=\"tiled-gallery__item\"><img alt=\"\" data-height=\"2560\" data-id=\"3453\" data-link=\"https:\/\/athleben.org\/athleben\/whatsapp-image-2025-05-18-a-13-19-23_916dc4f1\/\" data-url=\"https:\/\/athleben.org\/athleben\/wp-content\/uploads\/2025\/05\/WhatsApp-Image-2025-05-18-a-13.19.23_916dc4f1-1024x1024.jpg\" data-width=\"2560\"  data-amp-layout=\"responsive\" tabindex=\"0\" role=\"button\" aria-label=\"Ouvrir l\u2019image 45 sur 46 en plein \u00e9cran\"\/ class=\"lws-optimize-lazyload\" data-src=\"https:\/\/i0.wp.com\/athleben.org\/athleben\/wp-content\/uploads\/2025\/05\/WhatsApp-Image-2025-05-18-a-13.19.23_916dc4f1-1024x1024.jpg?ssl=1\"><\/figure><\/div><div class=\"tiled-gallery__col\" style=\"flex-basis:33.29623%\"><figure class=\"tiled-gallery__item\"><img alt=\"\" data-height=\"1706\" data-id=\"3446\" data-link=\"https:\/\/athleben.org\/athleben\/whatsapp-image-2025-05-18-a-13-19-30_7e8fd9a1\/\" data-url=\"https:\/\/athleben.org\/athleben\/wp-content\/uploads\/2025\/05\/WhatsApp-Image-2025-05-18-a-13.19.30_7e8fd9a1-1024x682.jpg\" data-width=\"2560\"  data-amp-layout=\"responsive\" tabindex=\"0\" role=\"button\" aria-label=\"Ouvrir l\u2019image 46 sur 46 en plein \u00e9cran\"\/ class=\"lws-optimize-lazyload\" data-src=\"https:\/\/i0.wp.com\/athleben.org\/athleben\/wp-content\/uploads\/2025\/05\/WhatsApp-Image-2025-05-18-a-13.19.30_7e8fd9a1-1024x682.jpg?ssl=1\"><\/figure><\/div><\/div><\/div><\/div><\/div>\n","protected":false},"excerpt":{"rendered":"<p>Le Comit\u00e9 directeur f\u00e9d\u00e9ral (CoDiF) de la F\u00e9d\u00e9ration b\u00e9ninoise d&rsquo;athl\u00e9tisme (FBA) s\u2019est r\u00e9uni ce samedi 17 mai 2025 \u00e0 Cotonou, marquant sa premi\u00e8re rencontre depuis [&hellip;]<\/p>\n","protected":false},"author":2,"featured_media":3467,"comment_status":"open","ping_status":"closed","sticky":false,"template":"","format":"standard","meta":{"footnotes":""},"categories":[22],"tags":[],"class_list":["post-3393","post","type-post","status-publish","format-standard","has-post-thumbnail","hentry","category-athle"],"yoast_head":"<!-- This site is optimized with the Yoast SEO plugin v27.1.1 - https:\/\/yoast.com\/product\/yoast-seo-wordpress\/ -->\n<title>R\u00e9union du comit\u00e9 directeur f\u00e9d\u00e9ral - F\u00e9d\u00e9ration B\u00e9ninoise d&#039;Athl\u00e9tisme<\/title>\n<meta name=\"robots\" content=\"index, follow, max-snippet:-1, max-image-preview:large, max-video-preview:-1\" \/>\n<link rel=\"canonical\" href=\"https:\/\/athleben.org\/athleben\/reunion-du-comite-directeur-federal\/\" \/>\n<meta property=\"og:locale\" content=\"fr_FR\" \/>\n<meta property=\"og:type\" content=\"article\" \/>\n<meta property=\"og:title\" content=\"R\u00e9union du comit\u00e9 directeur f\u00e9d\u00e9ral - F\u00e9d\u00e9ration B\u00e9ninoise d&#039;Athl\u00e9tisme\" \/>\n<meta property=\"og:description\" content=\"Le Comit\u00e9 directeur f\u00e9d\u00e9ral (CoDiF) de la F\u00e9d\u00e9ration b\u00e9ninoise d&rsquo;athl\u00e9tisme (FBA) s\u2019est r\u00e9uni ce samedi 17 mai 2025 \u00e0 Cotonou, marquant sa premi\u00e8re rencontre depuis [&hellip;]\" \/>\n<meta property=\"og:url\" content=\"https:\/\/athleben.org\/athleben\/reunion-du-comite-directeur-federal\/\" \/>\n<meta property=\"og:site_name\" content=\"F\u00e9d\u00e9ration B\u00e9ninoise d&#039;Athl\u00e9tisme\" \/>\n<meta property=\"article:publisher\" content=\"https:\/\/web.facebook.com\/FederationBeninoiseAthletisme\" \/>\n<meta property=\"article:published_time\" content=\"2025-05-18T12:58:51+00:00\" \/>\n<meta property=\"article:modified_time\" content=\"2025-05-19T10:32:18+00:00\" \/>\n<meta property=\"og:image\" content=\"https:\/\/athleben.org\/athleben\/wp-content\/uploads\/2025\/05\/WhatsApp-Image-2025-05-18-a-13.19.16_7ed6c8e2.jpg\" \/>\n\t<meta property=\"og:image:width\" content=\"2560\" \/>\n\t<meta property=\"og:image:height\" content=\"1706\" \/>\n\t<meta property=\"og:image:type\" content=\"image\/jpeg\" \/>\n<meta name=\"author\" content=\"R\u00e9daction\" \/>\n<meta name=\"twitter:card\" content=\"summary_large_image\" \/>\n<meta name=\"twitter:creator\" content=\"@BeninoiseD\" \/>\n<meta name=\"twitter:site\" content=\"@BeninoiseD\" \/>\n<meta name=\"twitter:label1\" content=\"\u00c9crit par\" \/>\n\t<meta name=\"twitter:data1\" content=\"R\u00e9daction\" \/>\n\t<meta name=\"twitter:label2\" content=\"Dur\u00e9e de lecture estim\u00e9e\" \/>\n\t<meta name=\"twitter:data2\" content=\"3 minutes\" \/>\n<script type=\"application\/ld+json\" class=\"yoast-schema-graph\">{\"@context\":\"https:\/\/schema.org\",\"@graph\":[{\"@type\":\"Article\",\"@id\":\"https:\/\/athleben.org\/athleben\/reunion-du-comite-directeur-federal\/#article\",\"isPartOf\":{\"@id\":\"https:\/\/athleben.org\/athleben\/reunion-du-comite-directeur-federal\/\"},\"author\":{\"name\":\"R\u00e9daction\",\"@id\":\"https:\/\/athleben.org\/athleben\/#\/schema\/person\/8e674441e65cf8d584b9dd06d96e68c5\"},\"headline\":\"R\u00e9union du comit\u00e9 directeur f\u00e9d\u00e9ral\",\"datePublished\":\"2025-05-18T12:58:51+00:00\",\"dateModified\":\"2025-05-19T10:32:18+00:00\",\"mainEntityOfPage\":{\"@id\":\"https:\/\/athleben.org\/athleben\/reunion-du-comite-directeur-federal\/\"},\"wordCount\":650,\"commentCount\":0,\"publisher\":{\"@id\":\"https:\/\/athleben.org\/athleben\/#organization\"},\"image\":{\"@id\":\"https:\/\/athleben.org\/athleben\/reunion-du-comite-directeur-federal\/#primaryimage\"},\"thumbnailUrl\":\"https:\/\/athleben.org\/athleben\/wp-content\/uploads\/2025\/05\/WhatsApp-Image-2025-05-18-a-13.19.16_7ed6c8e2.jpg\",\"articleSection\":[\"Athl\u00e9tisme\"],\"inLanguage\":\"fr-FR\",\"potentialAction\":[{\"@type\":\"CommentAction\",\"name\":\"Comment\",\"target\":[\"https:\/\/athleben.org\/athleben\/reunion-du-comite-directeur-federal\/#respond\"]}]},{\"@type\":\"WebPage\",\"@id\":\"https:\/\/athleben.org\/athleben\/reunion-du-comite-directeur-federal\/\",\"url\":\"https:\/\/athleben.org\/athleben\/reunion-du-comite-directeur-federal\/\",\"name\":\"R\u00e9union du comit\u00e9 directeur f\u00e9d\u00e9ral - F\u00e9d\u00e9ration B\u00e9ninoise d&#039;Athl\u00e9tisme\",\"isPartOf\":{\"@id\":\"https:\/\/athleben.org\/athleben\/#website\"},\"primaryImageOfPage\":{\"@id\":\"https:\/\/athleben.org\/athleben\/reunion-du-comite-directeur-federal\/#primaryimage\"},\"image\":{\"@id\":\"https:\/\/athleben.org\/athleben\/reunion-du-comite-directeur-federal\/#primaryimage\"},\"thumbnailUrl\":\"https:\/\/athleben.org\/athleben\/wp-content\/uploads\/2025\/05\/WhatsApp-Image-2025-05-18-a-13.19.16_7ed6c8e2.jpg\",\"datePublished\":\"2025-05-18T12:58:51+00:00\",\"dateModified\":\"2025-05-19T10:32:18+00:00\",\"breadcrumb\":{\"@id\":\"https:\/\/athleben.org\/athleben\/reunion-du-comite-directeur-federal\/#breadcrumb\"},\"inLanguage\":\"fr-FR\",\"potentialAction\":[{\"@type\":\"ReadAction\",\"target\":[\"https:\/\/athleben.org\/athleben\/reunion-du-comite-directeur-federal\/\"]}]},{\"@type\":\"ImageObject\",\"inLanguage\":\"fr-FR\",\"@id\":\"https:\/\/athleben.org\/athleben\/reunion-du-comite-directeur-federal\/#primaryimage\",\"url\":\"https:\/\/athleben.org\/athleben\/wp-content\/uploads\/2025\/05\/WhatsApp-Image-2025-05-18-a-13.19.16_7ed6c8e2.jpg\",\"contentUrl\":\"https:\/\/athleben.org\/athleben\/wp-content\/uploads\/2025\/05\/WhatsApp-Image-2025-05-18-a-13.19.16_7ed6c8e2.jpg\",\"width\":2560,\"height\":1706},{\"@type\":\"BreadcrumbList\",\"@id\":\"https:\/\/athleben.org\/athleben\/reunion-du-comite-directeur-federal\/#breadcrumb\",\"itemListElement\":[{\"@type\":\"ListItem\",\"position\":1,\"name\":\"Accueil\",\"item\":\"https:\/\/athleben.org\/athleben\/\"},{\"@type\":\"ListItem\",\"position\":2,\"name\":\"R\u00e9union du comit\u00e9 directeur f\u00e9d\u00e9ral\"}]},{\"@type\":\"WebSite\",\"@id\":\"https:\/\/athleben.org\/athleben\/#website\",\"url\":\"https:\/\/athleben.org\/athleben\/\",\"name\":\"F\u00e9d\u00e9ration B\u00e9ninoise d'Athl\u00e9tisme\",\"description\":\"Athl\u00e9tisme, ma fiert\u00e9, je m&#039;engage.\",\"publisher\":{\"@id\":\"https:\/\/athleben.org\/athleben\/#organization\"},\"potentialAction\":[{\"@type\":\"SearchAction\",\"target\":{\"@type\":\"EntryPoint\",\"urlTemplate\":\"https:\/\/athleben.org\/athleben\/?s={search_term_string}\"},\"query-input\":{\"@type\":\"PropertyValueSpecification\",\"valueRequired\":true,\"valueName\":\"search_term_string\"}}],\"inLanguage\":\"fr-FR\"},{\"@type\":\"Organization\",\"@id\":\"https:\/\/athleben.org\/athleben\/#organization\",\"name\":\"F\u00e9d\u00e9ration B\u00e9ninoise d'Athl\u00e9tisme\",\"url\":\"https:\/\/athleben.org\/athleben\/\",\"logo\":{\"@type\":\"ImageObject\",\"inLanguage\":\"fr-FR\",\"@id\":\"https:\/\/athleben.org\/athleben\/#\/schema\/logo\/image\/\",\"url\":\"https:\/\/athleben.org\/athleben\/wp-content\/uploads\/2024\/01\/logo-fba-new.png\",\"contentUrl\":\"https:\/\/athleben.org\/athleben\/wp-content\/uploads\/2024\/01\/logo-fba-new.png\",\"width\":162,\"height\":169,\"caption\":\"F\u00e9d\u00e9ration B\u00e9ninoise d'Athl\u00e9tisme\"},\"image\":{\"@id\":\"https:\/\/athleben.org\/athleben\/#\/schema\/logo\/image\/\"},\"sameAs\":[\"https:\/\/web.facebook.com\/FederationBeninoiseAthletisme\",\"https:\/\/x.com\/BeninoiseD\",\"https:\/\/www.instagram.com\/fbathle\"]},{\"@type\":\"Person\",\"@id\":\"https:\/\/athleben.org\/athleben\/#\/schema\/person\/8e674441e65cf8d584b9dd06d96e68c5\",\"name\":\"R\u00e9daction\",\"image\":{\"@type\":\"ImageObject\",\"inLanguage\":\"fr-FR\",\"@id\":\"https:\/\/athleben.org\/athleben\/#\/schema\/person\/image\/\",\"url\":\"https:\/\/secure.gravatar.com\/avatar\/bb62d62970513855ce068679bf0975b0d5aff01ca9d25756de5d17f8d51767b9?s=96&d=mm&r=g\",\"contentUrl\":\"https:\/\/secure.gravatar.com\/avatar\/bb62d62970513855ce068679bf0975b0d5aff01ca9d25756de5d17f8d51767b9?s=96&d=mm&r=g\",\"caption\":\"R\u00e9daction\"},\"url\":\"https:\/\/athleben.org\/athleben\/author\/achille\/\"}]}<\/script>\n<!-- \/ Yoast SEO plugin. -->","yoast_head_json":{"title":"R\u00e9union du comit\u00e9 directeur f\u00e9d\u00e9ral - F\u00e9d\u00e9ration B\u00e9ninoise d&#039;Athl\u00e9tisme","robots":{"index":"index","follow":"follow","max-snippet":"max-snippet:-1","max-image-preview":"max-image-preview:large","max-video-preview":"max-video-preview:-1"},"canonical":"https:\/\/athleben.org\/athleben\/reunion-du-comite-directeur-federal\/","og_locale":"fr_FR","og_type":"article","og_title":"R\u00e9union du comit\u00e9 directeur f\u00e9d\u00e9ral - F\u00e9d\u00e9ration B\u00e9ninoise d&#039;Athl\u00e9tisme","og_description":"Le Comit\u00e9 directeur f\u00e9d\u00e9ral (CoDiF) de la F\u00e9d\u00e9ration b\u00e9ninoise d&rsquo;athl\u00e9tisme (FBA) s\u2019est r\u00e9uni ce samedi 17 mai 2025 \u00e0 Cotonou, marquant sa premi\u00e8re rencontre depuis [&hellip;]","og_url":"https:\/\/athleben.org\/athleben\/reunion-du-comite-directeur-federal\/","og_site_name":"F\u00e9d\u00e9ration B\u00e9ninoise d&#039;Athl\u00e9tisme","article_publisher":"https:\/\/web.facebook.com\/FederationBeninoiseAthletisme","article_published_time":"2025-05-18T12:58:51+00:00","article_modified_time":"2025-05-19T10:32:18+00:00","og_image":[{"width":2560,"height":1706,"url":"https:\/\/athleben.org\/athleben\/wp-content\/uploads\/2025\/05\/WhatsApp-Image-2025-05-18-a-13.19.16_7ed6c8e2.jpg","type":"image\/jpeg"}],"author":"R\u00e9daction","twitter_card":"summary_large_image","twitter_creator":"@BeninoiseD","twitter_site":"@BeninoiseD","twitter_misc":{"\u00c9crit par":"R\u00e9daction","Dur\u00e9e de lecture estim\u00e9e":"3 minutes"},"schema":{"@context":"https:\/\/schema.org","@graph":[{"@type":"Article","@id":"https:\/\/athleben.org\/athleben\/reunion-du-comite-directeur-federal\/#article","isPartOf":{"@id":"https:\/\/athleben.org\/athleben\/reunion-du-comite-directeur-federal\/"},"author":{"name":"R\u00e9daction","@id":"https:\/\/athleben.org\/athleben\/#\/schema\/person\/8e674441e65cf8d584b9dd06d96e68c5"},"headline":"R\u00e9union du comit\u00e9 directeur f\u00e9d\u00e9ral","datePublished":"2025-05-18T12:58:51+00:00","dateModified":"2025-05-19T10:32:18+00:00","mainEntityOfPage":{"@id":"https:\/\/athleben.org\/athleben\/reunion-du-comite-directeur-federal\/"},"wordCount":650,"commentCount":0,"publisher":{"@id":"https:\/\/athleben.org\/athleben\/#organization"},"image":{"@id":"https:\/\/athleben.org\/athleben\/reunion-du-comite-directeur-federal\/#primaryimage"},"thumbnailUrl":"https:\/\/athleben.org\/athleben\/wp-content\/uploads\/2025\/05\/WhatsApp-Image-2025-05-18-a-13.19.16_7ed6c8e2.jpg","articleSection":["Athl\u00e9tisme"],"inLanguage":"fr-FR","potentialAction":[{"@type":"CommentAction","name":"Comment","target":["https:\/\/athleben.org\/athleben\/reunion-du-comite-directeur-federal\/#respond"]}]},{"@type":"WebPage","@id":"https:\/\/athleben.org\/athleben\/reunion-du-comite-directeur-federal\/","url":"https:\/\/athleben.org\/athleben\/reunion-du-comite-directeur-federal\/","name":"R\u00e9union du comit\u00e9 directeur f\u00e9d\u00e9ral - F\u00e9d\u00e9ration B\u00e9ninoise d&#039;Athl\u00e9tisme","isPartOf":{"@id":"https:\/\/athleben.org\/athleben\/#website"},"primaryImageOfPage":{"@id":"https:\/\/athleben.org\/athleben\/reunion-du-comite-directeur-federal\/#primaryimage"},"image":{"@id":"https:\/\/athleben.org\/athleben\/reunion-du-comite-directeur-federal\/#primaryimage"},"thumbnailUrl":"https:\/\/athleben.org\/athleben\/wp-content\/uploads\/2025\/05\/WhatsApp-Image-2025-05-18-a-13.19.16_7ed6c8e2.jpg","datePublished":"2025-05-18T12:58:51+00:00","dateModified":"2025-05-19T10:32:18+00:00","breadcrumb":{"@id":"https:\/\/athleben.org\/athleben\/reunion-du-comite-directeur-federal\/#breadcrumb"},"inLanguage":"fr-FR","potentialAction":[{"@type":"ReadAction","target":["https:\/\/athleben.org\/athleben\/reunion-du-comite-directeur-federal\/"]}]},{"@type":"ImageObject","inLanguage":"fr-FR","@id":"https:\/\/athleben.org\/athleben\/reunion-du-comite-directeur-federal\/#primaryimage","url":"https:\/\/athleben.org\/athleben\/wp-content\/uploads\/2025\/05\/WhatsApp-Image-2025-05-18-a-13.19.16_7ed6c8e2.jpg","contentUrl":"https:\/\/athleben.org\/athleben\/wp-content\/uploads\/2025\/05\/WhatsApp-Image-2025-05-18-a-13.19.16_7ed6c8e2.jpg","width":2560,"height":1706},{"@type":"BreadcrumbList","@id":"https:\/\/athleben.org\/athleben\/reunion-du-comite-directeur-federal\/#breadcrumb","itemListElement":[{"@type":"ListItem","position":1,"name":"Accueil","item":"https:\/\/athleben.org\/athleben\/"},{"@type":"ListItem","position":2,"name":"R\u00e9union du comit\u00e9 directeur f\u00e9d\u00e9ral"}]},{"@type":"WebSite","@id":"https:\/\/athleben.org\/athleben\/#website","url":"https:\/\/athleben.org\/athleben\/","name":"F\u00e9d\u00e9ration B\u00e9ninoise d'Athl\u00e9tisme","description":"Athl\u00e9tisme, ma fiert\u00e9, je m&#039;engage.","publisher":{"@id":"https:\/\/athleben.org\/athleben\/#organization"},"potentialAction":[{"@type":"SearchAction","target":{"@type":"EntryPoint","urlTemplate":"https:\/\/athleben.org\/athleben\/?s={search_term_string}"},"query-input":{"@type":"PropertyValueSpecification","valueRequired":true,"valueName":"search_term_string"}}],"inLanguage":"fr-FR"},{"@type":"Organization","@id":"https:\/\/athleben.org\/athleben\/#organization","name":"F\u00e9d\u00e9ration B\u00e9ninoise d'Athl\u00e9tisme","url":"https:\/\/athleben.org\/athleben\/","logo":{"@type":"ImageObject","inLanguage":"fr-FR","@id":"https:\/\/athleben.org\/athleben\/#\/schema\/logo\/image\/","url":"https:\/\/athleben.org\/athleben\/wp-content\/uploads\/2024\/01\/logo-fba-new.png","contentUrl":"https:\/\/athleben.org\/athleben\/wp-content\/uploads\/2024\/01\/logo-fba-new.png","width":162,"height":169,"caption":"F\u00e9d\u00e9ration B\u00e9ninoise d'Athl\u00e9tisme"},"image":{"@id":"https:\/\/athleben.org\/athleben\/#\/schema\/logo\/image\/"},"sameAs":["https:\/\/web.facebook.com\/FederationBeninoiseAthletisme","https:\/\/x.com\/BeninoiseD","https:\/\/www.instagram.com\/fbathle"]},{"@type":"Person","@id":"https:\/\/athleben.org\/athleben\/#\/schema\/person\/8e674441e65cf8d584b9dd06d96e68c5","name":"R\u00e9daction","image":{"@type":"ImageObject","inLanguage":"fr-FR","@id":"https:\/\/athleben.org\/athleben\/#\/schema\/person\/image\/","url":"https:\/\/secure.gravatar.com\/avatar\/bb62d62970513855ce068679bf0975b0d5aff01ca9d25756de5d17f8d51767b9?s=96&d=mm&r=g","contentUrl":"https:\/\/secure.gravatar.com\/avatar\/bb62d62970513855ce068679bf0975b0d5aff01ca9d25756de5d17f8d51767b9?s=96&d=mm&r=g","caption":"R\u00e9daction"},"url":"https:\/\/athleben.org\/athleben\/author\/achille\/"}]}},"_links":{"self":[{"href":"https:\/\/athleben.org\/athleben\/wp-json\/wp\/v2\/posts\/3393","targetHints":{"allow":["GET"]}}],"collection":[{"href":"https:\/\/athleben.org\/athleben\/wp-json\/wp\/v2\/posts"}],"about":[{"href":"https:\/\/athleben.org\/athleben\/wp-json\/wp\/v2\/types\/post"}],"author":[{"embeddable":true,"href":"https:\/\/athleben.org\/athleben\/wp-json\/wp\/v2\/users\/2"}],"replies":[{"embeddable":true,"href":"https:\/\/athleben.org\/athleben\/wp-json\/wp\/v2\/comments?post=3393"}],"version-history":[{"count":6,"href":"https:\/\/athleben.org\/athleben\/wp-json\/wp\/v2\/posts\/3393\/revisions"}],"predecessor-version":[{"id":3491,"href":"https:\/\/athleben.org\/athleben\/wp-json\/wp\/v2\/posts\/3393\/revisions\/3491"}],"wp:featuredmedia":[{"embeddable":true,"href":"https:\/\/athleben.org\/athleben\/wp-json\/wp\/v2\/media\/3467"}],"wp:attachment":[{"href":"https:\/\/athleben.org\/athleben\/wp-json\/wp\/v2\/media?parent=3393"}],"wp:term":[{"taxonomy":"category","embeddable":true,"href":"https:\/\/athleben.org\/athleben\/wp-json\/wp\/v2\/categories?post=3393"},{"taxonomy":"post_tag","embeddable":true,"href":"https:\/\/athleben.org\/athleben\/wp-json\/wp\/v2\/tags?post=3393"}],"curies":[{"name":"wp","href":"https:\/\/api.w.org\/{rel}","templated":true}]}}