{"id":3137,"date":"2025-05-06T13:06:58","date_gmt":"2025-05-06T12:06:58","guid":{"rendered":"https:\/\/athleben.org\/athleben\/?p=3137"},"modified":"2025-05-06T13:06:58","modified_gmt":"2025-05-06T12:06:58","slug":"journee-mondiale-du-kids-athletics-2025","status":"publish","type":"post","link":"https:\/\/athleben.org\/athleben\/journee-mondiale-du-kids-athletics-2025\/","title":{"rendered":"Journ\u00e9e mondiale du Kids\u2019 Athletics 2025"},"content":{"rendered":"\n<p>Prenez rendez-vous le mercredi 7 mai 2025 sur 25 stades du B\u00e9nin<\/p>\n\n\n\n<p>La F\u00e9d\u00e9ration B\u00e9ninoise d&rsquo;athl\u00e9tisme , en collaboration le Minist\u00e8re des Sports, le Minist\u00e8re des Enseignements Maternel et Primaire et World Athletics, vous invite \u00e0 c\u00e9l\u00e9brer la Journ\u00e9e mondiale du Kids\u2019 Athletics. Ce rendez-vous s\u2019inscrit dans l\u2019engagement du gouvernement \u00e0 faire du sport un pilier de l\u2019\u00e9ducation et du d\u00e9veloppement des jeunes, conform\u00e9ment \u00e0 la vision du Pr\u00e9sident de la R\u00e9publique.<\/p>\n\n\n\n<p>Mais qu&rsquo;est-ce que le Kids\u2019 Athletics ? \ud83e\udd14<\/p>\n\n\n\n<p>C&rsquo;est un programme innovant de World Athletics, con\u00e7u pour initier les enfants aux fondamentaux du sport de mani\u00e8re ludique et inclusive. Ax\u00e9 sur trois comp\u00e9tences cl\u00e9s \u2013 courir, sauter et lancer, le Kids\u2019 Athletics vise \u00e0 favoriser l\u2019\u00e9panouissement physique et psychologique des enfants, tout en d\u00e9veloppant leur go\u00fbt pour l\u2019effort et l\u2019esprit d\u2019\u00e9quipe.<\/p>\n\n\n\n<p>Rendez-vous le 7 mai pour une journ\u00e9e pleine de fun, d&rsquo;apprentissage et de partage sur l&rsquo;ensemble des 22 Stades du PAG, le terrain d&rsquo;Akassato et le Stade de l&rsquo;Amiti\u00e9 G\u00e9n\u00e9ral Mathieu K\u00e9r\u00e9kou! \ud83c\udfc3\u200d\u2642\ufe0f\ud83c\udfc3\u200d\u2640\ufe0f\u2728<br>@super fans \u2728Minist\u00e8re des Sports du B\u00e9nin \u2728Gouvernement du B\u00e9nin \u2728Pr\u00e9sidence de la R\u00e9publique du B\u00e9nin \u2728Canal+ B\u00e9nin \u2728Commission Des Athl\u00e8tes Du B\u00e9nin \u2728B\u00e9nin TV &#8211; SRTB\u2728 ISF (International School Sport Federation) \u2728F\u00e9d\u00e9ration B\u00e9ninoise Athl\u00e9tisme \u2728World Athletics \u2728Patrice Talon\u2728 Beno\u00eet K. M. Dato<\/p>\n","protected":false},"excerpt":{"rendered":"<p>Prenez rendez-vous le mercredi 7 mai 2025 sur 25 stades du B\u00e9nin La F\u00e9d\u00e9ration B\u00e9ninoise d&rsquo;athl\u00e9tisme , en collaboration le Minist\u00e8re des Sports, le Minist\u00e8re [&hellip;]<\/p>\n","protected":false},"author":2,"featured_media":3138,"comment_status":"open","ping_status":"closed","sticky":false,"template":"","format":"standard","meta":{"footnotes":""},"categories":[22],"tags":[],"class_list":["post-3137","post","type-post","status-publish","format-standard","has-post-thumbnail","hentry","category-athle"],"yoast_head":"<!-- This site is optimized with the Yoast SEO plugin v27.1.1 - https:\/\/yoast.com\/product\/yoast-seo-wordpress\/ -->\n<title>Journ\u00e9e mondiale du Kids\u2019 Athletics 2025 - F\u00e9d\u00e9ration B\u00e9ninoise d&#039;Athl\u00e9tisme<\/title>\n<meta name=\"robots\" content=\"index, follow, max-snippet:-1, max-image-preview:large, max-video-preview:-1\" \/>\n<link rel=\"canonical\" href=\"https:\/\/athleben.org\/athleben\/journee-mondiale-du-kids-athletics-2025\/\" \/>\n<meta property=\"og:locale\" content=\"fr_FR\" \/>\n<meta property=\"og:type\" content=\"article\" \/>\n<meta property=\"og:title\" content=\"Journ\u00e9e mondiale du Kids\u2019 Athletics 2025 - F\u00e9d\u00e9ration B\u00e9ninoise d&#039;Athl\u00e9tisme\" \/>\n<meta property=\"og:description\" content=\"Prenez rendez-vous le mercredi 7 mai 2025 sur 25 stades du B\u00e9nin La F\u00e9d\u00e9ration B\u00e9ninoise d&rsquo;athl\u00e9tisme , en collaboration le Minist\u00e8re des Sports, le Minist\u00e8re [&hellip;]\" \/>\n<meta property=\"og:url\" content=\"https:\/\/athleben.org\/athleben\/journee-mondiale-du-kids-athletics-2025\/\" \/>\n<meta property=\"og:site_name\" content=\"F\u00e9d\u00e9ration B\u00e9ninoise d&#039;Athl\u00e9tisme\" \/>\n<meta property=\"article:publisher\" content=\"https:\/\/web.facebook.com\/FederationBeninoiseAthletisme\" \/>\n<meta property=\"article:published_time\" content=\"2025-05-06T12:06:58+00:00\" \/>\n<meta property=\"og:image\" content=\"https:\/\/athleben.org\/athleben\/wp-content\/uploads\/2025\/05\/WhatsApp-Image-2025-05-06-at-12.31.28.jpeg\" \/>\n\t<meta property=\"og:image:width\" content=\"720\" \/>\n\t<meta property=\"og:image:height\" content=\"720\" \/>\n\t<meta property=\"og:image:type\" content=\"image\/jpeg\" \/>\n<meta name=\"author\" content=\"R\u00e9daction\" \/>\n<meta name=\"twitter:card\" content=\"summary_large_image\" \/>\n<meta name=\"twitter:creator\" content=\"@BeninoiseD\" \/>\n<meta name=\"twitter:site\" content=\"@BeninoiseD\" \/>\n<meta name=\"twitter:label1\" content=\"\u00c9crit par\" \/>\n\t<meta name=\"twitter:data1\" content=\"R\u00e9daction\" \/>\n\t<meta name=\"twitter:label2\" content=\"Dur\u00e9e de lecture estim\u00e9e\" \/>\n\t<meta name=\"twitter:data2\" content=\"1 minute\" \/>\n<script type=\"application\/ld+json\" class=\"yoast-schema-graph\">{\"@context\":\"https:\/\/schema.org\",\"@graph\":[{\"@type\":\"Article\",\"@id\":\"https:\/\/athleben.org\/athleben\/journee-mondiale-du-kids-athletics-2025\/#article\",\"isPartOf\":{\"@id\":\"https:\/\/athleben.org\/athleben\/journee-mondiale-du-kids-athletics-2025\/\"},\"author\":{\"name\":\"R\u00e9daction\",\"@id\":\"https:\/\/athleben.org\/athleben\/#\/schema\/person\/8e674441e65cf8d584b9dd06d96e68c5\"},\"headline\":\"Journ\u00e9e mondiale du Kids\u2019 Athletics 2025\",\"datePublished\":\"2025-05-06T12:06:58+00:00\",\"mainEntityOfPage\":{\"@id\":\"https:\/\/athleben.org\/athleben\/journee-mondiale-du-kids-athletics-2025\/\"},\"wordCount\":255,\"commentCount\":0,\"publisher\":{\"@id\":\"https:\/\/athleben.org\/athleben\/#organization\"},\"image\":{\"@id\":\"https:\/\/athleben.org\/athleben\/journee-mondiale-du-kids-athletics-2025\/#primaryimage\"},\"thumbnailUrl\":\"https:\/\/athleben.org\/athleben\/wp-content\/uploads\/2025\/05\/WhatsApp-Image-2025-05-06-at-12.31.28.jpeg\",\"articleSection\":[\"Athl\u00e9tisme\"],\"inLanguage\":\"fr-FR\",\"potentialAction\":[{\"@type\":\"CommentAction\",\"name\":\"Comment\",\"target\":[\"https:\/\/athleben.org\/athleben\/journee-mondiale-du-kids-athletics-2025\/#respond\"]}]},{\"@type\":\"WebPage\",\"@id\":\"https:\/\/athleben.org\/athleben\/journee-mondiale-du-kids-athletics-2025\/\",\"url\":\"https:\/\/athleben.org\/athleben\/journee-mondiale-du-kids-athletics-2025\/\",\"name\":\"Journ\u00e9e mondiale du Kids\u2019 Athletics 2025 - F\u00e9d\u00e9ration B\u00e9ninoise d&#039;Athl\u00e9tisme\",\"isPartOf\":{\"@id\":\"https:\/\/athleben.org\/athleben\/#website\"},\"primaryImageOfPage\":{\"@id\":\"https:\/\/athleben.org\/athleben\/journee-mondiale-du-kids-athletics-2025\/#primaryimage\"},\"image\":{\"@id\":\"https:\/\/athleben.org\/athleben\/journee-mondiale-du-kids-athletics-2025\/#primaryimage\"},\"thumbnailUrl\":\"https:\/\/athleben.org\/athleben\/wp-content\/uploads\/2025\/05\/WhatsApp-Image-2025-05-06-at-12.31.28.jpeg\",\"datePublished\":\"2025-05-06T12:06:58+00:00\",\"breadcrumb\":{\"@id\":\"https:\/\/athleben.org\/athleben\/journee-mondiale-du-kids-athletics-2025\/#breadcrumb\"},\"inLanguage\":\"fr-FR\",\"potentialAction\":[{\"@type\":\"ReadAction\",\"target\":[\"https:\/\/athleben.org\/athleben\/journee-mondiale-du-kids-athletics-2025\/\"]}]},{\"@type\":\"ImageObject\",\"inLanguage\":\"fr-FR\",\"@id\":\"https:\/\/athleben.org\/athleben\/journee-mondiale-du-kids-athletics-2025\/#primaryimage\",\"url\":\"https:\/\/athleben.org\/athleben\/wp-content\/uploads\/2025\/05\/WhatsApp-Image-2025-05-06-at-12.31.28.jpeg\",\"contentUrl\":\"https:\/\/athleben.org\/athleben\/wp-content\/uploads\/2025\/05\/WhatsApp-Image-2025-05-06-at-12.31.28.jpeg\",\"width\":720,\"height\":720},{\"@type\":\"BreadcrumbList\",\"@id\":\"https:\/\/athleben.org\/athleben\/journee-mondiale-du-kids-athletics-2025\/#breadcrumb\",\"itemListElement\":[{\"@type\":\"ListItem\",\"position\":1,\"name\":\"Accueil\",\"item\":\"https:\/\/athleben.org\/athleben\/\"},{\"@type\":\"ListItem\",\"position\":2,\"name\":\"Journ\u00e9e mondiale du Kids\u2019 Athletics 2025\"}]},{\"@type\":\"WebSite\",\"@id\":\"https:\/\/athleben.org\/athleben\/#website\",\"url\":\"https:\/\/athleben.org\/athleben\/\",\"name\":\"F\u00e9d\u00e9ration B\u00e9ninoise d'Athl\u00e9tisme\",\"description\":\"Athl\u00e9tisme, ma fiert\u00e9, je m&#039;engage.\",\"publisher\":{\"@id\":\"https:\/\/athleben.org\/athleben\/#organization\"},\"potentialAction\":[{\"@type\":\"SearchAction\",\"target\":{\"@type\":\"EntryPoint\",\"urlTemplate\":\"https:\/\/athleben.org\/athleben\/?s={search_term_string}\"},\"query-input\":{\"@type\":\"PropertyValueSpecification\",\"valueRequired\":true,\"valueName\":\"search_term_string\"}}],\"inLanguage\":\"fr-FR\"},{\"@type\":\"Organization\",\"@id\":\"https:\/\/athleben.org\/athleben\/#organization\",\"name\":\"F\u00e9d\u00e9ration B\u00e9ninoise d'Athl\u00e9tisme\",\"url\":\"https:\/\/athleben.org\/athleben\/\",\"logo\":{\"@type\":\"ImageObject\",\"inLanguage\":\"fr-FR\",\"@id\":\"https:\/\/athleben.org\/athleben\/#\/schema\/logo\/image\/\",\"url\":\"https:\/\/athleben.org\/athleben\/wp-content\/uploads\/2024\/01\/logo-fba-new.png\",\"contentUrl\":\"https:\/\/athleben.org\/athleben\/wp-content\/uploads\/2024\/01\/logo-fba-new.png\",\"width\":162,\"height\":169,\"caption\":\"F\u00e9d\u00e9ration B\u00e9ninoise d'Athl\u00e9tisme\"},\"image\":{\"@id\":\"https:\/\/athleben.org\/athleben\/#\/schema\/logo\/image\/\"},\"sameAs\":[\"https:\/\/web.facebook.com\/FederationBeninoiseAthletisme\",\"https:\/\/x.com\/BeninoiseD\",\"https:\/\/www.instagram.com\/fbathle\"]},{\"@type\":\"Person\",\"@id\":\"https:\/\/athleben.org\/athleben\/#\/schema\/person\/8e674441e65cf8d584b9dd06d96e68c5\",\"name\":\"R\u00e9daction\",\"image\":{\"@type\":\"ImageObject\",\"inLanguage\":\"fr-FR\",\"@id\":\"https:\/\/athleben.org\/athleben\/#\/schema\/person\/image\/\",\"url\":\"https:\/\/secure.gravatar.com\/avatar\/bb62d62970513855ce068679bf0975b0d5aff01ca9d25756de5d17f8d51767b9?s=96&d=mm&r=g\",\"contentUrl\":\"https:\/\/secure.gravatar.com\/avatar\/bb62d62970513855ce068679bf0975b0d5aff01ca9d25756de5d17f8d51767b9?s=96&d=mm&r=g\",\"caption\":\"R\u00e9daction\"},\"url\":\"https:\/\/athleben.org\/athleben\/author\/achille\/\"}]}<\/script>\n<!-- \/ Yoast SEO plugin. -->","yoast_head_json":{"title":"Journ\u00e9e mondiale du Kids\u2019 Athletics 2025 - F\u00e9d\u00e9ration B\u00e9ninoise d&#039;Athl\u00e9tisme","robots":{"index":"index","follow":"follow","max-snippet":"max-snippet:-1","max-image-preview":"max-image-preview:large","max-video-preview":"max-video-preview:-1"},"canonical":"https:\/\/athleben.org\/athleben\/journee-mondiale-du-kids-athletics-2025\/","og_locale":"fr_FR","og_type":"article","og_title":"Journ\u00e9e mondiale du Kids\u2019 Athletics 2025 - F\u00e9d\u00e9ration B\u00e9ninoise d&#039;Athl\u00e9tisme","og_description":"Prenez rendez-vous le mercredi 7 mai 2025 sur 25 stades du B\u00e9nin La F\u00e9d\u00e9ration B\u00e9ninoise d&rsquo;athl\u00e9tisme , en collaboration le Minist\u00e8re des Sports, le Minist\u00e8re [&hellip;]","og_url":"https:\/\/athleben.org\/athleben\/journee-mondiale-du-kids-athletics-2025\/","og_site_name":"F\u00e9d\u00e9ration B\u00e9ninoise d&#039;Athl\u00e9tisme","article_publisher":"https:\/\/web.facebook.com\/FederationBeninoiseAthletisme","article_published_time":"2025-05-06T12:06:58+00:00","og_image":[{"width":720,"height":720,"url":"https:\/\/athleben.org\/athleben\/wp-content\/uploads\/2025\/05\/WhatsApp-Image-2025-05-06-at-12.31.28.jpeg","type":"image\/jpeg"}],"author":"R\u00e9daction","twitter_card":"summary_large_image","twitter_creator":"@BeninoiseD","twitter_site":"@BeninoiseD","twitter_misc":{"\u00c9crit par":"R\u00e9daction","Dur\u00e9e de lecture estim\u00e9e":"1 minute"},"schema":{"@context":"https:\/\/schema.org","@graph":[{"@type":"Article","@id":"https:\/\/athleben.org\/athleben\/journee-mondiale-du-kids-athletics-2025\/#article","isPartOf":{"@id":"https:\/\/athleben.org\/athleben\/journee-mondiale-du-kids-athletics-2025\/"},"author":{"name":"R\u00e9daction","@id":"https:\/\/athleben.org\/athleben\/#\/schema\/person\/8e674441e65cf8d584b9dd06d96e68c5"},"headline":"Journ\u00e9e mondiale du Kids\u2019 Athletics 2025","datePublished":"2025-05-06T12:06:58+00:00","mainEntityOfPage":{"@id":"https:\/\/athleben.org\/athleben\/journee-mondiale-du-kids-athletics-2025\/"},"wordCount":255,"commentCount":0,"publisher":{"@id":"https:\/\/athleben.org\/athleben\/#organization"},"image":{"@id":"https:\/\/athleben.org\/athleben\/journee-mondiale-du-kids-athletics-2025\/#primaryimage"},"thumbnailUrl":"https:\/\/athleben.org\/athleben\/wp-content\/uploads\/2025\/05\/WhatsApp-Image-2025-05-06-at-12.31.28.jpeg","articleSection":["Athl\u00e9tisme"],"inLanguage":"fr-FR","potentialAction":[{"@type":"CommentAction","name":"Comment","target":["https:\/\/athleben.org\/athleben\/journee-mondiale-du-kids-athletics-2025\/#respond"]}]},{"@type":"WebPage","@id":"https:\/\/athleben.org\/athleben\/journee-mondiale-du-kids-athletics-2025\/","url":"https:\/\/athleben.org\/athleben\/journee-mondiale-du-kids-athletics-2025\/","name":"Journ\u00e9e mondiale du Kids\u2019 Athletics 2025 - F\u00e9d\u00e9ration B\u00e9ninoise d&#039;Athl\u00e9tisme","isPartOf":{"@id":"https:\/\/athleben.org\/athleben\/#website"},"primaryImageOfPage":{"@id":"https:\/\/athleben.org\/athleben\/journee-mondiale-du-kids-athletics-2025\/#primaryimage"},"image":{"@id":"https:\/\/athleben.org\/athleben\/journee-mondiale-du-kids-athletics-2025\/#primaryimage"},"thumbnailUrl":"https:\/\/athleben.org\/athleben\/wp-content\/uploads\/2025\/05\/WhatsApp-Image-2025-05-06-at-12.31.28.jpeg","datePublished":"2025-05-06T12:06:58+00:00","breadcrumb":{"@id":"https:\/\/athleben.org\/athleben\/journee-mondiale-du-kids-athletics-2025\/#breadcrumb"},"inLanguage":"fr-FR","potentialAction":[{"@type":"ReadAction","target":["https:\/\/athleben.org\/athleben\/journee-mondiale-du-kids-athletics-2025\/"]}]},{"@type":"ImageObject","inLanguage":"fr-FR","@id":"https:\/\/athleben.org\/athleben\/journee-mondiale-du-kids-athletics-2025\/#primaryimage","url":"https:\/\/athleben.org\/athleben\/wp-content\/uploads\/2025\/05\/WhatsApp-Image-2025-05-06-at-12.31.28.jpeg","contentUrl":"https:\/\/athleben.org\/athleben\/wp-content\/uploads\/2025\/05\/WhatsApp-Image-2025-05-06-at-12.31.28.jpeg","width":720,"height":720},{"@type":"BreadcrumbList","@id":"https:\/\/athleben.org\/athleben\/journee-mondiale-du-kids-athletics-2025\/#breadcrumb","itemListElement":[{"@type":"ListItem","position":1,"name":"Accueil","item":"https:\/\/athleben.org\/athleben\/"},{"@type":"ListItem","position":2,"name":"Journ\u00e9e mondiale du Kids\u2019 Athletics 2025"}]},{"@type":"WebSite","@id":"https:\/\/athleben.org\/athleben\/#website","url":"https:\/\/athleben.org\/athleben\/","name":"F\u00e9d\u00e9ration B\u00e9ninoise d'Athl\u00e9tisme","description":"Athl\u00e9tisme, ma fiert\u00e9, je m&#039;engage.","publisher":{"@id":"https:\/\/athleben.org\/athleben\/#organization"},"potentialAction":[{"@type":"SearchAction","target":{"@type":"EntryPoint","urlTemplate":"https:\/\/athleben.org\/athleben\/?s={search_term_string}"},"query-input":{"@type":"PropertyValueSpecification","valueRequired":true,"valueName":"search_term_string"}}],"inLanguage":"fr-FR"},{"@type":"Organization","@id":"https:\/\/athleben.org\/athleben\/#organization","name":"F\u00e9d\u00e9ration B\u00e9ninoise d'Athl\u00e9tisme","url":"https:\/\/athleben.org\/athleben\/","logo":{"@type":"ImageObject","inLanguage":"fr-FR","@id":"https:\/\/athleben.org\/athleben\/#\/schema\/logo\/image\/","url":"https:\/\/athleben.org\/athleben\/wp-content\/uploads\/2024\/01\/logo-fba-new.png","contentUrl":"https:\/\/athleben.org\/athleben\/wp-content\/uploads\/2024\/01\/logo-fba-new.png","width":162,"height":169,"caption":"F\u00e9d\u00e9ration B\u00e9ninoise d'Athl\u00e9tisme"},"image":{"@id":"https:\/\/athleben.org\/athleben\/#\/schema\/logo\/image\/"},"sameAs":["https:\/\/web.facebook.com\/FederationBeninoiseAthletisme","https:\/\/x.com\/BeninoiseD","https:\/\/www.instagram.com\/fbathle"]},{"@type":"Person","@id":"https:\/\/athleben.org\/athleben\/#\/schema\/person\/8e674441e65cf8d584b9dd06d96e68c5","name":"R\u00e9daction","image":{"@type":"ImageObject","inLanguage":"fr-FR","@id":"https:\/\/athleben.org\/athleben\/#\/schema\/person\/image\/","url":"https:\/\/secure.gravatar.com\/avatar\/bb62d62970513855ce068679bf0975b0d5aff01ca9d25756de5d17f8d51767b9?s=96&d=mm&r=g","contentUrl":"https:\/\/secure.gravatar.com\/avatar\/bb62d62970513855ce068679bf0975b0d5aff01ca9d25756de5d17f8d51767b9?s=96&d=mm&r=g","caption":"R\u00e9daction"},"url":"https:\/\/athleben.org\/athleben\/author\/achille\/"}]}},"_links":{"self":[{"href":"https:\/\/athleben.org\/athleben\/wp-json\/wp\/v2\/posts\/3137","targetHints":{"allow":["GET"]}}],"collection":[{"href":"https:\/\/athleben.org\/athleben\/wp-json\/wp\/v2\/posts"}],"about":[{"href":"https:\/\/athleben.org\/athleben\/wp-json\/wp\/v2\/types\/post"}],"author":[{"embeddable":true,"href":"https:\/\/athleben.org\/athleben\/wp-json\/wp\/v2\/users\/2"}],"replies":[{"embeddable":true,"href":"https:\/\/athleben.org\/athleben\/wp-json\/wp\/v2\/comments?post=3137"}],"version-history":[{"count":1,"href":"https:\/\/athleben.org\/athleben\/wp-json\/wp\/v2\/posts\/3137\/revisions"}],"predecessor-version":[{"id":3139,"href":"https:\/\/athleben.org\/athleben\/wp-json\/wp\/v2\/posts\/3137\/revisions\/3139"}],"wp:featuredmedia":[{"embeddable":true,"href":"https:\/\/athleben.org\/athleben\/wp-json\/wp\/v2\/media\/3138"}],"wp:attachment":[{"href":"https:\/\/athleben.org\/athleben\/wp-json\/wp\/v2\/media?parent=3137"}],"wp:term":[{"taxonomy":"category","embeddable":true,"href":"https:\/\/athleben.org\/athleben\/wp-json\/wp\/v2\/categories?post=3137"},{"taxonomy":"post_tag","embeddable":true,"href":"https:\/\/athleben.org\/athleben\/wp-json\/wp\/v2\/tags?post=3137"}],"curies":[{"name":"wp","href":"https:\/\/api.w.org\/{rel}","templated":true}]}}