{"id":3127,"date":"2025-04-27T13:36:47","date_gmt":"2025-04-27T12:36:47","guid":{"rendered":"https:\/\/athleben.org\/athleben\/?p=3127"},"modified":"2025-04-28T13:18:07","modified_gmt":"2025-04-28T12:18:07","slug":"%f0%9d%90%8c%f0%9d%90%9e%f0%9d%90%9e%f0%9d%90%ad%f0%9d%90%a2%f0%9d%90%a7%f0%9d%90%a0-%f0%9d%90%9d%f0%9d%90%9e%f0%9d%90%ac-%f0%9d%9f%93-%f0%9d%90%8d%f0%9d%90%9a%f0%9d%90%ad%f0%9d%90%a2%f0%9d%90%a8","status":"publish","type":"post","link":"https:\/\/athleben.org\/athleben\/%f0%9d%90%8c%f0%9d%90%9e%f0%9d%90%9e%f0%9d%90%ad%f0%9d%90%a2%f0%9d%90%a7%f0%9d%90%a0-%f0%9d%90%9d%f0%9d%90%9e%f0%9d%90%ac-%f0%9d%9f%93-%f0%9d%90%8d%f0%9d%90%9a%f0%9d%90%ad%f0%9d%90%a2%f0%9d%90%a8\/","title":{"rendered":"\ud835\udc0c\ud835\udc1e\ud835\udc1e\ud835\udc2d\ud835\udc22\ud835\udc27\ud835\udc20 \ud835\udc1d\ud835\udc1e\ud835\udc2c \ud835\udfd3 \ud835\udc0d\ud835\udc1a\ud835\udc2d\ud835\udc22\ud835\udc28\ud835\udc27 : Le B\u00e9nin rentre avec 30 m\u00e9dailles."},"content":{"rendered":"\n<p>Les rideaux sont tomb\u00e9s sur l&rsquo;\u00e9dition 2025 du Meeting des V nations \u00e0 Abidjan ce samedi 26 avril avec une belle illustration des athl\u00e8tes b\u00e9ninois. Le B\u00e9nin au cours de ces championnats en terre ivoirienne s&rsquo;en sort au d\u00e9compte final avec 30 m\u00e9dailles.<\/p>\n\n\n\n<p>Apr\u00e8s avoir remport\u00e9 21 m\u00e9dailles lors de la premi\u00e8re journ\u00e9e, les athl\u00e8tes U18 filles et U20 femmes ont rajout\u00e9 9 autres lors de la deuxi\u00e8me et derni\u00e8re journ\u00e9e du tournoi. Au classement final, les B\u00e9ninois ont d\u00e9croch\u00e9 7 m\u00e9dailles d&rsquo;or, 10 en argent et 13 en bronze.<\/p>\n\n\n\n<p>Une moisson qui classe B\u00e9nin \u00e0 la troisi\u00e8me place au classement g\u00e9n\u00e9ral du meeting devant le Togo, (12 m\u00e9dailles) et le Ghana, (9 m\u00e9dailles). Le Burkina-Faso a termin\u00e9 premier avec 56 m\u00e9dailles alors que le pays h\u00f4te, la C\u00f4te d&rsquo;Ivoire finit deuxi\u00e8me avec 55 m\u00e9dailles.<\/p>\n\n\n\n<p>Les d\u00e9tails des r\u00e9sultats sont t\u00e9l\u00e9chargeables en PDF en bas de cet article.<\/p>\n\n\n\n<p>Commission M\u00e9dia de la F\u00e9d\u00e9ration B\u00e9ninoise d&rsquo;Athl\u00e9tisme<\/p>\n\n\n\n<div class=\"wp-block-algori-pdf-viewer-block-algori-pdf-viewer\"><iframe class=\"wp-block-algori-pdf-viewer-block-algori-pdf-viewer-iframe lws-optimize-lazyload\"  style=\"width:600px;height:300px\" data-src=\"https:\/\/athleben.org\/athleben\/wp-content\/plugins\/algori-pdf-viewer\/dist\/web\/viewer.html?file=https%3A%2F%2Fathleben.org%2Fathleben%2Fwp-content%2Fuploads%2F2025%2F04%2FRESULTATS-DEFINITIF-5-NATIONS-2025.pdf\"><\/iframe><\/div>\n\n\n\n<div class=\"wp-block-jetpack-slideshow aligncenter\" data-autoplay=\"true\" data-delay=\"3\" data-effect=\"slide\"><div class=\"wp-block-jetpack-slideshow_container swiper-container\"><ul class=\"wp-block-jetpack-slideshow_swiper-wrapper swiper-wrapper\"><li class=\"wp-block-jetpack-slideshow_slide swiper-slide\"><figure><img width=\"1024\" height=\"683\" alt=\"\" class=\"wp-block-jetpack-slideshow_image wp-image-3131 lws-optimize-lazyload\" data-id=\"3131\" \/ data-src=\"https:\/\/athleben.org\/athleben\/wp-content\/uploads\/2025\/04\/494035797_1005659461657314_2406552984598073945_n-1024x683.jpg\" srcset=\"https:\/\/athleben.org\/athleben\/wp-content\/uploads\/2025\/04\/494035797_1005659461657314_2406552984598073945_n-1024x683.jpg 1024w, https:\/\/athleben.org\/athleben\/wp-content\/uploads\/2025\/04\/494035797_1005659461657314_2406552984598073945_n-300x200.jpg 300w, https:\/\/athleben.org\/athleben\/wp-content\/uploads\/2025\/04\/494035797_1005659461657314_2406552984598073945_n-768x512.jpg 768w, https:\/\/athleben.org\/athleben\/wp-content\/uploads\/2025\/04\/494035797_1005659461657314_2406552984598073945_n.jpg 1080w\" sizes=\"(max-width: 1024px) 100vw, 1024px\" \/><\/figure><\/li><li class=\"wp-block-jetpack-slideshow_slide swiper-slide\"><figure><img width=\"1024\" height=\"683\" alt=\"\" class=\"wp-block-jetpack-slideshow_image wp-image-3132 lws-optimize-lazyload\" data-id=\"3132\" \/ data-src=\"https:\/\/athleben.org\/athleben\/wp-content\/uploads\/2025\/04\/494306931_1005659418323985_5571262573942495335_n-1024x683.jpg\" srcset=\"https:\/\/athleben.org\/athleben\/wp-content\/uploads\/2025\/04\/494306931_1005659418323985_5571262573942495335_n-1024x683.jpg 1024w, https:\/\/athleben.org\/athleben\/wp-content\/uploads\/2025\/04\/494306931_1005659418323985_5571262573942495335_n-300x200.jpg 300w, https:\/\/athleben.org\/athleben\/wp-content\/uploads\/2025\/04\/494306931_1005659418323985_5571262573942495335_n-768x512.jpg 768w, https:\/\/athleben.org\/athleben\/wp-content\/uploads\/2025\/04\/494306931_1005659418323985_5571262573942495335_n.jpg 1080w\" sizes=\"(max-width: 1024px) 100vw, 1024px\" \/><\/figure><\/li><li class=\"wp-block-jetpack-slideshow_slide swiper-slide\"><figure><img width=\"1024\" height=\"683\" alt=\"\" class=\"wp-block-jetpack-slideshow_image wp-image-3133 lws-optimize-lazyload\" data-id=\"3133\" \/ data-src=\"https:\/\/athleben.org\/athleben\/wp-content\/uploads\/2025\/04\/493061128_1005659374990656_7343692781600100281_n-1024x683.jpg\" srcset=\"https:\/\/athleben.org\/athleben\/wp-content\/uploads\/2025\/04\/493061128_1005659374990656_7343692781600100281_n-1024x683.jpg 1024w, https:\/\/athleben.org\/athleben\/wp-content\/uploads\/2025\/04\/493061128_1005659374990656_7343692781600100281_n-300x200.jpg 300w, https:\/\/athleben.org\/athleben\/wp-content\/uploads\/2025\/04\/493061128_1005659374990656_7343692781600100281_n-768x512.jpg 768w, https:\/\/athleben.org\/athleben\/wp-content\/uploads\/2025\/04\/493061128_1005659374990656_7343692781600100281_n.jpg 1080w\" sizes=\"(max-width: 1024px) 100vw, 1024px\" \/><\/figure><\/li><li class=\"wp-block-jetpack-slideshow_slide swiper-slide\"><figure><img width=\"1024\" height=\"683\" alt=\"\" class=\"wp-block-jetpack-slideshow_image wp-image-3134 lws-optimize-lazyload\" data-id=\"3134\" \/ data-src=\"https:\/\/athleben.org\/athleben\/wp-content\/uploads\/2025\/04\/493004329_1005659334990660_2797461513135187494_n-1024x683.jpg\" srcset=\"https:\/\/athleben.org\/athleben\/wp-content\/uploads\/2025\/04\/493004329_1005659334990660_2797461513135187494_n-1024x683.jpg 1024w, https:\/\/athleben.org\/athleben\/wp-content\/uploads\/2025\/04\/493004329_1005659334990660_2797461513135187494_n-300x200.jpg 300w, https:\/\/athleben.org\/athleben\/wp-content\/uploads\/2025\/04\/493004329_1005659334990660_2797461513135187494_n-768x512.jpg 768w, https:\/\/athleben.org\/athleben\/wp-content\/uploads\/2025\/04\/493004329_1005659334990660_2797461513135187494_n.jpg 1080w\" sizes=\"(max-width: 1024px) 100vw, 1024px\" \/><\/figure><\/li><\/ul><a class=\"wp-block-jetpack-slideshow_button-prev swiper-button-prev swiper-button-white\" role=\"button\"><\/a><a class=\"wp-block-jetpack-slideshow_button-next swiper-button-next swiper-button-white\" role=\"button\"><\/a><a aria-label=\"Pause Slideshow\" class=\"wp-block-jetpack-slideshow_button-pause\" role=\"button\"><\/a><div class=\"wp-block-jetpack-slideshow_pagination swiper-pagination swiper-pagination-white\"><\/div><\/div><\/div>\n","protected":false},"excerpt":{"rendered":"<p>Les rideaux sont tomb\u00e9s sur l&rsquo;\u00e9dition 2025 du Meeting des V nations \u00e0 Abidjan ce samedi 26 avril avec une belle illustration des athl\u00e8tes b\u00e9ninois. [&hellip;]<\/p>\n","protected":false},"author":2,"featured_media":3134,"comment_status":"open","ping_status":"closed","sticky":false,"template":"","format":"standard","meta":{"footnotes":""},"categories":[22],"tags":[],"class_list":["post-3127","post","type-post","status-publish","format-standard","has-post-thumbnail","hentry","category-athle"],"yoast_head":"<!-- This site is optimized with the Yoast SEO plugin v27.1.1 - https:\/\/yoast.com\/product\/yoast-seo-wordpress\/ -->\n<title>\ud835\udc0c\ud835\udc1e\ud835\udc1e\ud835\udc2d\ud835\udc22\ud835\udc27\ud835\udc20 \ud835\udc1d\ud835\udc1e\ud835\udc2c \ud835\udfd3 \ud835\udc0d\ud835\udc1a\ud835\udc2d\ud835\udc22\ud835\udc28\ud835\udc27 : Le B\u00e9nin rentre avec 30 m\u00e9dailles. - F\u00e9d\u00e9ration B\u00e9ninoise d&#039;Athl\u00e9tisme<\/title>\n<meta name=\"robots\" content=\"index, follow, max-snippet:-1, max-image-preview:large, max-video-preview:-1\" \/>\n<link rel=\"canonical\" href=\"https:\/\/athleben.org\/athleben\/\ud835\udc0c\ud835\udc1e\ud835\udc1e\ud835\udc2d\ud835\udc22\ud835\udc27\ud835\udc20-\ud835\udc1d\ud835\udc1e\ud835\udc2c-\ud835\udfd3-\ud835\udc0d\ud835\udc1a\ud835\udc2d\ud835\udc22\ud835\udc28\/\" \/>\n<meta property=\"og:locale\" content=\"fr_FR\" \/>\n<meta property=\"og:type\" content=\"article\" \/>\n<meta property=\"og:title\" content=\"\ud835\udc0c\ud835\udc1e\ud835\udc1e\ud835\udc2d\ud835\udc22\ud835\udc27\ud835\udc20 \ud835\udc1d\ud835\udc1e\ud835\udc2c \ud835\udfd3 \ud835\udc0d\ud835\udc1a\ud835\udc2d\ud835\udc22\ud835\udc28\ud835\udc27 : Le B\u00e9nin rentre avec 30 m\u00e9dailles. - F\u00e9d\u00e9ration B\u00e9ninoise d&#039;Athl\u00e9tisme\" \/>\n<meta property=\"og:description\" content=\"Les rideaux sont tomb\u00e9s sur l&rsquo;\u00e9dition 2025 du Meeting des V nations \u00e0 Abidjan ce samedi 26 avril avec une belle illustration des athl\u00e8tes b\u00e9ninois. [&hellip;]\" \/>\n<meta property=\"og:url\" content=\"https:\/\/athleben.org\/athleben\/\ud835\udc0c\ud835\udc1e\ud835\udc1e\ud835\udc2d\ud835\udc22\ud835\udc27\ud835\udc20-\ud835\udc1d\ud835\udc1e\ud835\udc2c-\ud835\udfd3-\ud835\udc0d\ud835\udc1a\ud835\udc2d\ud835\udc22\ud835\udc28\/\" \/>\n<meta property=\"og:site_name\" content=\"F\u00e9d\u00e9ration B\u00e9ninoise d&#039;Athl\u00e9tisme\" \/>\n<meta property=\"article:publisher\" content=\"https:\/\/web.facebook.com\/FederationBeninoiseAthletisme\" \/>\n<meta property=\"article:published_time\" content=\"2025-04-27T12:36:47+00:00\" \/>\n<meta property=\"article:modified_time\" content=\"2025-04-28T12:18:07+00:00\" \/>\n<meta property=\"og:image\" content=\"https:\/\/athleben.org\/athleben\/wp-content\/uploads\/2025\/04\/493004329_1005659334990660_2797461513135187494_n.jpg\" \/>\n\t<meta property=\"og:image:width\" content=\"1080\" \/>\n\t<meta property=\"og:image:height\" content=\"720\" \/>\n\t<meta property=\"og:image:type\" content=\"image\/jpeg\" \/>\n<meta name=\"author\" content=\"R\u00e9daction\" \/>\n<meta name=\"twitter:card\" content=\"summary_large_image\" \/>\n<meta name=\"twitter:creator\" content=\"@BeninoiseD\" \/>\n<meta name=\"twitter:site\" content=\"@BeninoiseD\" \/>\n<meta name=\"twitter:label1\" content=\"\u00c9crit par\" \/>\n\t<meta name=\"twitter:data1\" content=\"R\u00e9daction\" \/>\n\t<meta name=\"twitter:label2\" content=\"Dur\u00e9e de lecture estim\u00e9e\" \/>\n\t<meta name=\"twitter:data2\" content=\"1 minute\" \/>\n<script type=\"application\/ld+json\" class=\"yoast-schema-graph\">{\"@context\":\"https:\/\/schema.org\",\"@graph\":[{\"@type\":\"Article\",\"@id\":\"https:\/\/athleben.org\/athleben\/%f0%9d%90%8c%f0%9d%90%9e%f0%9d%90%9e%f0%9d%90%ad%f0%9d%90%a2%f0%9d%90%a7%f0%9d%90%a0-%f0%9d%90%9d%f0%9d%90%9e%f0%9d%90%ac-%f0%9d%9f%93-%f0%9d%90%8d%f0%9d%90%9a%f0%9d%90%ad%f0%9d%90%a2%f0%9d%90%a8\/#article\",\"isPartOf\":{\"@id\":\"https:\/\/athleben.org\/athleben\/%f0%9d%90%8c%f0%9d%90%9e%f0%9d%90%9e%f0%9d%90%ad%f0%9d%90%a2%f0%9d%90%a7%f0%9d%90%a0-%f0%9d%90%9d%f0%9d%90%9e%f0%9d%90%ac-%f0%9d%9f%93-%f0%9d%90%8d%f0%9d%90%9a%f0%9d%90%ad%f0%9d%90%a2%f0%9d%90%a8\/\"},\"author\":{\"name\":\"R\u00e9daction\",\"@id\":\"https:\/\/athleben.org\/athleben\/#\/schema\/person\/8e674441e65cf8d584b9dd06d96e68c5\"},\"headline\":\"\ud835\udc0c\ud835\udc1e\ud835\udc1e\ud835\udc2d\ud835\udc22\ud835\udc27\ud835\udc20 \ud835\udc1d\ud835\udc1e\ud835\udc2c \ud835\udfd3 \ud835\udc0d\ud835\udc1a\ud835\udc2d\ud835\udc22\ud835\udc28\ud835\udc27 : Le B\u00e9nin rentre avec 30 m\u00e9dailles.\",\"datePublished\":\"2025-04-27T12:36:47+00:00\",\"dateModified\":\"2025-04-28T12:18:07+00:00\",\"mainEntityOfPage\":{\"@id\":\"https:\/\/athleben.org\/athleben\/%f0%9d%90%8c%f0%9d%90%9e%f0%9d%90%9e%f0%9d%90%ad%f0%9d%90%a2%f0%9d%90%a7%f0%9d%90%a0-%f0%9d%90%9d%f0%9d%90%9e%f0%9d%90%ac-%f0%9d%9f%93-%f0%9d%90%8d%f0%9d%90%9a%f0%9d%90%ad%f0%9d%90%a2%f0%9d%90%a8\/\"},\"wordCount\":190,\"commentCount\":0,\"publisher\":{\"@id\":\"https:\/\/athleben.org\/athleben\/#organization\"},\"image\":{\"@id\":\"https:\/\/athleben.org\/athleben\/%f0%9d%90%8c%f0%9d%90%9e%f0%9d%90%9e%f0%9d%90%ad%f0%9d%90%a2%f0%9d%90%a7%f0%9d%90%a0-%f0%9d%90%9d%f0%9d%90%9e%f0%9d%90%ac-%f0%9d%9f%93-%f0%9d%90%8d%f0%9d%90%9a%f0%9d%90%ad%f0%9d%90%a2%f0%9d%90%a8\/#primaryimage\"},\"thumbnailUrl\":\"https:\/\/athleben.org\/athleben\/wp-content\/uploads\/2025\/04\/493004329_1005659334990660_2797461513135187494_n.jpg\",\"articleSection\":[\"Athl\u00e9tisme\"],\"inLanguage\":\"fr-FR\",\"potentialAction\":[{\"@type\":\"CommentAction\",\"name\":\"Comment\",\"target\":[\"https:\/\/athleben.org\/athleben\/%f0%9d%90%8c%f0%9d%90%9e%f0%9d%90%9e%f0%9d%90%ad%f0%9d%90%a2%f0%9d%90%a7%f0%9d%90%a0-%f0%9d%90%9d%f0%9d%90%9e%f0%9d%90%ac-%f0%9d%9f%93-%f0%9d%90%8d%f0%9d%90%9a%f0%9d%90%ad%f0%9d%90%a2%f0%9d%90%a8\/#respond\"]}]},{\"@type\":\"WebPage\",\"@id\":\"https:\/\/athleben.org\/athleben\/%f0%9d%90%8c%f0%9d%90%9e%f0%9d%90%9e%f0%9d%90%ad%f0%9d%90%a2%f0%9d%90%a7%f0%9d%90%a0-%f0%9d%90%9d%f0%9d%90%9e%f0%9d%90%ac-%f0%9d%9f%93-%f0%9d%90%8d%f0%9d%90%9a%f0%9d%90%ad%f0%9d%90%a2%f0%9d%90%a8\/\",\"url\":\"https:\/\/athleben.org\/athleben\/%f0%9d%90%8c%f0%9d%90%9e%f0%9d%90%9e%f0%9d%90%ad%f0%9d%90%a2%f0%9d%90%a7%f0%9d%90%a0-%f0%9d%90%9d%f0%9d%90%9e%f0%9d%90%ac-%f0%9d%9f%93-%f0%9d%90%8d%f0%9d%90%9a%f0%9d%90%ad%f0%9d%90%a2%f0%9d%90%a8\/\",\"name\":\"\ud835\udc0c\ud835\udc1e\ud835\udc1e\ud835\udc2d\ud835\udc22\ud835\udc27\ud835\udc20 \ud835\udc1d\ud835\udc1e\ud835\udc2c \ud835\udfd3 \ud835\udc0d\ud835\udc1a\ud835\udc2d\ud835\udc22\ud835\udc28\ud835\udc27 : Le B\u00e9nin rentre avec 30 m\u00e9dailles. - F\u00e9d\u00e9ration B\u00e9ninoise d&#039;Athl\u00e9tisme\",\"isPartOf\":{\"@id\":\"https:\/\/athleben.org\/athleben\/#website\"},\"primaryImageOfPage\":{\"@id\":\"https:\/\/athleben.org\/athleben\/%f0%9d%90%8c%f0%9d%90%9e%f0%9d%90%9e%f0%9d%90%ad%f0%9d%90%a2%f0%9d%90%a7%f0%9d%90%a0-%f0%9d%90%9d%f0%9d%90%9e%f0%9d%90%ac-%f0%9d%9f%93-%f0%9d%90%8d%f0%9d%90%9a%f0%9d%90%ad%f0%9d%90%a2%f0%9d%90%a8\/#primaryimage\"},\"image\":{\"@id\":\"https:\/\/athleben.org\/athleben\/%f0%9d%90%8c%f0%9d%90%9e%f0%9d%90%9e%f0%9d%90%ad%f0%9d%90%a2%f0%9d%90%a7%f0%9d%90%a0-%f0%9d%90%9d%f0%9d%90%9e%f0%9d%90%ac-%f0%9d%9f%93-%f0%9d%90%8d%f0%9d%90%9a%f0%9d%90%ad%f0%9d%90%a2%f0%9d%90%a8\/#primaryimage\"},\"thumbnailUrl\":\"https:\/\/athleben.org\/athleben\/wp-content\/uploads\/2025\/04\/493004329_1005659334990660_2797461513135187494_n.jpg\",\"datePublished\":\"2025-04-27T12:36:47+00:00\",\"dateModified\":\"2025-04-28T12:18:07+00:00\",\"breadcrumb\":{\"@id\":\"https:\/\/athleben.org\/athleben\/%f0%9d%90%8c%f0%9d%90%9e%f0%9d%90%9e%f0%9d%90%ad%f0%9d%90%a2%f0%9d%90%a7%f0%9d%90%a0-%f0%9d%90%9d%f0%9d%90%9e%f0%9d%90%ac-%f0%9d%9f%93-%f0%9d%90%8d%f0%9d%90%9a%f0%9d%90%ad%f0%9d%90%a2%f0%9d%90%a8\/#breadcrumb\"},\"inLanguage\":\"fr-FR\",\"potentialAction\":[{\"@type\":\"ReadAction\",\"target\":[\"https:\/\/athleben.org\/athleben\/%f0%9d%90%8c%f0%9d%90%9e%f0%9d%90%9e%f0%9d%90%ad%f0%9d%90%a2%f0%9d%90%a7%f0%9d%90%a0-%f0%9d%90%9d%f0%9d%90%9e%f0%9d%90%ac-%f0%9d%9f%93-%f0%9d%90%8d%f0%9d%90%9a%f0%9d%90%ad%f0%9d%90%a2%f0%9d%90%a8\/\"]}]},{\"@type\":\"ImageObject\",\"inLanguage\":\"fr-FR\",\"@id\":\"https:\/\/athleben.org\/athleben\/%f0%9d%90%8c%f0%9d%90%9e%f0%9d%90%9e%f0%9d%90%ad%f0%9d%90%a2%f0%9d%90%a7%f0%9d%90%a0-%f0%9d%90%9d%f0%9d%90%9e%f0%9d%90%ac-%f0%9d%9f%93-%f0%9d%90%8d%f0%9d%90%9a%f0%9d%90%ad%f0%9d%90%a2%f0%9d%90%a8\/#primaryimage\",\"url\":\"https:\/\/athleben.org\/athleben\/wp-content\/uploads\/2025\/04\/493004329_1005659334990660_2797461513135187494_n.jpg\",\"contentUrl\":\"https:\/\/athleben.org\/athleben\/wp-content\/uploads\/2025\/04\/493004329_1005659334990660_2797461513135187494_n.jpg\",\"width\":1080,\"height\":720},{\"@type\":\"BreadcrumbList\",\"@id\":\"https:\/\/athleben.org\/athleben\/%f0%9d%90%8c%f0%9d%90%9e%f0%9d%90%9e%f0%9d%90%ad%f0%9d%90%a2%f0%9d%90%a7%f0%9d%90%a0-%f0%9d%90%9d%f0%9d%90%9e%f0%9d%90%ac-%f0%9d%9f%93-%f0%9d%90%8d%f0%9d%90%9a%f0%9d%90%ad%f0%9d%90%a2%f0%9d%90%a8\/#breadcrumb\",\"itemListElement\":[{\"@type\":\"ListItem\",\"position\":1,\"name\":\"Accueil\",\"item\":\"https:\/\/athleben.org\/athleben\/\"},{\"@type\":\"ListItem\",\"position\":2,\"name\":\"\ud835\udc0c\ud835\udc1e\ud835\udc1e\ud835\udc2d\ud835\udc22\ud835\udc27\ud835\udc20 \ud835\udc1d\ud835\udc1e\ud835\udc2c \ud835\udfd3 \ud835\udc0d\ud835\udc1a\ud835\udc2d\ud835\udc22\ud835\udc28\ud835\udc27 : Le B\u00e9nin rentre avec 30 m\u00e9dailles.\"}]},{\"@type\":\"WebSite\",\"@id\":\"https:\/\/athleben.org\/athleben\/#website\",\"url\":\"https:\/\/athleben.org\/athleben\/\",\"name\":\"F\u00e9d\u00e9ration B\u00e9ninoise d'Athl\u00e9tisme\",\"description\":\"Athl\u00e9tisme, ma fiert\u00e9, je m&#039;engage.\",\"publisher\":{\"@id\":\"https:\/\/athleben.org\/athleben\/#organization\"},\"potentialAction\":[{\"@type\":\"SearchAction\",\"target\":{\"@type\":\"EntryPoint\",\"urlTemplate\":\"https:\/\/athleben.org\/athleben\/?s={search_term_string}\"},\"query-input\":{\"@type\":\"PropertyValueSpecification\",\"valueRequired\":true,\"valueName\":\"search_term_string\"}}],\"inLanguage\":\"fr-FR\"},{\"@type\":\"Organization\",\"@id\":\"https:\/\/athleben.org\/athleben\/#organization\",\"name\":\"F\u00e9d\u00e9ration B\u00e9ninoise d'Athl\u00e9tisme\",\"url\":\"https:\/\/athleben.org\/athleben\/\",\"logo\":{\"@type\":\"ImageObject\",\"inLanguage\":\"fr-FR\",\"@id\":\"https:\/\/athleben.org\/athleben\/#\/schema\/logo\/image\/\",\"url\":\"https:\/\/athleben.org\/athleben\/wp-content\/uploads\/2024\/01\/logo-fba-new.png\",\"contentUrl\":\"https:\/\/athleben.org\/athleben\/wp-content\/uploads\/2024\/01\/logo-fba-new.png\",\"width\":162,\"height\":169,\"caption\":\"F\u00e9d\u00e9ration B\u00e9ninoise d'Athl\u00e9tisme\"},\"image\":{\"@id\":\"https:\/\/athleben.org\/athleben\/#\/schema\/logo\/image\/\"},\"sameAs\":[\"https:\/\/web.facebook.com\/FederationBeninoiseAthletisme\",\"https:\/\/x.com\/BeninoiseD\",\"https:\/\/www.instagram.com\/fbathle\"]},{\"@type\":\"Person\",\"@id\":\"https:\/\/athleben.org\/athleben\/#\/schema\/person\/8e674441e65cf8d584b9dd06d96e68c5\",\"name\":\"R\u00e9daction\",\"image\":{\"@type\":\"ImageObject\",\"inLanguage\":\"fr-FR\",\"@id\":\"https:\/\/athleben.org\/athleben\/#\/schema\/person\/image\/\",\"url\":\"https:\/\/secure.gravatar.com\/avatar\/bb62d62970513855ce068679bf0975b0d5aff01ca9d25756de5d17f8d51767b9?s=96&d=mm&r=g\",\"contentUrl\":\"https:\/\/secure.gravatar.com\/avatar\/bb62d62970513855ce068679bf0975b0d5aff01ca9d25756de5d17f8d51767b9?s=96&d=mm&r=g\",\"caption\":\"R\u00e9daction\"},\"url\":\"https:\/\/athleben.org\/athleben\/author\/achille\/\"}]}<\/script>\n<!-- \/ Yoast SEO plugin. -->","yoast_head_json":{"title":"\ud835\udc0c\ud835\udc1e\ud835\udc1e\ud835\udc2d\ud835\udc22\ud835\udc27\ud835\udc20 \ud835\udc1d\ud835\udc1e\ud835\udc2c \ud835\udfd3 \ud835\udc0d\ud835\udc1a\ud835\udc2d\ud835\udc22\ud835\udc28\ud835\udc27 : Le B\u00e9nin rentre avec 30 m\u00e9dailles. - F\u00e9d\u00e9ration B\u00e9ninoise d&#039;Athl\u00e9tisme","robots":{"index":"index","follow":"follow","max-snippet":"max-snippet:-1","max-image-preview":"max-image-preview:large","max-video-preview":"max-video-preview:-1"},"canonical":"https:\/\/athleben.org\/athleben\/\ud835\udc0c\ud835\udc1e\ud835\udc1e\ud835\udc2d\ud835\udc22\ud835\udc27\ud835\udc20-\ud835\udc1d\ud835\udc1e\ud835\udc2c-\ud835\udfd3-\ud835\udc0d\ud835\udc1a\ud835\udc2d\ud835\udc22\ud835\udc28\/","og_locale":"fr_FR","og_type":"article","og_title":"\ud835\udc0c\ud835\udc1e\ud835\udc1e\ud835\udc2d\ud835\udc22\ud835\udc27\ud835\udc20 \ud835\udc1d\ud835\udc1e\ud835\udc2c \ud835\udfd3 \ud835\udc0d\ud835\udc1a\ud835\udc2d\ud835\udc22\ud835\udc28\ud835\udc27 : Le B\u00e9nin rentre avec 30 m\u00e9dailles. - F\u00e9d\u00e9ration B\u00e9ninoise d&#039;Athl\u00e9tisme","og_description":"Les rideaux sont tomb\u00e9s sur l&rsquo;\u00e9dition 2025 du Meeting des V nations \u00e0 Abidjan ce samedi 26 avril avec une belle illustration des athl\u00e8tes b\u00e9ninois. [&hellip;]","og_url":"https:\/\/athleben.org\/athleben\/\ud835\udc0c\ud835\udc1e\ud835\udc1e\ud835\udc2d\ud835\udc22\ud835\udc27\ud835\udc20-\ud835\udc1d\ud835\udc1e\ud835\udc2c-\ud835\udfd3-\ud835\udc0d\ud835\udc1a\ud835\udc2d\ud835\udc22\ud835\udc28\/","og_site_name":"F\u00e9d\u00e9ration B\u00e9ninoise d&#039;Athl\u00e9tisme","article_publisher":"https:\/\/web.facebook.com\/FederationBeninoiseAthletisme","article_published_time":"2025-04-27T12:36:47+00:00","article_modified_time":"2025-04-28T12:18:07+00:00","og_image":[{"width":1080,"height":720,"url":"https:\/\/athleben.org\/athleben\/wp-content\/uploads\/2025\/04\/493004329_1005659334990660_2797461513135187494_n.jpg","type":"image\/jpeg"}],"author":"R\u00e9daction","twitter_card":"summary_large_image","twitter_creator":"@BeninoiseD","twitter_site":"@BeninoiseD","twitter_misc":{"\u00c9crit par":"R\u00e9daction","Dur\u00e9e de lecture estim\u00e9e":"1 minute"},"schema":{"@context":"https:\/\/schema.org","@graph":[{"@type":"Article","@id":"https:\/\/athleben.org\/athleben\/%f0%9d%90%8c%f0%9d%90%9e%f0%9d%90%9e%f0%9d%90%ad%f0%9d%90%a2%f0%9d%90%a7%f0%9d%90%a0-%f0%9d%90%9d%f0%9d%90%9e%f0%9d%90%ac-%f0%9d%9f%93-%f0%9d%90%8d%f0%9d%90%9a%f0%9d%90%ad%f0%9d%90%a2%f0%9d%90%a8\/#article","isPartOf":{"@id":"https:\/\/athleben.org\/athleben\/%f0%9d%90%8c%f0%9d%90%9e%f0%9d%90%9e%f0%9d%90%ad%f0%9d%90%a2%f0%9d%90%a7%f0%9d%90%a0-%f0%9d%90%9d%f0%9d%90%9e%f0%9d%90%ac-%f0%9d%9f%93-%f0%9d%90%8d%f0%9d%90%9a%f0%9d%90%ad%f0%9d%90%a2%f0%9d%90%a8\/"},"author":{"name":"R\u00e9daction","@id":"https:\/\/athleben.org\/athleben\/#\/schema\/person\/8e674441e65cf8d584b9dd06d96e68c5"},"headline":"\ud835\udc0c\ud835\udc1e\ud835\udc1e\ud835\udc2d\ud835\udc22\ud835\udc27\ud835\udc20 \ud835\udc1d\ud835\udc1e\ud835\udc2c \ud835\udfd3 \ud835\udc0d\ud835\udc1a\ud835\udc2d\ud835\udc22\ud835\udc28\ud835\udc27 : Le B\u00e9nin rentre avec 30 m\u00e9dailles.","datePublished":"2025-04-27T12:36:47+00:00","dateModified":"2025-04-28T12:18:07+00:00","mainEntityOfPage":{"@id":"https:\/\/athleben.org\/athleben\/%f0%9d%90%8c%f0%9d%90%9e%f0%9d%90%9e%f0%9d%90%ad%f0%9d%90%a2%f0%9d%90%a7%f0%9d%90%a0-%f0%9d%90%9d%f0%9d%90%9e%f0%9d%90%ac-%f0%9d%9f%93-%f0%9d%90%8d%f0%9d%90%9a%f0%9d%90%ad%f0%9d%90%a2%f0%9d%90%a8\/"},"wordCount":190,"commentCount":0,"publisher":{"@id":"https:\/\/athleben.org\/athleben\/#organization"},"image":{"@id":"https:\/\/athleben.org\/athleben\/%f0%9d%90%8c%f0%9d%90%9e%f0%9d%90%9e%f0%9d%90%ad%f0%9d%90%a2%f0%9d%90%a7%f0%9d%90%a0-%f0%9d%90%9d%f0%9d%90%9e%f0%9d%90%ac-%f0%9d%9f%93-%f0%9d%90%8d%f0%9d%90%9a%f0%9d%90%ad%f0%9d%90%a2%f0%9d%90%a8\/#primaryimage"},"thumbnailUrl":"https:\/\/athleben.org\/athleben\/wp-content\/uploads\/2025\/04\/493004329_1005659334990660_2797461513135187494_n.jpg","articleSection":["Athl\u00e9tisme"],"inLanguage":"fr-FR","potentialAction":[{"@type":"CommentAction","name":"Comment","target":["https:\/\/athleben.org\/athleben\/%f0%9d%90%8c%f0%9d%90%9e%f0%9d%90%9e%f0%9d%90%ad%f0%9d%90%a2%f0%9d%90%a7%f0%9d%90%a0-%f0%9d%90%9d%f0%9d%90%9e%f0%9d%90%ac-%f0%9d%9f%93-%f0%9d%90%8d%f0%9d%90%9a%f0%9d%90%ad%f0%9d%90%a2%f0%9d%90%a8\/#respond"]}]},{"@type":"WebPage","@id":"https:\/\/athleben.org\/athleben\/%f0%9d%90%8c%f0%9d%90%9e%f0%9d%90%9e%f0%9d%90%ad%f0%9d%90%a2%f0%9d%90%a7%f0%9d%90%a0-%f0%9d%90%9d%f0%9d%90%9e%f0%9d%90%ac-%f0%9d%9f%93-%f0%9d%90%8d%f0%9d%90%9a%f0%9d%90%ad%f0%9d%90%a2%f0%9d%90%a8\/","url":"https:\/\/athleben.org\/athleben\/%f0%9d%90%8c%f0%9d%90%9e%f0%9d%90%9e%f0%9d%90%ad%f0%9d%90%a2%f0%9d%90%a7%f0%9d%90%a0-%f0%9d%90%9d%f0%9d%90%9e%f0%9d%90%ac-%f0%9d%9f%93-%f0%9d%90%8d%f0%9d%90%9a%f0%9d%90%ad%f0%9d%90%a2%f0%9d%90%a8\/","name":"\ud835\udc0c\ud835\udc1e\ud835\udc1e\ud835\udc2d\ud835\udc22\ud835\udc27\ud835\udc20 \ud835\udc1d\ud835\udc1e\ud835\udc2c \ud835\udfd3 \ud835\udc0d\ud835\udc1a\ud835\udc2d\ud835\udc22\ud835\udc28\ud835\udc27 : Le B\u00e9nin rentre avec 30 m\u00e9dailles. - F\u00e9d\u00e9ration B\u00e9ninoise d&#039;Athl\u00e9tisme","isPartOf":{"@id":"https:\/\/athleben.org\/athleben\/#website"},"primaryImageOfPage":{"@id":"https:\/\/athleben.org\/athleben\/%f0%9d%90%8c%f0%9d%90%9e%f0%9d%90%9e%f0%9d%90%ad%f0%9d%90%a2%f0%9d%90%a7%f0%9d%90%a0-%f0%9d%90%9d%f0%9d%90%9e%f0%9d%90%ac-%f0%9d%9f%93-%f0%9d%90%8d%f0%9d%90%9a%f0%9d%90%ad%f0%9d%90%a2%f0%9d%90%a8\/#primaryimage"},"image":{"@id":"https:\/\/athleben.org\/athleben\/%f0%9d%90%8c%f0%9d%90%9e%f0%9d%90%9e%f0%9d%90%ad%f0%9d%90%a2%f0%9d%90%a7%f0%9d%90%a0-%f0%9d%90%9d%f0%9d%90%9e%f0%9d%90%ac-%f0%9d%9f%93-%f0%9d%90%8d%f0%9d%90%9a%f0%9d%90%ad%f0%9d%90%a2%f0%9d%90%a8\/#primaryimage"},"thumbnailUrl":"https:\/\/athleben.org\/athleben\/wp-content\/uploads\/2025\/04\/493004329_1005659334990660_2797461513135187494_n.jpg","datePublished":"2025-04-27T12:36:47+00:00","dateModified":"2025-04-28T12:18:07+00:00","breadcrumb":{"@id":"https:\/\/athleben.org\/athleben\/%f0%9d%90%8c%f0%9d%90%9e%f0%9d%90%9e%f0%9d%90%ad%f0%9d%90%a2%f0%9d%90%a7%f0%9d%90%a0-%f0%9d%90%9d%f0%9d%90%9e%f0%9d%90%ac-%f0%9d%9f%93-%f0%9d%90%8d%f0%9d%90%9a%f0%9d%90%ad%f0%9d%90%a2%f0%9d%90%a8\/#breadcrumb"},"inLanguage":"fr-FR","potentialAction":[{"@type":"ReadAction","target":["https:\/\/athleben.org\/athleben\/%f0%9d%90%8c%f0%9d%90%9e%f0%9d%90%9e%f0%9d%90%ad%f0%9d%90%a2%f0%9d%90%a7%f0%9d%90%a0-%f0%9d%90%9d%f0%9d%90%9e%f0%9d%90%ac-%f0%9d%9f%93-%f0%9d%90%8d%f0%9d%90%9a%f0%9d%90%ad%f0%9d%90%a2%f0%9d%90%a8\/"]}]},{"@type":"ImageObject","inLanguage":"fr-FR","@id":"https:\/\/athleben.org\/athleben\/%f0%9d%90%8c%f0%9d%90%9e%f0%9d%90%9e%f0%9d%90%ad%f0%9d%90%a2%f0%9d%90%a7%f0%9d%90%a0-%f0%9d%90%9d%f0%9d%90%9e%f0%9d%90%ac-%f0%9d%9f%93-%f0%9d%90%8d%f0%9d%90%9a%f0%9d%90%ad%f0%9d%90%a2%f0%9d%90%a8\/#primaryimage","url":"https:\/\/athleben.org\/athleben\/wp-content\/uploads\/2025\/04\/493004329_1005659334990660_2797461513135187494_n.jpg","contentUrl":"https:\/\/athleben.org\/athleben\/wp-content\/uploads\/2025\/04\/493004329_1005659334990660_2797461513135187494_n.jpg","width":1080,"height":720},{"@type":"BreadcrumbList","@id":"https:\/\/athleben.org\/athleben\/%f0%9d%90%8c%f0%9d%90%9e%f0%9d%90%9e%f0%9d%90%ad%f0%9d%90%a2%f0%9d%90%a7%f0%9d%90%a0-%f0%9d%90%9d%f0%9d%90%9e%f0%9d%90%ac-%f0%9d%9f%93-%f0%9d%90%8d%f0%9d%90%9a%f0%9d%90%ad%f0%9d%90%a2%f0%9d%90%a8\/#breadcrumb","itemListElement":[{"@type":"ListItem","position":1,"name":"Accueil","item":"https:\/\/athleben.org\/athleben\/"},{"@type":"ListItem","position":2,"name":"\ud835\udc0c\ud835\udc1e\ud835\udc1e\ud835\udc2d\ud835\udc22\ud835\udc27\ud835\udc20 \ud835\udc1d\ud835\udc1e\ud835\udc2c \ud835\udfd3 \ud835\udc0d\ud835\udc1a\ud835\udc2d\ud835\udc22\ud835\udc28\ud835\udc27 : Le B\u00e9nin rentre avec 30 m\u00e9dailles."}]},{"@type":"WebSite","@id":"https:\/\/athleben.org\/athleben\/#website","url":"https:\/\/athleben.org\/athleben\/","name":"F\u00e9d\u00e9ration B\u00e9ninoise d'Athl\u00e9tisme","description":"Athl\u00e9tisme, ma fiert\u00e9, je m&#039;engage.","publisher":{"@id":"https:\/\/athleben.org\/athleben\/#organization"},"potentialAction":[{"@type":"SearchAction","target":{"@type":"EntryPoint","urlTemplate":"https:\/\/athleben.org\/athleben\/?s={search_term_string}"},"query-input":{"@type":"PropertyValueSpecification","valueRequired":true,"valueName":"search_term_string"}}],"inLanguage":"fr-FR"},{"@type":"Organization","@id":"https:\/\/athleben.org\/athleben\/#organization","name":"F\u00e9d\u00e9ration B\u00e9ninoise d'Athl\u00e9tisme","url":"https:\/\/athleben.org\/athleben\/","logo":{"@type":"ImageObject","inLanguage":"fr-FR","@id":"https:\/\/athleben.org\/athleben\/#\/schema\/logo\/image\/","url":"https:\/\/athleben.org\/athleben\/wp-content\/uploads\/2024\/01\/logo-fba-new.png","contentUrl":"https:\/\/athleben.org\/athleben\/wp-content\/uploads\/2024\/01\/logo-fba-new.png","width":162,"height":169,"caption":"F\u00e9d\u00e9ration B\u00e9ninoise d'Athl\u00e9tisme"},"image":{"@id":"https:\/\/athleben.org\/athleben\/#\/schema\/logo\/image\/"},"sameAs":["https:\/\/web.facebook.com\/FederationBeninoiseAthletisme","https:\/\/x.com\/BeninoiseD","https:\/\/www.instagram.com\/fbathle"]},{"@type":"Person","@id":"https:\/\/athleben.org\/athleben\/#\/schema\/person\/8e674441e65cf8d584b9dd06d96e68c5","name":"R\u00e9daction","image":{"@type":"ImageObject","inLanguage":"fr-FR","@id":"https:\/\/athleben.org\/athleben\/#\/schema\/person\/image\/","url":"https:\/\/secure.gravatar.com\/avatar\/bb62d62970513855ce068679bf0975b0d5aff01ca9d25756de5d17f8d51767b9?s=96&d=mm&r=g","contentUrl":"https:\/\/secure.gravatar.com\/avatar\/bb62d62970513855ce068679bf0975b0d5aff01ca9d25756de5d17f8d51767b9?s=96&d=mm&r=g","caption":"R\u00e9daction"},"url":"https:\/\/athleben.org\/athleben\/author\/achille\/"}]}},"_links":{"self":[{"href":"https:\/\/athleben.org\/athleben\/wp-json\/wp\/v2\/posts\/3127","targetHints":{"allow":["GET"]}}],"collection":[{"href":"https:\/\/athleben.org\/athleben\/wp-json\/wp\/v2\/posts"}],"about":[{"href":"https:\/\/athleben.org\/athleben\/wp-json\/wp\/v2\/types\/post"}],"author":[{"embeddable":true,"href":"https:\/\/athleben.org\/athleben\/wp-json\/wp\/v2\/users\/2"}],"replies":[{"embeddable":true,"href":"https:\/\/athleben.org\/athleben\/wp-json\/wp\/v2\/comments?post=3127"}],"version-history":[{"count":3,"href":"https:\/\/athleben.org\/athleben\/wp-json\/wp\/v2\/posts\/3127\/revisions"}],"predecessor-version":[{"id":3136,"href":"https:\/\/athleben.org\/athleben\/wp-json\/wp\/v2\/posts\/3127\/revisions\/3136"}],"wp:featuredmedia":[{"embeddable":true,"href":"https:\/\/athleben.org\/athleben\/wp-json\/wp\/v2\/media\/3134"}],"wp:attachment":[{"href":"https:\/\/athleben.org\/athleben\/wp-json\/wp\/v2\/media?parent=3127"}],"wp:term":[{"taxonomy":"category","embeddable":true,"href":"https:\/\/athleben.org\/athleben\/wp-json\/wp\/v2\/categories?post=3127"},{"taxonomy":"post_tag","embeddable":true,"href":"https:\/\/athleben.org\/athleben\/wp-json\/wp\/v2\/tags?post=3127"}],"curies":[{"name":"wp","href":"https:\/\/api.w.org\/{rel}","templated":true}]}}