{"id":3114,"date":"2025-04-26T09:57:48","date_gmt":"2025-04-26T08:57:48","guid":{"rendered":"https:\/\/athleben.org\/athleben\/?p=3114"},"modified":"2025-04-26T09:57:48","modified_gmt":"2025-04-26T08:57:48","slug":"meeting-des-5-nations-jour-1-la-bonne-moisson-du-benin","status":"publish","type":"post","link":"https:\/\/athleben.org\/athleben\/meeting-des-5-nations-jour-1-la-bonne-moisson-du-benin\/","title":{"rendered":"Meeting des 5 Nations\/Jour 1 : la bonne moisson du B\u00e9nin"},"content":{"rendered":"\n<p>21 m\u00e9dailles au total pour la d\u00e9l\u00e9gation b\u00e9ninoise en ouverture du tournoi des cinq nations ce vendredi \u00e0 Abidjan. Au stade Ebimp\u00e9, les athl\u00e8tes venus du B\u00e9nin ont sign\u00e9 des performances \u00e9blouissantes avec de nouveaux records \u00e9tablis. Au d\u00e9compte final, apr\u00e8s la premi\u00e8re journ\u00e9e de comp\u00e9tition, le B\u00e9nin a remport\u00e9 21 m\u00e9dailles, 7 m\u00e9dailles en or, 4 en argent et 10 m\u00e9dailles de bronze.<\/p>\n\n\n\n<p>Le B\u00e9nin a donc sign\u00e9 7 victoires d&rsquo;entr\u00e9e de ce tournoi, qui se poursuit ce samedi. Mama Ramatou (16 ans), au 400m haies, Rufine Sonon (15ans) sur le 800m et le 1500m, Fid\u00e9lia Houeho (16 ans) au saut en hauteur, Boukari Massiyatou chez les U20, ont r\u00e9alis\u00e9 des performances exceptionnelles. Quant aux gar\u00e7on, ils n&rsquo;ont pas aussi fait dans la dentelle. Daniel Akpa (17 ans) au 400m, Kissagui (16ans) au poids, Allassane Chabi Tour\u00e9 et leurs compatriotes ont assur\u00e9 en remportant plus plusieurs m\u00e9dailles. La comp\u00e9tition se poursuit ce samedi \u00e0 Ebimp\u00e9 entre le B\u00e9nin, le Ghana, le Burkina-Faso et la C\u00f4te-d&rsquo;Ivoire, pays h\u00f4te.<\/p>\n\n\n\n<p>Lisez ici tous les resultats\ud83d\udc47\ud83d\udc47\ud83d\udc47<\/p>\n\n\n\n<p>Commission Media de la FBA<\/p>\n\n\n\n<div class=\"wp-block-algori-pdf-viewer-block-algori-pdf-viewer\"><iframe class=\"wp-block-algori-pdf-viewer-block-algori-pdf-viewer-iframe lws-optimize-lazyload\"  style=\"width:600px;height:300px\" data-src=\"https:\/\/athleben.org\/athleben\/wp-content\/plugins\/algori-pdf-viewer\/dist\/web\/viewer.html?file=https%3A%2F%2Fathleben.org%2Fathleben%2Fwp-content%2Fuploads%2F2025%2F04%2FRESULTATS-5-NATIONS-JOUR-1.pdf\"><\/iframe><\/div>\n\n\n\n<div class=\"wp-block-jetpack-slideshow aligncenter\" data-autoplay=\"true\" data-delay=\"3\" data-effect=\"slide\"><div class=\"wp-block-jetpack-slideshow_container swiper-container\"><ul class=\"wp-block-jetpack-slideshow_swiper-wrapper swiper-wrapper\"><li class=\"wp-block-jetpack-slideshow_slide swiper-slide\"><figure><img width=\"576\" height=\"1024\" alt=\"\" class=\"wp-block-jetpack-slideshow_image wp-image-3116 lws-optimize-lazyload\" data-id=\"3116\" \/ data-src=\"https:\/\/athleben.org\/athleben\/wp-content\/uploads\/2025\/04\/WhatsApp-Image-2025-04-26-at-06.53.442-576x1024.jpeg\" srcset=\"https:\/\/athleben.org\/athleben\/wp-content\/uploads\/2025\/04\/WhatsApp-Image-2025-04-26-at-06.53.442-576x1024.jpeg 576w, https:\/\/athleben.org\/athleben\/wp-content\/uploads\/2025\/04\/WhatsApp-Image-2025-04-26-at-06.53.442-169x300.jpeg 169w, https:\/\/athleben.org\/athleben\/wp-content\/uploads\/2025\/04\/WhatsApp-Image-2025-04-26-at-06.53.442.jpeg 608w\" sizes=\"(max-width: 576px) 100vw, 576px\" \/><\/figure><\/li><li class=\"wp-block-jetpack-slideshow_slide swiper-slide\"><figure><img width=\"576\" height=\"1024\" alt=\"\" class=\"wp-block-jetpack-slideshow_image wp-image-3117 lws-optimize-lazyload\" data-id=\"3117\" \/ data-src=\"https:\/\/athleben.org\/athleben\/wp-content\/uploads\/2025\/04\/WhatsApp-Image-2025-04-26-at-06.53.441-576x1024.jpeg\" srcset=\"https:\/\/athleben.org\/athleben\/wp-content\/uploads\/2025\/04\/WhatsApp-Image-2025-04-26-at-06.53.441-576x1024.jpeg 576w, https:\/\/athleben.org\/athleben\/wp-content\/uploads\/2025\/04\/WhatsApp-Image-2025-04-26-at-06.53.441-169x300.jpeg 169w, https:\/\/athleben.org\/athleben\/wp-content\/uploads\/2025\/04\/WhatsApp-Image-2025-04-26-at-06.53.441.jpeg 608w\" sizes=\"(max-width: 576px) 100vw, 576px\" \/><\/figure><\/li><li class=\"wp-block-jetpack-slideshow_slide swiper-slide\"><figure><img width=\"576\" height=\"1024\" alt=\"\" class=\"wp-block-jetpack-slideshow_image wp-image-3118 lws-optimize-lazyload\" data-id=\"3118\" \/ data-src=\"https:\/\/athleben.org\/athleben\/wp-content\/uploads\/2025\/04\/WhatsApp-Image-2025-04-26-at-06.53.44-576x1024.jpeg\" srcset=\"https:\/\/athleben.org\/athleben\/wp-content\/uploads\/2025\/04\/WhatsApp-Image-2025-04-26-at-06.53.44-576x1024.jpeg 576w, https:\/\/athleben.org\/athleben\/wp-content\/uploads\/2025\/04\/WhatsApp-Image-2025-04-26-at-06.53.44-169x300.jpeg 169w, https:\/\/athleben.org\/athleben\/wp-content\/uploads\/2025\/04\/WhatsApp-Image-2025-04-26-at-06.53.44.jpeg 608w\" sizes=\"(max-width: 576px) 100vw, 576px\" \/><\/figure><\/li><li class=\"wp-block-jetpack-slideshow_slide swiper-slide\"><figure><img width=\"576\" height=\"1024\" alt=\"\" class=\"wp-block-jetpack-slideshow_image wp-image-3119 lws-optimize-lazyload\" data-id=\"3119\" \/ data-src=\"https:\/\/athleben.org\/athleben\/wp-content\/uploads\/2025\/04\/WhatsApp-Image-2025-04-26-at-06.53.435-576x1024.jpeg\" srcset=\"https:\/\/athleben.org\/athleben\/wp-content\/uploads\/2025\/04\/WhatsApp-Image-2025-04-26-at-06.53.435-576x1024.jpeg 576w, https:\/\/athleben.org\/athleben\/wp-content\/uploads\/2025\/04\/WhatsApp-Image-2025-04-26-at-06.53.435-169x300.jpeg 169w, https:\/\/athleben.org\/athleben\/wp-content\/uploads\/2025\/04\/WhatsApp-Image-2025-04-26-at-06.53.435.jpeg 608w\" sizes=\"(max-width: 576px) 100vw, 576px\" \/><\/figure><\/li><li class=\"wp-block-jetpack-slideshow_slide swiper-slide\"><figure><img width=\"576\" height=\"1024\" alt=\"\" class=\"wp-block-jetpack-slideshow_image wp-image-3120 lws-optimize-lazyload\" data-id=\"3120\" \/ data-src=\"https:\/\/athleben.org\/athleben\/wp-content\/uploads\/2025\/04\/WhatsApp-Image-2025-04-26-at-06.53.434-576x1024.jpeg\" srcset=\"https:\/\/athleben.org\/athleben\/wp-content\/uploads\/2025\/04\/WhatsApp-Image-2025-04-26-at-06.53.434-576x1024.jpeg 576w, https:\/\/athleben.org\/athleben\/wp-content\/uploads\/2025\/04\/WhatsApp-Image-2025-04-26-at-06.53.434-169x300.jpeg 169w, https:\/\/athleben.org\/athleben\/wp-content\/uploads\/2025\/04\/WhatsApp-Image-2025-04-26-at-06.53.434.jpeg 608w\" sizes=\"(max-width: 576px) 100vw, 576px\" \/><\/figure><\/li><li class=\"wp-block-jetpack-slideshow_slide swiper-slide\"><figure><img width=\"576\" height=\"1024\" alt=\"\" class=\"wp-block-jetpack-slideshow_image wp-image-3122 lws-optimize-lazyload\" data-id=\"3122\" \/ data-src=\"https:\/\/athleben.org\/athleben\/wp-content\/uploads\/2025\/04\/WhatsApp-Image-2025-04-26-at-06.53.433-576x1024.jpeg\" srcset=\"https:\/\/athleben.org\/athleben\/wp-content\/uploads\/2025\/04\/WhatsApp-Image-2025-04-26-at-06.53.433-576x1024.jpeg 576w, https:\/\/athleben.org\/athleben\/wp-content\/uploads\/2025\/04\/WhatsApp-Image-2025-04-26-at-06.53.433-169x300.jpeg 169w, https:\/\/athleben.org\/athleben\/wp-content\/uploads\/2025\/04\/WhatsApp-Image-2025-04-26-at-06.53.433.jpeg 608w\" sizes=\"(max-width: 576px) 100vw, 576px\" \/><\/figure><\/li><li class=\"wp-block-jetpack-slideshow_slide swiper-slide\"><figure><img width=\"576\" height=\"1024\" alt=\"\" class=\"wp-block-jetpack-slideshow_image wp-image-3121 lws-optimize-lazyload\" data-id=\"3121\" \/ data-src=\"https:\/\/athleben.org\/athleben\/wp-content\/uploads\/2025\/04\/WhatsApp-Image-2025-04-26-at-06.53.432-576x1024.jpeg\" srcset=\"https:\/\/athleben.org\/athleben\/wp-content\/uploads\/2025\/04\/WhatsApp-Image-2025-04-26-at-06.53.432-576x1024.jpeg 576w, https:\/\/athleben.org\/athleben\/wp-content\/uploads\/2025\/04\/WhatsApp-Image-2025-04-26-at-06.53.432-169x300.jpeg 169w, https:\/\/athleben.org\/athleben\/wp-content\/uploads\/2025\/04\/WhatsApp-Image-2025-04-26-at-06.53.432.jpeg 608w\" sizes=\"(max-width: 576px) 100vw, 576px\" \/><\/figure><\/li><li class=\"wp-block-jetpack-slideshow_slide swiper-slide\"><figure><img width=\"576\" height=\"1024\" alt=\"\" class=\"wp-block-jetpack-slideshow_image wp-image-3123 lws-optimize-lazyload\" data-id=\"3123\" \/ data-src=\"https:\/\/athleben.org\/athleben\/wp-content\/uploads\/2025\/04\/WhatsApp-Image-2025-04-26-at-06.53.431-576x1024.jpeg\" srcset=\"https:\/\/athleben.org\/athleben\/wp-content\/uploads\/2025\/04\/WhatsApp-Image-2025-04-26-at-06.53.431-576x1024.jpeg 576w, https:\/\/athleben.org\/athleben\/wp-content\/uploads\/2025\/04\/WhatsApp-Image-2025-04-26-at-06.53.431-169x300.jpeg 169w, https:\/\/athleben.org\/athleben\/wp-content\/uploads\/2025\/04\/WhatsApp-Image-2025-04-26-at-06.53.431.jpeg 608w\" sizes=\"(max-width: 576px) 100vw, 576px\" \/><\/figure><\/li><li class=\"wp-block-jetpack-slideshow_slide swiper-slide\"><figure><img width=\"576\" height=\"1024\" alt=\"\" class=\"wp-block-jetpack-slideshow_image wp-image-3124 lws-optimize-lazyload\" data-id=\"3124\" \/ data-src=\"https:\/\/athleben.org\/athleben\/wp-content\/uploads\/2025\/04\/WhatsApp-Image-2025-04-26-at-06.53.43-576x1024.jpeg\" srcset=\"https:\/\/athleben.org\/athleben\/wp-content\/uploads\/2025\/04\/WhatsApp-Image-2025-04-26-at-06.53.43-576x1024.jpeg 576w, https:\/\/athleben.org\/athleben\/wp-content\/uploads\/2025\/04\/WhatsApp-Image-2025-04-26-at-06.53.43-169x300.jpeg 169w, https:\/\/athleben.org\/athleben\/wp-content\/uploads\/2025\/04\/WhatsApp-Image-2025-04-26-at-06.53.43.jpeg 608w\" sizes=\"(max-width: 576px) 100vw, 576px\" \/><\/figure><\/li><\/ul><a class=\"wp-block-jetpack-slideshow_button-prev swiper-button-prev swiper-button-white\" role=\"button\"><\/a><a class=\"wp-block-jetpack-slideshow_button-next swiper-button-next swiper-button-white\" role=\"button\"><\/a><a aria-label=\"Pause Slideshow\" class=\"wp-block-jetpack-slideshow_button-pause\" role=\"button\"><\/a><div class=\"wp-block-jetpack-slideshow_pagination swiper-pagination swiper-pagination-white\"><\/div><\/div><\/div>\n","protected":false},"excerpt":{"rendered":"<p>21 m\u00e9dailles au total pour la d\u00e9l\u00e9gation b\u00e9ninoise en ouverture du tournoi des cinq nations ce vendredi \u00e0 Abidjan. Au stade Ebimp\u00e9, les athl\u00e8tes venus [&hellip;]<\/p>\n","protected":false},"author":2,"featured_media":3120,"comment_status":"open","ping_status":"closed","sticky":false,"template":"","format":"standard","meta":{"footnotes":""},"categories":[22],"tags":[],"class_list":["post-3114","post","type-post","status-publish","format-standard","has-post-thumbnail","hentry","category-athle"],"yoast_head":"<!-- This site is optimized with the Yoast SEO plugin v27.1.1 - https:\/\/yoast.com\/product\/yoast-seo-wordpress\/ -->\n<title>Meeting des 5 Nations\/Jour 1 : la bonne moisson du B\u00e9nin - F\u00e9d\u00e9ration B\u00e9ninoise d&#039;Athl\u00e9tisme<\/title>\n<meta name=\"robots\" content=\"index, follow, max-snippet:-1, max-image-preview:large, max-video-preview:-1\" \/>\n<link rel=\"canonical\" href=\"https:\/\/athleben.org\/athleben\/meeting-des-5-nations-jour-1-la-bonne-moisson-du-benin\/\" \/>\n<meta property=\"og:locale\" content=\"fr_FR\" \/>\n<meta property=\"og:type\" content=\"article\" \/>\n<meta property=\"og:title\" content=\"Meeting des 5 Nations\/Jour 1 : la bonne moisson du B\u00e9nin - F\u00e9d\u00e9ration B\u00e9ninoise d&#039;Athl\u00e9tisme\" \/>\n<meta property=\"og:description\" content=\"21 m\u00e9dailles au total pour la d\u00e9l\u00e9gation b\u00e9ninoise en ouverture du tournoi des cinq nations ce vendredi \u00e0 Abidjan. Au stade Ebimp\u00e9, les athl\u00e8tes venus [&hellip;]\" \/>\n<meta property=\"og:url\" content=\"https:\/\/athleben.org\/athleben\/meeting-des-5-nations-jour-1-la-bonne-moisson-du-benin\/\" \/>\n<meta property=\"og:site_name\" content=\"F\u00e9d\u00e9ration B\u00e9ninoise d&#039;Athl\u00e9tisme\" \/>\n<meta property=\"article:publisher\" content=\"https:\/\/web.facebook.com\/FederationBeninoiseAthletisme\" \/>\n<meta property=\"article:published_time\" content=\"2025-04-26T08:57:48+00:00\" \/>\n<meta property=\"og:image\" content=\"https:\/\/athleben.org\/athleben\/wp-content\/uploads\/2025\/04\/WhatsApp-Image-2025-04-26-at-06.53.434.jpeg\" \/>\n\t<meta property=\"og:image:width\" content=\"608\" \/>\n\t<meta property=\"og:image:height\" content=\"1080\" \/>\n\t<meta property=\"og:image:type\" content=\"image\/jpeg\" \/>\n<meta name=\"author\" content=\"R\u00e9daction\" \/>\n<meta name=\"twitter:card\" content=\"summary_large_image\" \/>\n<meta name=\"twitter:creator\" content=\"@BeninoiseD\" \/>\n<meta name=\"twitter:site\" content=\"@BeninoiseD\" \/>\n<meta name=\"twitter:label1\" content=\"\u00c9crit par\" \/>\n\t<meta name=\"twitter:data1\" content=\"R\u00e9daction\" \/>\n\t<meta name=\"twitter:label2\" content=\"Dur\u00e9e de lecture estim\u00e9e\" \/>\n\t<meta name=\"twitter:data2\" content=\"1 minute\" \/>\n<script type=\"application\/ld+json\" class=\"yoast-schema-graph\">{\"@context\":\"https:\/\/schema.org\",\"@graph\":[{\"@type\":\"Article\",\"@id\":\"https:\/\/athleben.org\/athleben\/meeting-des-5-nations-jour-1-la-bonne-moisson-du-benin\/#article\",\"isPartOf\":{\"@id\":\"https:\/\/athleben.org\/athleben\/meeting-des-5-nations-jour-1-la-bonne-moisson-du-benin\/\"},\"author\":{\"name\":\"R\u00e9daction\",\"@id\":\"https:\/\/athleben.org\/athleben\/#\/schema\/person\/8e674441e65cf8d584b9dd06d96e68c5\"},\"headline\":\"Meeting des 5 Nations\/Jour 1 : la bonne moisson du B\u00e9nin\",\"datePublished\":\"2025-04-26T08:57:48+00:00\",\"mainEntityOfPage\":{\"@id\":\"https:\/\/athleben.org\/athleben\/meeting-des-5-nations-jour-1-la-bonne-moisson-du-benin\/\"},\"wordCount\":205,\"commentCount\":0,\"publisher\":{\"@id\":\"https:\/\/athleben.org\/athleben\/#organization\"},\"image\":{\"@id\":\"https:\/\/athleben.org\/athleben\/meeting-des-5-nations-jour-1-la-bonne-moisson-du-benin\/#primaryimage\"},\"thumbnailUrl\":\"https:\/\/athleben.org\/athleben\/wp-content\/uploads\/2025\/04\/WhatsApp-Image-2025-04-26-at-06.53.434.jpeg\",\"articleSection\":[\"Athl\u00e9tisme\"],\"inLanguage\":\"fr-FR\",\"potentialAction\":[{\"@type\":\"CommentAction\",\"name\":\"Comment\",\"target\":[\"https:\/\/athleben.org\/athleben\/meeting-des-5-nations-jour-1-la-bonne-moisson-du-benin\/#respond\"]}]},{\"@type\":\"WebPage\",\"@id\":\"https:\/\/athleben.org\/athleben\/meeting-des-5-nations-jour-1-la-bonne-moisson-du-benin\/\",\"url\":\"https:\/\/athleben.org\/athleben\/meeting-des-5-nations-jour-1-la-bonne-moisson-du-benin\/\",\"name\":\"Meeting des 5 Nations\/Jour 1 : la bonne moisson du B\u00e9nin - F\u00e9d\u00e9ration B\u00e9ninoise d&#039;Athl\u00e9tisme\",\"isPartOf\":{\"@id\":\"https:\/\/athleben.org\/athleben\/#website\"},\"primaryImageOfPage\":{\"@id\":\"https:\/\/athleben.org\/athleben\/meeting-des-5-nations-jour-1-la-bonne-moisson-du-benin\/#primaryimage\"},\"image\":{\"@id\":\"https:\/\/athleben.org\/athleben\/meeting-des-5-nations-jour-1-la-bonne-moisson-du-benin\/#primaryimage\"},\"thumbnailUrl\":\"https:\/\/athleben.org\/athleben\/wp-content\/uploads\/2025\/04\/WhatsApp-Image-2025-04-26-at-06.53.434.jpeg\",\"datePublished\":\"2025-04-26T08:57:48+00:00\",\"breadcrumb\":{\"@id\":\"https:\/\/athleben.org\/athleben\/meeting-des-5-nations-jour-1-la-bonne-moisson-du-benin\/#breadcrumb\"},\"inLanguage\":\"fr-FR\",\"potentialAction\":[{\"@type\":\"ReadAction\",\"target\":[\"https:\/\/athleben.org\/athleben\/meeting-des-5-nations-jour-1-la-bonne-moisson-du-benin\/\"]}]},{\"@type\":\"ImageObject\",\"inLanguage\":\"fr-FR\",\"@id\":\"https:\/\/athleben.org\/athleben\/meeting-des-5-nations-jour-1-la-bonne-moisson-du-benin\/#primaryimage\",\"url\":\"https:\/\/athleben.org\/athleben\/wp-content\/uploads\/2025\/04\/WhatsApp-Image-2025-04-26-at-06.53.434.jpeg\",\"contentUrl\":\"https:\/\/athleben.org\/athleben\/wp-content\/uploads\/2025\/04\/WhatsApp-Image-2025-04-26-at-06.53.434.jpeg\",\"width\":608,\"height\":1080},{\"@type\":\"BreadcrumbList\",\"@id\":\"https:\/\/athleben.org\/athleben\/meeting-des-5-nations-jour-1-la-bonne-moisson-du-benin\/#breadcrumb\",\"itemListElement\":[{\"@type\":\"ListItem\",\"position\":1,\"name\":\"Accueil\",\"item\":\"https:\/\/athleben.org\/athleben\/\"},{\"@type\":\"ListItem\",\"position\":2,\"name\":\"Meeting des 5 Nations\/Jour 1 : la bonne moisson du B\u00e9nin\"}]},{\"@type\":\"WebSite\",\"@id\":\"https:\/\/athleben.org\/athleben\/#website\",\"url\":\"https:\/\/athleben.org\/athleben\/\",\"name\":\"F\u00e9d\u00e9ration B\u00e9ninoise d'Athl\u00e9tisme\",\"description\":\"Athl\u00e9tisme, ma fiert\u00e9, je m&#039;engage.\",\"publisher\":{\"@id\":\"https:\/\/athleben.org\/athleben\/#organization\"},\"potentialAction\":[{\"@type\":\"SearchAction\",\"target\":{\"@type\":\"EntryPoint\",\"urlTemplate\":\"https:\/\/athleben.org\/athleben\/?s={search_term_string}\"},\"query-input\":{\"@type\":\"PropertyValueSpecification\",\"valueRequired\":true,\"valueName\":\"search_term_string\"}}],\"inLanguage\":\"fr-FR\"},{\"@type\":\"Organization\",\"@id\":\"https:\/\/athleben.org\/athleben\/#organization\",\"name\":\"F\u00e9d\u00e9ration B\u00e9ninoise d'Athl\u00e9tisme\",\"url\":\"https:\/\/athleben.org\/athleben\/\",\"logo\":{\"@type\":\"ImageObject\",\"inLanguage\":\"fr-FR\",\"@id\":\"https:\/\/athleben.org\/athleben\/#\/schema\/logo\/image\/\",\"url\":\"https:\/\/athleben.org\/athleben\/wp-content\/uploads\/2024\/01\/logo-fba-new.png\",\"contentUrl\":\"https:\/\/athleben.org\/athleben\/wp-content\/uploads\/2024\/01\/logo-fba-new.png\",\"width\":162,\"height\":169,\"caption\":\"F\u00e9d\u00e9ration B\u00e9ninoise d'Athl\u00e9tisme\"},\"image\":{\"@id\":\"https:\/\/athleben.org\/athleben\/#\/schema\/logo\/image\/\"},\"sameAs\":[\"https:\/\/web.facebook.com\/FederationBeninoiseAthletisme\",\"https:\/\/x.com\/BeninoiseD\",\"https:\/\/www.instagram.com\/fbathle\"]},{\"@type\":\"Person\",\"@id\":\"https:\/\/athleben.org\/athleben\/#\/schema\/person\/8e674441e65cf8d584b9dd06d96e68c5\",\"name\":\"R\u00e9daction\",\"image\":{\"@type\":\"ImageObject\",\"inLanguage\":\"fr-FR\",\"@id\":\"https:\/\/athleben.org\/athleben\/#\/schema\/person\/image\/\",\"url\":\"https:\/\/secure.gravatar.com\/avatar\/bb62d62970513855ce068679bf0975b0d5aff01ca9d25756de5d17f8d51767b9?s=96&d=mm&r=g\",\"contentUrl\":\"https:\/\/secure.gravatar.com\/avatar\/bb62d62970513855ce068679bf0975b0d5aff01ca9d25756de5d17f8d51767b9?s=96&d=mm&r=g\",\"caption\":\"R\u00e9daction\"},\"url\":\"https:\/\/athleben.org\/athleben\/author\/achille\/\"}]}<\/script>\n<!-- \/ Yoast SEO plugin. -->","yoast_head_json":{"title":"Meeting des 5 Nations\/Jour 1 : la bonne moisson du B\u00e9nin - F\u00e9d\u00e9ration B\u00e9ninoise d&#039;Athl\u00e9tisme","robots":{"index":"index","follow":"follow","max-snippet":"max-snippet:-1","max-image-preview":"max-image-preview:large","max-video-preview":"max-video-preview:-1"},"canonical":"https:\/\/athleben.org\/athleben\/meeting-des-5-nations-jour-1-la-bonne-moisson-du-benin\/","og_locale":"fr_FR","og_type":"article","og_title":"Meeting des 5 Nations\/Jour 1 : la bonne moisson du B\u00e9nin - F\u00e9d\u00e9ration B\u00e9ninoise d&#039;Athl\u00e9tisme","og_description":"21 m\u00e9dailles au total pour la d\u00e9l\u00e9gation b\u00e9ninoise en ouverture du tournoi des cinq nations ce vendredi \u00e0 Abidjan. Au stade Ebimp\u00e9, les athl\u00e8tes venus [&hellip;]","og_url":"https:\/\/athleben.org\/athleben\/meeting-des-5-nations-jour-1-la-bonne-moisson-du-benin\/","og_site_name":"F\u00e9d\u00e9ration B\u00e9ninoise d&#039;Athl\u00e9tisme","article_publisher":"https:\/\/web.facebook.com\/FederationBeninoiseAthletisme","article_published_time":"2025-04-26T08:57:48+00:00","og_image":[{"width":608,"height":1080,"url":"https:\/\/athleben.org\/athleben\/wp-content\/uploads\/2025\/04\/WhatsApp-Image-2025-04-26-at-06.53.434.jpeg","type":"image\/jpeg"}],"author":"R\u00e9daction","twitter_card":"summary_large_image","twitter_creator":"@BeninoiseD","twitter_site":"@BeninoiseD","twitter_misc":{"\u00c9crit par":"R\u00e9daction","Dur\u00e9e de lecture estim\u00e9e":"1 minute"},"schema":{"@context":"https:\/\/schema.org","@graph":[{"@type":"Article","@id":"https:\/\/athleben.org\/athleben\/meeting-des-5-nations-jour-1-la-bonne-moisson-du-benin\/#article","isPartOf":{"@id":"https:\/\/athleben.org\/athleben\/meeting-des-5-nations-jour-1-la-bonne-moisson-du-benin\/"},"author":{"name":"R\u00e9daction","@id":"https:\/\/athleben.org\/athleben\/#\/schema\/person\/8e674441e65cf8d584b9dd06d96e68c5"},"headline":"Meeting des 5 Nations\/Jour 1 : la bonne moisson du B\u00e9nin","datePublished":"2025-04-26T08:57:48+00:00","mainEntityOfPage":{"@id":"https:\/\/athleben.org\/athleben\/meeting-des-5-nations-jour-1-la-bonne-moisson-du-benin\/"},"wordCount":205,"commentCount":0,"publisher":{"@id":"https:\/\/athleben.org\/athleben\/#organization"},"image":{"@id":"https:\/\/athleben.org\/athleben\/meeting-des-5-nations-jour-1-la-bonne-moisson-du-benin\/#primaryimage"},"thumbnailUrl":"https:\/\/athleben.org\/athleben\/wp-content\/uploads\/2025\/04\/WhatsApp-Image-2025-04-26-at-06.53.434.jpeg","articleSection":["Athl\u00e9tisme"],"inLanguage":"fr-FR","potentialAction":[{"@type":"CommentAction","name":"Comment","target":["https:\/\/athleben.org\/athleben\/meeting-des-5-nations-jour-1-la-bonne-moisson-du-benin\/#respond"]}]},{"@type":"WebPage","@id":"https:\/\/athleben.org\/athleben\/meeting-des-5-nations-jour-1-la-bonne-moisson-du-benin\/","url":"https:\/\/athleben.org\/athleben\/meeting-des-5-nations-jour-1-la-bonne-moisson-du-benin\/","name":"Meeting des 5 Nations\/Jour 1 : la bonne moisson du B\u00e9nin - F\u00e9d\u00e9ration B\u00e9ninoise d&#039;Athl\u00e9tisme","isPartOf":{"@id":"https:\/\/athleben.org\/athleben\/#website"},"primaryImageOfPage":{"@id":"https:\/\/athleben.org\/athleben\/meeting-des-5-nations-jour-1-la-bonne-moisson-du-benin\/#primaryimage"},"image":{"@id":"https:\/\/athleben.org\/athleben\/meeting-des-5-nations-jour-1-la-bonne-moisson-du-benin\/#primaryimage"},"thumbnailUrl":"https:\/\/athleben.org\/athleben\/wp-content\/uploads\/2025\/04\/WhatsApp-Image-2025-04-26-at-06.53.434.jpeg","datePublished":"2025-04-26T08:57:48+00:00","breadcrumb":{"@id":"https:\/\/athleben.org\/athleben\/meeting-des-5-nations-jour-1-la-bonne-moisson-du-benin\/#breadcrumb"},"inLanguage":"fr-FR","potentialAction":[{"@type":"ReadAction","target":["https:\/\/athleben.org\/athleben\/meeting-des-5-nations-jour-1-la-bonne-moisson-du-benin\/"]}]},{"@type":"ImageObject","inLanguage":"fr-FR","@id":"https:\/\/athleben.org\/athleben\/meeting-des-5-nations-jour-1-la-bonne-moisson-du-benin\/#primaryimage","url":"https:\/\/athleben.org\/athleben\/wp-content\/uploads\/2025\/04\/WhatsApp-Image-2025-04-26-at-06.53.434.jpeg","contentUrl":"https:\/\/athleben.org\/athleben\/wp-content\/uploads\/2025\/04\/WhatsApp-Image-2025-04-26-at-06.53.434.jpeg","width":608,"height":1080},{"@type":"BreadcrumbList","@id":"https:\/\/athleben.org\/athleben\/meeting-des-5-nations-jour-1-la-bonne-moisson-du-benin\/#breadcrumb","itemListElement":[{"@type":"ListItem","position":1,"name":"Accueil","item":"https:\/\/athleben.org\/athleben\/"},{"@type":"ListItem","position":2,"name":"Meeting des 5 Nations\/Jour 1 : la bonne moisson du B\u00e9nin"}]},{"@type":"WebSite","@id":"https:\/\/athleben.org\/athleben\/#website","url":"https:\/\/athleben.org\/athleben\/","name":"F\u00e9d\u00e9ration B\u00e9ninoise d'Athl\u00e9tisme","description":"Athl\u00e9tisme, ma fiert\u00e9, je m&#039;engage.","publisher":{"@id":"https:\/\/athleben.org\/athleben\/#organization"},"potentialAction":[{"@type":"SearchAction","target":{"@type":"EntryPoint","urlTemplate":"https:\/\/athleben.org\/athleben\/?s={search_term_string}"},"query-input":{"@type":"PropertyValueSpecification","valueRequired":true,"valueName":"search_term_string"}}],"inLanguage":"fr-FR"},{"@type":"Organization","@id":"https:\/\/athleben.org\/athleben\/#organization","name":"F\u00e9d\u00e9ration B\u00e9ninoise d'Athl\u00e9tisme","url":"https:\/\/athleben.org\/athleben\/","logo":{"@type":"ImageObject","inLanguage":"fr-FR","@id":"https:\/\/athleben.org\/athleben\/#\/schema\/logo\/image\/","url":"https:\/\/athleben.org\/athleben\/wp-content\/uploads\/2024\/01\/logo-fba-new.png","contentUrl":"https:\/\/athleben.org\/athleben\/wp-content\/uploads\/2024\/01\/logo-fba-new.png","width":162,"height":169,"caption":"F\u00e9d\u00e9ration B\u00e9ninoise d'Athl\u00e9tisme"},"image":{"@id":"https:\/\/athleben.org\/athleben\/#\/schema\/logo\/image\/"},"sameAs":["https:\/\/web.facebook.com\/FederationBeninoiseAthletisme","https:\/\/x.com\/BeninoiseD","https:\/\/www.instagram.com\/fbathle"]},{"@type":"Person","@id":"https:\/\/athleben.org\/athleben\/#\/schema\/person\/8e674441e65cf8d584b9dd06d96e68c5","name":"R\u00e9daction","image":{"@type":"ImageObject","inLanguage":"fr-FR","@id":"https:\/\/athleben.org\/athleben\/#\/schema\/person\/image\/","url":"https:\/\/secure.gravatar.com\/avatar\/bb62d62970513855ce068679bf0975b0d5aff01ca9d25756de5d17f8d51767b9?s=96&d=mm&r=g","contentUrl":"https:\/\/secure.gravatar.com\/avatar\/bb62d62970513855ce068679bf0975b0d5aff01ca9d25756de5d17f8d51767b9?s=96&d=mm&r=g","caption":"R\u00e9daction"},"url":"https:\/\/athleben.org\/athleben\/author\/achille\/"}]}},"_links":{"self":[{"href":"https:\/\/athleben.org\/athleben\/wp-json\/wp\/v2\/posts\/3114","targetHints":{"allow":["GET"]}}],"collection":[{"href":"https:\/\/athleben.org\/athleben\/wp-json\/wp\/v2\/posts"}],"about":[{"href":"https:\/\/athleben.org\/athleben\/wp-json\/wp\/v2\/types\/post"}],"author":[{"embeddable":true,"href":"https:\/\/athleben.org\/athleben\/wp-json\/wp\/v2\/users\/2"}],"replies":[{"embeddable":true,"href":"https:\/\/athleben.org\/athleben\/wp-json\/wp\/v2\/comments?post=3114"}],"version-history":[{"count":1,"href":"https:\/\/athleben.org\/athleben\/wp-json\/wp\/v2\/posts\/3114\/revisions"}],"predecessor-version":[{"id":3125,"href":"https:\/\/athleben.org\/athleben\/wp-json\/wp\/v2\/posts\/3114\/revisions\/3125"}],"wp:featuredmedia":[{"embeddable":true,"href":"https:\/\/athleben.org\/athleben\/wp-json\/wp\/v2\/media\/3120"}],"wp:attachment":[{"href":"https:\/\/athleben.org\/athleben\/wp-json\/wp\/v2\/media?parent=3114"}],"wp:term":[{"taxonomy":"category","embeddable":true,"href":"https:\/\/athleben.org\/athleben\/wp-json\/wp\/v2\/categories?post=3114"},{"taxonomy":"post_tag","embeddable":true,"href":"https:\/\/athleben.org\/athleben\/wp-json\/wp\/v2\/tags?post=3114"}],"curies":[{"name":"wp","href":"https:\/\/api.w.org\/{rel}","templated":true}]}}