{"id":3043,"date":"2025-04-15T19:05:02","date_gmt":"2025-04-15T18:05:02","guid":{"rendered":"https:\/\/athleben.org\/athleben\/?p=3043"},"modified":"2025-04-16T19:05:35","modified_gmt":"2025-04-16T18:05:35","slug":"premiere-journee-des-championnats-de-districts-dans-le-mono-couffo","status":"publish","type":"post","link":"https:\/\/athleben.org\/athleben\/premiere-journee-des-championnats-de-districts-dans-le-mono-couffo\/","title":{"rendered":"Premi\u00e8re journ\u00e9e des championnats de districts dans le Mono-Couffo"},"content":{"rendered":"\n<div class=\"wp-block-jetpack-slideshow aligncenter\" data-autoplay=\"true\" data-delay=\"3\" data-effect=\"slide\"><div class=\"wp-block-jetpack-slideshow_container swiper-container\"><ul class=\"wp-block-jetpack-slideshow_swiper-wrapper swiper-wrapper\"><li class=\"wp-block-jetpack-slideshow_slide swiper-slide\"><figure><img width=\"1024\" height=\"682\" alt=\"\" class=\"wp-block-jetpack-slideshow_image wp-image-3060 lws-optimize-lazyload\" data-id=\"3060\" \/ data-src=\"https:\/\/athleben.org\/athleben\/wp-content\/uploads\/2025\/04\/WhatsApp-Image-2025-04-16-at-15.25.451-1024x682.jpeg\" srcset=\"https:\/\/athleben.org\/athleben\/wp-content\/uploads\/2025\/04\/WhatsApp-Image-2025-04-16-at-15.25.451-1024x682.jpeg 1024w, https:\/\/athleben.org\/athleben\/wp-content\/uploads\/2025\/04\/WhatsApp-Image-2025-04-16-at-15.25.451-300x200.jpeg 300w, https:\/\/athleben.org\/athleben\/wp-content\/uploads\/2025\/04\/WhatsApp-Image-2025-04-16-at-15.25.451-768x512.jpeg 768w, https:\/\/athleben.org\/athleben\/wp-content\/uploads\/2025\/04\/WhatsApp-Image-2025-04-16-at-15.25.451.jpeg 1280w\" sizes=\"(max-width: 1024px) 100vw, 1024px\" \/><\/figure><\/li><li class=\"wp-block-jetpack-slideshow_slide swiper-slide\"><figure><img width=\"972\" height=\"648\" alt=\"\" class=\"wp-block-jetpack-slideshow_image wp-image-3045 lws-optimize-lazyload\" data-id=\"3045\" \/ data-src=\"https:\/\/athleben.org\/athleben\/wp-content\/uploads\/2025\/04\/WhatsApp-Image-2025-04-16-at-15.25.45.jpeg\" srcset=\"https:\/\/athleben.org\/athleben\/wp-content\/uploads\/2025\/04\/WhatsApp-Image-2025-04-16-at-15.25.45.jpeg 972w, https:\/\/athleben.org\/athleben\/wp-content\/uploads\/2025\/04\/WhatsApp-Image-2025-04-16-at-15.25.45-300x200.jpeg 300w, https:\/\/athleben.org\/athleben\/wp-content\/uploads\/2025\/04\/WhatsApp-Image-2025-04-16-at-15.25.45-768x512.jpeg 768w\" sizes=\"(max-width: 972px) 100vw, 972px\" \/><\/figure><\/li><li class=\"wp-block-jetpack-slideshow_slide swiper-slide\"><figure><img width=\"972\" height=\"648\" alt=\"\" class=\"wp-block-jetpack-slideshow_image wp-image-3044 lws-optimize-lazyload\" data-id=\"3044\" \/ data-src=\"https:\/\/athleben.org\/athleben\/wp-content\/uploads\/2025\/04\/WhatsApp-Image-2025-04-16-at-15.25.44.jpeg\" srcset=\"https:\/\/athleben.org\/athleben\/wp-content\/uploads\/2025\/04\/WhatsApp-Image-2025-04-16-at-15.25.44.jpeg 972w, https:\/\/athleben.org\/athleben\/wp-content\/uploads\/2025\/04\/WhatsApp-Image-2025-04-16-at-15.25.44-300x200.jpeg 300w, https:\/\/athleben.org\/athleben\/wp-content\/uploads\/2025\/04\/WhatsApp-Image-2025-04-16-at-15.25.44-768x512.jpeg 768w\" sizes=\"(max-width: 972px) 100vw, 972px\" \/><\/figure><\/li><li class=\"wp-block-jetpack-slideshow_slide swiper-slide\"><figure><img width=\"972\" height=\"648\" alt=\"\" class=\"wp-block-jetpack-slideshow_image wp-image-3052 lws-optimize-lazyload\" data-id=\"3052\" \/ data-src=\"https:\/\/athleben.org\/athleben\/wp-content\/uploads\/2025\/04\/WhatsApp-Image-2025-04-16-at-15.25.432.jpeg\" srcset=\"https:\/\/athleben.org\/athleben\/wp-content\/uploads\/2025\/04\/WhatsApp-Image-2025-04-16-at-15.25.432.jpeg 972w, https:\/\/athleben.org\/athleben\/wp-content\/uploads\/2025\/04\/WhatsApp-Image-2025-04-16-at-15.25.432-300x200.jpeg 300w, https:\/\/athleben.org\/athleben\/wp-content\/uploads\/2025\/04\/WhatsApp-Image-2025-04-16-at-15.25.432-768x512.jpeg 768w\" sizes=\"(max-width: 972px) 100vw, 972px\" \/><\/figure><\/li><li class=\"wp-block-jetpack-slideshow_slide swiper-slide\"><figure><img width=\"972\" height=\"648\" alt=\"\" class=\"wp-block-jetpack-slideshow_image wp-image-3049 lws-optimize-lazyload\" data-id=\"3049\" \/ data-src=\"https:\/\/athleben.org\/athleben\/wp-content\/uploads\/2025\/04\/WhatsApp-Image-2025-04-16-at-15.25.431.jpeg\" srcset=\"https:\/\/athleben.org\/athleben\/wp-content\/uploads\/2025\/04\/WhatsApp-Image-2025-04-16-at-15.25.431.jpeg 972w, https:\/\/athleben.org\/athleben\/wp-content\/uploads\/2025\/04\/WhatsApp-Image-2025-04-16-at-15.25.431-300x200.jpeg 300w, https:\/\/athleben.org\/athleben\/wp-content\/uploads\/2025\/04\/WhatsApp-Image-2025-04-16-at-15.25.431-768x512.jpeg 768w\" sizes=\"(max-width: 972px) 100vw, 972px\" \/><\/figure><\/li><li class=\"wp-block-jetpack-slideshow_slide swiper-slide\"><figure><img width=\"972\" height=\"648\" alt=\"\" class=\"wp-block-jetpack-slideshow_image wp-image-3046 lws-optimize-lazyload\" data-id=\"3046\" \/ data-src=\"https:\/\/athleben.org\/athleben\/wp-content\/uploads\/2025\/04\/WhatsApp-Image-2025-04-16-at-15.25.43.jpeg\" srcset=\"https:\/\/athleben.org\/athleben\/wp-content\/uploads\/2025\/04\/WhatsApp-Image-2025-04-16-at-15.25.43.jpeg 972w, https:\/\/athleben.org\/athleben\/wp-content\/uploads\/2025\/04\/WhatsApp-Image-2025-04-16-at-15.25.43-300x200.jpeg 300w, https:\/\/athleben.org\/athleben\/wp-content\/uploads\/2025\/04\/WhatsApp-Image-2025-04-16-at-15.25.43-768x512.jpeg 768w\" sizes=\"(max-width: 972px) 100vw, 972px\" \/><\/figure><\/li><li class=\"wp-block-jetpack-slideshow_slide swiper-slide\"><figure><img width=\"972\" height=\"648\" alt=\"\" class=\"wp-block-jetpack-slideshow_image wp-image-3058 lws-optimize-lazyload\" data-id=\"3058\" \/ data-src=\"https:\/\/athleben.org\/athleben\/wp-content\/uploads\/2025\/04\/WhatsApp-Image-2025-04-16-at-15.25.421.jpeg\" srcset=\"https:\/\/athleben.org\/athleben\/wp-content\/uploads\/2025\/04\/WhatsApp-Image-2025-04-16-at-15.25.421.jpeg 972w, https:\/\/athleben.org\/athleben\/wp-content\/uploads\/2025\/04\/WhatsApp-Image-2025-04-16-at-15.25.421-300x200.jpeg 300w, https:\/\/athleben.org\/athleben\/wp-content\/uploads\/2025\/04\/WhatsApp-Image-2025-04-16-at-15.25.421-768x512.jpeg 768w\" sizes=\"(max-width: 972px) 100vw, 972px\" \/><\/figure><\/li><li class=\"wp-block-jetpack-slideshow_slide swiper-slide\"><figure><img width=\"972\" height=\"648\" alt=\"\" class=\"wp-block-jetpack-slideshow_image wp-image-3053 lws-optimize-lazyload\" data-id=\"3053\" \/ data-src=\"https:\/\/athleben.org\/athleben\/wp-content\/uploads\/2025\/04\/WhatsApp-Image-2025-04-16-at-15.25.42.jpeg\" srcset=\"https:\/\/athleben.org\/athleben\/wp-content\/uploads\/2025\/04\/WhatsApp-Image-2025-04-16-at-15.25.42.jpeg 972w, https:\/\/athleben.org\/athleben\/wp-content\/uploads\/2025\/04\/WhatsApp-Image-2025-04-16-at-15.25.42-300x200.jpeg 300w, https:\/\/athleben.org\/athleben\/wp-content\/uploads\/2025\/04\/WhatsApp-Image-2025-04-16-at-15.25.42-768x512.jpeg 768w\" sizes=\"(max-width: 972px) 100vw, 972px\" \/><\/figure><\/li><li class=\"wp-block-jetpack-slideshow_slide swiper-slide\"><figure><img width=\"972\" height=\"648\" alt=\"\" class=\"wp-block-jetpack-slideshow_image wp-image-3050 lws-optimize-lazyload\" data-id=\"3050\" \/ data-src=\"https:\/\/athleben.org\/athleben\/wp-content\/uploads\/2025\/04\/WhatsApp-Image-2025-04-16-at-15.25.413.jpeg\" srcset=\"https:\/\/athleben.org\/athleben\/wp-content\/uploads\/2025\/04\/WhatsApp-Image-2025-04-16-at-15.25.413.jpeg 972w, https:\/\/athleben.org\/athleben\/wp-content\/uploads\/2025\/04\/WhatsApp-Image-2025-04-16-at-15.25.413-300x200.jpeg 300w, https:\/\/athleben.org\/athleben\/wp-content\/uploads\/2025\/04\/WhatsApp-Image-2025-04-16-at-15.25.413-768x512.jpeg 768w\" sizes=\"(max-width: 972px) 100vw, 972px\" \/><\/figure><\/li><li class=\"wp-block-jetpack-slideshow_slide swiper-slide\"><figure><img width=\"972\" height=\"648\" alt=\"\" class=\"wp-block-jetpack-slideshow_image wp-image-3048 lws-optimize-lazyload\" data-id=\"3048\" \/ data-src=\"https:\/\/athleben.org\/athleben\/wp-content\/uploads\/2025\/04\/WhatsApp-Image-2025-04-16-at-15.25.412.jpeg\" srcset=\"https:\/\/athleben.org\/athleben\/wp-content\/uploads\/2025\/04\/WhatsApp-Image-2025-04-16-at-15.25.412.jpeg 972w, https:\/\/athleben.org\/athleben\/wp-content\/uploads\/2025\/04\/WhatsApp-Image-2025-04-16-at-15.25.412-300x200.jpeg 300w, https:\/\/athleben.org\/athleben\/wp-content\/uploads\/2025\/04\/WhatsApp-Image-2025-04-16-at-15.25.412-768x512.jpeg 768w\" sizes=\"(max-width: 972px) 100vw, 972px\" \/><\/figure><\/li><li class=\"wp-block-jetpack-slideshow_slide swiper-slide\"><figure><img width=\"1024\" height=\"682\" alt=\"\" class=\"wp-block-jetpack-slideshow_image wp-image-3066 lws-optimize-lazyload\" data-id=\"3066\" \/ data-src=\"https:\/\/athleben.org\/athleben\/wp-content\/uploads\/2025\/04\/WhatsApp-Image-2025-04-16-at-15.25.411-1024x682.jpeg\" srcset=\"https:\/\/athleben.org\/athleben\/wp-content\/uploads\/2025\/04\/WhatsApp-Image-2025-04-16-at-15.25.411-1024x682.jpeg 1024w, https:\/\/athleben.org\/athleben\/wp-content\/uploads\/2025\/04\/WhatsApp-Image-2025-04-16-at-15.25.411-300x200.jpeg 300w, https:\/\/athleben.org\/athleben\/wp-content\/uploads\/2025\/04\/WhatsApp-Image-2025-04-16-at-15.25.411-768x512.jpeg 768w, https:\/\/athleben.org\/athleben\/wp-content\/uploads\/2025\/04\/WhatsApp-Image-2025-04-16-at-15.25.411.jpeg 1280w\" sizes=\"(max-width: 1024px) 100vw, 1024px\" \/><\/figure><\/li><li class=\"wp-block-jetpack-slideshow_slide swiper-slide\"><figure><img width=\"1024\" height=\"773\" alt=\"\" class=\"wp-block-jetpack-slideshow_image wp-image-3065 lws-optimize-lazyload\" data-id=\"3065\" \/ data-src=\"https:\/\/athleben.org\/athleben\/wp-content\/uploads\/2025\/04\/WhatsApp-Image-2025-04-16-at-15.25.41-1024x773.jpeg\" srcset=\"https:\/\/athleben.org\/athleben\/wp-content\/uploads\/2025\/04\/WhatsApp-Image-2025-04-16-at-15.25.41-1024x773.jpeg 1024w, https:\/\/athleben.org\/athleben\/wp-content\/uploads\/2025\/04\/WhatsApp-Image-2025-04-16-at-15.25.41-300x226.jpeg 300w, https:\/\/athleben.org\/athleben\/wp-content\/uploads\/2025\/04\/WhatsApp-Image-2025-04-16-at-15.25.41-768x580.jpeg 768w, https:\/\/athleben.org\/athleben\/wp-content\/uploads\/2025\/04\/WhatsApp-Image-2025-04-16-at-15.25.41.jpeg 1280w\" sizes=\"(max-width: 1024px) 100vw, 1024px\" \/><\/figure><\/li><li class=\"wp-block-jetpack-slideshow_slide swiper-slide\"><figure><img width=\"1024\" height=\"682\" alt=\"\" class=\"wp-block-jetpack-slideshow_image wp-image-3059 lws-optimize-lazyload\" data-id=\"3059\" \/ data-src=\"https:\/\/athleben.org\/athleben\/wp-content\/uploads\/2025\/04\/WhatsApp-Image-2025-04-16-at-15.25.402-1024x682.jpeg\" srcset=\"https:\/\/athleben.org\/athleben\/wp-content\/uploads\/2025\/04\/WhatsApp-Image-2025-04-16-at-15.25.402-1024x682.jpeg 1024w, https:\/\/athleben.org\/athleben\/wp-content\/uploads\/2025\/04\/WhatsApp-Image-2025-04-16-at-15.25.402-300x200.jpeg 300w, https:\/\/athleben.org\/athleben\/wp-content\/uploads\/2025\/04\/WhatsApp-Image-2025-04-16-at-15.25.402-768x512.jpeg 768w, https:\/\/athleben.org\/athleben\/wp-content\/uploads\/2025\/04\/WhatsApp-Image-2025-04-16-at-15.25.402.jpeg 1280w\" sizes=\"(max-width: 1024px) 100vw, 1024px\" \/><\/figure><\/li><li class=\"wp-block-jetpack-slideshow_slide swiper-slide\"><figure><img width=\"1024\" height=\"682\" alt=\"\" class=\"wp-block-jetpack-slideshow_image wp-image-3063 lws-optimize-lazyload\" data-id=\"3063\" \/ data-src=\"https:\/\/athleben.org\/athleben\/wp-content\/uploads\/2025\/04\/WhatsApp-Image-2025-04-16-at-15.25.401-1024x682.jpeg\" srcset=\"https:\/\/athleben.org\/athleben\/wp-content\/uploads\/2025\/04\/WhatsApp-Image-2025-04-16-at-15.25.401-1024x682.jpeg 1024w, https:\/\/athleben.org\/athleben\/wp-content\/uploads\/2025\/04\/WhatsApp-Image-2025-04-16-at-15.25.401-300x200.jpeg 300w, https:\/\/athleben.org\/athleben\/wp-content\/uploads\/2025\/04\/WhatsApp-Image-2025-04-16-at-15.25.401-768x512.jpeg 768w, https:\/\/athleben.org\/athleben\/wp-content\/uploads\/2025\/04\/WhatsApp-Image-2025-04-16-at-15.25.401.jpeg 1280w\" sizes=\"(max-width: 1024px) 100vw, 1024px\" \/><\/figure><\/li><li class=\"wp-block-jetpack-slideshow_slide swiper-slide\"><figure><img width=\"1024\" height=\"682\" alt=\"\" class=\"wp-block-jetpack-slideshow_image wp-image-3062 lws-optimize-lazyload\" data-id=\"3062\" \/ data-src=\"https:\/\/athleben.org\/athleben\/wp-content\/uploads\/2025\/04\/WhatsApp-Image-2025-04-16-at-15.25.40-1024x682.jpeg\" srcset=\"https:\/\/athleben.org\/athleben\/wp-content\/uploads\/2025\/04\/WhatsApp-Image-2025-04-16-at-15.25.40-1024x682.jpeg 1024w, https:\/\/athleben.org\/athleben\/wp-content\/uploads\/2025\/04\/WhatsApp-Image-2025-04-16-at-15.25.40-300x200.jpeg 300w, https:\/\/athleben.org\/athleben\/wp-content\/uploads\/2025\/04\/WhatsApp-Image-2025-04-16-at-15.25.40-768x512.jpeg 768w, https:\/\/athleben.org\/athleben\/wp-content\/uploads\/2025\/04\/WhatsApp-Image-2025-04-16-at-15.25.40.jpeg 1280w\" sizes=\"(max-width: 1024px) 100vw, 1024px\" \/><\/figure><\/li><li class=\"wp-block-jetpack-slideshow_slide swiper-slide\"><figure><img width=\"1024\" height=\"605\" alt=\"\" class=\"wp-block-jetpack-slideshow_image wp-image-3057 lws-optimize-lazyload\" data-id=\"3057\" \/ data-src=\"https:\/\/athleben.org\/athleben\/wp-content\/uploads\/2025\/04\/WhatsApp-Image-2025-04-16-at-15.25.392-1024x605.jpeg\" srcset=\"https:\/\/athleben.org\/athleben\/wp-content\/uploads\/2025\/04\/WhatsApp-Image-2025-04-16-at-15.25.392-1024x605.jpeg 1024w, https:\/\/athleben.org\/athleben\/wp-content\/uploads\/2025\/04\/WhatsApp-Image-2025-04-16-at-15.25.392-300x177.jpeg 300w, https:\/\/athleben.org\/athleben\/wp-content\/uploads\/2025\/04\/WhatsApp-Image-2025-04-16-at-15.25.392-768x454.jpeg 768w, https:\/\/athleben.org\/athleben\/wp-content\/uploads\/2025\/04\/WhatsApp-Image-2025-04-16-at-15.25.392.jpeg 1280w\" sizes=\"(max-width: 1024px) 100vw, 1024px\" \/><\/figure><\/li><li class=\"wp-block-jetpack-slideshow_slide swiper-slide\"><figure><img width=\"1024\" height=\"682\" alt=\"\" class=\"wp-block-jetpack-slideshow_image wp-image-3054 lws-optimize-lazyload\" data-id=\"3054\" \/ data-src=\"https:\/\/athleben.org\/athleben\/wp-content\/uploads\/2025\/04\/WhatsApp-Image-2025-04-16-at-15.25.391-1024x682.jpeg\" srcset=\"https:\/\/athleben.org\/athleben\/wp-content\/uploads\/2025\/04\/WhatsApp-Image-2025-04-16-at-15.25.391-1024x682.jpeg 1024w, https:\/\/athleben.org\/athleben\/wp-content\/uploads\/2025\/04\/WhatsApp-Image-2025-04-16-at-15.25.391-300x200.jpeg 300w, https:\/\/athleben.org\/athleben\/wp-content\/uploads\/2025\/04\/WhatsApp-Image-2025-04-16-at-15.25.391-768x512.jpeg 768w, https:\/\/athleben.org\/athleben\/wp-content\/uploads\/2025\/04\/WhatsApp-Image-2025-04-16-at-15.25.391.jpeg 1280w\" sizes=\"(max-width: 1024px) 100vw, 1024px\" \/><\/figure><\/li><li class=\"wp-block-jetpack-slideshow_slide swiper-slide\"><figure><img width=\"1024\" height=\"713\" alt=\"\" class=\"wp-block-jetpack-slideshow_image wp-image-3064 lws-optimize-lazyload\" data-id=\"3064\" \/ data-src=\"https:\/\/athleben.org\/athleben\/wp-content\/uploads\/2025\/04\/WhatsApp-Image-2025-04-16-at-15.25.39-1024x713.jpeg\" srcset=\"https:\/\/athleben.org\/athleben\/wp-content\/uploads\/2025\/04\/WhatsApp-Image-2025-04-16-at-15.25.39-1024x713.jpeg 1024w, https:\/\/athleben.org\/athleben\/wp-content\/uploads\/2025\/04\/WhatsApp-Image-2025-04-16-at-15.25.39-300x209.jpeg 300w, https:\/\/athleben.org\/athleben\/wp-content\/uploads\/2025\/04\/WhatsApp-Image-2025-04-16-at-15.25.39-768x535.jpeg 768w, https:\/\/athleben.org\/athleben\/wp-content\/uploads\/2025\/04\/WhatsApp-Image-2025-04-16-at-15.25.39.jpeg 1080w\" sizes=\"(max-width: 1024px) 100vw, 1024px\" \/><\/figure><\/li><li class=\"wp-block-jetpack-slideshow_slide swiper-slide\"><figure><img width=\"972\" height=\"648\" alt=\"\" class=\"wp-block-jetpack-slideshow_image wp-image-3056 lws-optimize-lazyload\" data-id=\"3056\" \/ data-src=\"https:\/\/athleben.org\/athleben\/wp-content\/uploads\/2025\/04\/WhatsApp-Image-2025-04-16-at-15.25.382.jpeg\" srcset=\"https:\/\/athleben.org\/athleben\/wp-content\/uploads\/2025\/04\/WhatsApp-Image-2025-04-16-at-15.25.382.jpeg 972w, https:\/\/athleben.org\/athleben\/wp-content\/uploads\/2025\/04\/WhatsApp-Image-2025-04-16-at-15.25.382-300x200.jpeg 300w, https:\/\/athleben.org\/athleben\/wp-content\/uploads\/2025\/04\/WhatsApp-Image-2025-04-16-at-15.25.382-768x512.jpeg 768w\" sizes=\"(max-width: 972px) 100vw, 972px\" \/><\/figure><\/li><li class=\"wp-block-jetpack-slideshow_slide swiper-slide\"><figure><img width=\"1024\" height=\"857\" alt=\"\" class=\"wp-block-jetpack-slideshow_image wp-image-3051 lws-optimize-lazyload\" data-id=\"3051\" \/ data-src=\"https:\/\/athleben.org\/athleben\/wp-content\/uploads\/2025\/04\/WhatsApp-Image-2025-04-16-at-15.25.381-1024x857.jpeg\" srcset=\"https:\/\/athleben.org\/athleben\/wp-content\/uploads\/2025\/04\/WhatsApp-Image-2025-04-16-at-15.25.381-1024x857.jpeg 1024w, https:\/\/athleben.org\/athleben\/wp-content\/uploads\/2025\/04\/WhatsApp-Image-2025-04-16-at-15.25.381-300x251.jpeg 300w, https:\/\/athleben.org\/athleben\/wp-content\/uploads\/2025\/04\/WhatsApp-Image-2025-04-16-at-15.25.381-768x643.jpeg 768w, https:\/\/athleben.org\/athleben\/wp-content\/uploads\/2025\/04\/WhatsApp-Image-2025-04-16-at-15.25.381.jpeg 1080w\" sizes=\"(max-width: 1024px) 100vw, 1024px\" \/><\/figure><\/li><li class=\"wp-block-jetpack-slideshow_slide swiper-slide\"><figure><img width=\"972\" height=\"648\" alt=\"\" class=\"wp-block-jetpack-slideshow_image wp-image-3055 lws-optimize-lazyload\" data-id=\"3055\" \/ data-src=\"https:\/\/athleben.org\/athleben\/wp-content\/uploads\/2025\/04\/WhatsApp-Image-2025-04-16-at-15.25.38.jpeg\" srcset=\"https:\/\/athleben.org\/athleben\/wp-content\/uploads\/2025\/04\/WhatsApp-Image-2025-04-16-at-15.25.38.jpeg 972w, https:\/\/athleben.org\/athleben\/wp-content\/uploads\/2025\/04\/WhatsApp-Image-2025-04-16-at-15.25.38-300x200.jpeg 300w, https:\/\/athleben.org\/athleben\/wp-content\/uploads\/2025\/04\/WhatsApp-Image-2025-04-16-at-15.25.38-768x512.jpeg 768w\" sizes=\"(max-width: 972px) 100vw, 972px\" \/><\/figure><\/li><li class=\"wp-block-jetpack-slideshow_slide swiper-slide\"><figure><img width=\"972\" height=\"648\" alt=\"\" class=\"wp-block-jetpack-slideshow_image wp-image-3047 lws-optimize-lazyload\" data-id=\"3047\" \/ data-src=\"https:\/\/athleben.org\/athleben\/wp-content\/uploads\/2025\/04\/WhatsApp-Image-2025-04-16-at-15.25.371.jpeg\" srcset=\"https:\/\/athleben.org\/athleben\/wp-content\/uploads\/2025\/04\/WhatsApp-Image-2025-04-16-at-15.25.371.jpeg 972w, https:\/\/athleben.org\/athleben\/wp-content\/uploads\/2025\/04\/WhatsApp-Image-2025-04-16-at-15.25.371-300x200.jpeg 300w, https:\/\/athleben.org\/athleben\/wp-content\/uploads\/2025\/04\/WhatsApp-Image-2025-04-16-at-15.25.371-768x512.jpeg 768w\" sizes=\"(max-width: 972px) 100vw, 972px\" \/><\/figure><\/li><li class=\"wp-block-jetpack-slideshow_slide swiper-slide\"><figure><img width=\"1024\" height=\"682\" alt=\"\" class=\"wp-block-jetpack-slideshow_image wp-image-3061 lws-optimize-lazyload\" data-id=\"3061\" \/ data-src=\"https:\/\/athleben.org\/athleben\/wp-content\/uploads\/2025\/04\/WhatsApp-Image-2025-04-16-at-15.25.37-1024x682.jpeg\" srcset=\"https:\/\/athleben.org\/athleben\/wp-content\/uploads\/2025\/04\/WhatsApp-Image-2025-04-16-at-15.25.37-1024x682.jpeg 1024w, https:\/\/athleben.org\/athleben\/wp-content\/uploads\/2025\/04\/WhatsApp-Image-2025-04-16-at-15.25.37-300x200.jpeg 300w, https:\/\/athleben.org\/athleben\/wp-content\/uploads\/2025\/04\/WhatsApp-Image-2025-04-16-at-15.25.37-768x512.jpeg 768w, https:\/\/athleben.org\/athleben\/wp-content\/uploads\/2025\/04\/WhatsApp-Image-2025-04-16-at-15.25.37.jpeg 1280w\" sizes=\"(max-width: 1024px) 100vw, 1024px\" \/><\/figure><\/li><\/ul><a class=\"wp-block-jetpack-slideshow_button-prev swiper-button-prev swiper-button-white\" role=\"button\"><\/a><a class=\"wp-block-jetpack-slideshow_button-next swiper-button-next swiper-button-white\" role=\"button\"><\/a><a aria-label=\"Pause Slideshow\" class=\"wp-block-jetpack-slideshow_button-pause\" role=\"button\"><\/a><div class=\"wp-block-jetpack-slideshow_pagination swiper-pagination swiper-pagination-white\"><\/div><\/div><\/div>\n","protected":false},"excerpt":{"rendered":"","protected":false},"author":2,"featured_media":3066,"comment_status":"open","ping_status":"closed","sticky":false,"template":"","format":"standard","meta":{"footnotes":""},"categories":[22],"tags":[],"class_list":["post-3043","post","type-post","status-publish","format-standard","has-post-thumbnail","hentry","category-athle"],"yoast_head":"<!-- This site is optimized with the Yoast SEO plugin v27.1.1 - https:\/\/yoast.com\/product\/yoast-seo-wordpress\/ -->\n<title>Premi\u00e8re journ\u00e9e des championnats de districts dans le Mono-Couffo - F\u00e9d\u00e9ration B\u00e9ninoise d&#039;Athl\u00e9tisme<\/title>\n<meta name=\"robots\" content=\"index, follow, max-snippet:-1, max-image-preview:large, max-video-preview:-1\" \/>\n<link rel=\"canonical\" href=\"https:\/\/athleben.org\/athleben\/premiere-journee-des-championnats-de-districts-dans-le-mono-couffo\/\" \/>\n<meta property=\"og:locale\" content=\"fr_FR\" \/>\n<meta property=\"og:type\" content=\"article\" \/>\n<meta property=\"og:title\" content=\"Premi\u00e8re journ\u00e9e des championnats de districts dans le Mono-Couffo - F\u00e9d\u00e9ration B\u00e9ninoise d&#039;Athl\u00e9tisme\" \/>\n<meta property=\"og:url\" content=\"https:\/\/athleben.org\/athleben\/premiere-journee-des-championnats-de-districts-dans-le-mono-couffo\/\" \/>\n<meta property=\"og:site_name\" content=\"F\u00e9d\u00e9ration B\u00e9ninoise d&#039;Athl\u00e9tisme\" \/>\n<meta property=\"article:publisher\" content=\"https:\/\/web.facebook.com\/FederationBeninoiseAthletisme\" \/>\n<meta property=\"article:published_time\" content=\"2025-04-15T18:05:02+00:00\" \/>\n<meta property=\"article:modified_time\" content=\"2025-04-16T18:05:35+00:00\" \/>\n<meta property=\"og:image\" content=\"https:\/\/athleben.org\/athleben\/wp-content\/uploads\/2025\/04\/WhatsApp-Image-2025-04-16-at-15.25.411.jpeg\" \/>\n\t<meta property=\"og:image:width\" content=\"1280\" \/>\n\t<meta property=\"og:image:height\" content=\"853\" \/>\n\t<meta property=\"og:image:type\" content=\"image\/jpeg\" \/>\n<meta name=\"author\" content=\"R\u00e9daction\" \/>\n<meta name=\"twitter:card\" content=\"summary_large_image\" \/>\n<meta name=\"twitter:creator\" content=\"@BeninoiseD\" \/>\n<meta name=\"twitter:site\" content=\"@BeninoiseD\" \/>\n<meta name=\"twitter:label1\" content=\"\u00c9crit par\" \/>\n\t<meta name=\"twitter:data1\" content=\"R\u00e9daction\" \/>\n<script type=\"application\/ld+json\" class=\"yoast-schema-graph\">{\"@context\":\"https:\/\/schema.org\",\"@graph\":[{\"@type\":\"Article\",\"@id\":\"https:\/\/athleben.org\/athleben\/premiere-journee-des-championnats-de-districts-dans-le-mono-couffo\/#article\",\"isPartOf\":{\"@id\":\"https:\/\/athleben.org\/athleben\/premiere-journee-des-championnats-de-districts-dans-le-mono-couffo\/\"},\"author\":{\"name\":\"R\u00e9daction\",\"@id\":\"https:\/\/athleben.org\/athleben\/#\/schema\/person\/8e674441e65cf8d584b9dd06d96e68c5\"},\"headline\":\"Premi\u00e8re journ\u00e9e des championnats de districts dans le Mono-Couffo\",\"datePublished\":\"2025-04-15T18:05:02+00:00\",\"dateModified\":\"2025-04-16T18:05:35+00:00\",\"mainEntityOfPage\":{\"@id\":\"https:\/\/athleben.org\/athleben\/premiere-journee-des-championnats-de-districts-dans-le-mono-couffo\/\"},\"wordCount\":11,\"commentCount\":0,\"publisher\":{\"@id\":\"https:\/\/athleben.org\/athleben\/#organization\"},\"image\":{\"@id\":\"https:\/\/athleben.org\/athleben\/premiere-journee-des-championnats-de-districts-dans-le-mono-couffo\/#primaryimage\"},\"thumbnailUrl\":\"https:\/\/athleben.org\/athleben\/wp-content\/uploads\/2025\/04\/WhatsApp-Image-2025-04-16-at-15.25.411.jpeg\",\"articleSection\":[\"Athl\u00e9tisme\"],\"inLanguage\":\"fr-FR\",\"potentialAction\":[{\"@type\":\"CommentAction\",\"name\":\"Comment\",\"target\":[\"https:\/\/athleben.org\/athleben\/premiere-journee-des-championnats-de-districts-dans-le-mono-couffo\/#respond\"]}]},{\"@type\":\"WebPage\",\"@id\":\"https:\/\/athleben.org\/athleben\/premiere-journee-des-championnats-de-districts-dans-le-mono-couffo\/\",\"url\":\"https:\/\/athleben.org\/athleben\/premiere-journee-des-championnats-de-districts-dans-le-mono-couffo\/\",\"name\":\"Premi\u00e8re journ\u00e9e des championnats de districts dans le Mono-Couffo - F\u00e9d\u00e9ration B\u00e9ninoise d&#039;Athl\u00e9tisme\",\"isPartOf\":{\"@id\":\"https:\/\/athleben.org\/athleben\/#website\"},\"primaryImageOfPage\":{\"@id\":\"https:\/\/athleben.org\/athleben\/premiere-journee-des-championnats-de-districts-dans-le-mono-couffo\/#primaryimage\"},\"image\":{\"@id\":\"https:\/\/athleben.org\/athleben\/premiere-journee-des-championnats-de-districts-dans-le-mono-couffo\/#primaryimage\"},\"thumbnailUrl\":\"https:\/\/athleben.org\/athleben\/wp-content\/uploads\/2025\/04\/WhatsApp-Image-2025-04-16-at-15.25.411.jpeg\",\"datePublished\":\"2025-04-15T18:05:02+00:00\",\"dateModified\":\"2025-04-16T18:05:35+00:00\",\"breadcrumb\":{\"@id\":\"https:\/\/athleben.org\/athleben\/premiere-journee-des-championnats-de-districts-dans-le-mono-couffo\/#breadcrumb\"},\"inLanguage\":\"fr-FR\",\"potentialAction\":[{\"@type\":\"ReadAction\",\"target\":[\"https:\/\/athleben.org\/athleben\/premiere-journee-des-championnats-de-districts-dans-le-mono-couffo\/\"]}]},{\"@type\":\"ImageObject\",\"inLanguage\":\"fr-FR\",\"@id\":\"https:\/\/athleben.org\/athleben\/premiere-journee-des-championnats-de-districts-dans-le-mono-couffo\/#primaryimage\",\"url\":\"https:\/\/athleben.org\/athleben\/wp-content\/uploads\/2025\/04\/WhatsApp-Image-2025-04-16-at-15.25.411.jpeg\",\"contentUrl\":\"https:\/\/athleben.org\/athleben\/wp-content\/uploads\/2025\/04\/WhatsApp-Image-2025-04-16-at-15.25.411.jpeg\",\"width\":1280,\"height\":853},{\"@type\":\"BreadcrumbList\",\"@id\":\"https:\/\/athleben.org\/athleben\/premiere-journee-des-championnats-de-districts-dans-le-mono-couffo\/#breadcrumb\",\"itemListElement\":[{\"@type\":\"ListItem\",\"position\":1,\"name\":\"Accueil\",\"item\":\"https:\/\/athleben.org\/athleben\/\"},{\"@type\":\"ListItem\",\"position\":2,\"name\":\"Premi\u00e8re journ\u00e9e des championnats de districts dans le Mono-Couffo\"}]},{\"@type\":\"WebSite\",\"@id\":\"https:\/\/athleben.org\/athleben\/#website\",\"url\":\"https:\/\/athleben.org\/athleben\/\",\"name\":\"F\u00e9d\u00e9ration B\u00e9ninoise d'Athl\u00e9tisme\",\"description\":\"Athl\u00e9tisme, ma fiert\u00e9, je m&#039;engage.\",\"publisher\":{\"@id\":\"https:\/\/athleben.org\/athleben\/#organization\"},\"potentialAction\":[{\"@type\":\"SearchAction\",\"target\":{\"@type\":\"EntryPoint\",\"urlTemplate\":\"https:\/\/athleben.org\/athleben\/?s={search_term_string}\"},\"query-input\":{\"@type\":\"PropertyValueSpecification\",\"valueRequired\":true,\"valueName\":\"search_term_string\"}}],\"inLanguage\":\"fr-FR\"},{\"@type\":\"Organization\",\"@id\":\"https:\/\/athleben.org\/athleben\/#organization\",\"name\":\"F\u00e9d\u00e9ration B\u00e9ninoise d'Athl\u00e9tisme\",\"url\":\"https:\/\/athleben.org\/athleben\/\",\"logo\":{\"@type\":\"ImageObject\",\"inLanguage\":\"fr-FR\",\"@id\":\"https:\/\/athleben.org\/athleben\/#\/schema\/logo\/image\/\",\"url\":\"https:\/\/athleben.org\/athleben\/wp-content\/uploads\/2024\/01\/logo-fba-new.png\",\"contentUrl\":\"https:\/\/athleben.org\/athleben\/wp-content\/uploads\/2024\/01\/logo-fba-new.png\",\"width\":162,\"height\":169,\"caption\":\"F\u00e9d\u00e9ration B\u00e9ninoise d'Athl\u00e9tisme\"},\"image\":{\"@id\":\"https:\/\/athleben.org\/athleben\/#\/schema\/logo\/image\/\"},\"sameAs\":[\"https:\/\/web.facebook.com\/FederationBeninoiseAthletisme\",\"https:\/\/x.com\/BeninoiseD\",\"https:\/\/www.instagram.com\/fbathle\"]},{\"@type\":\"Person\",\"@id\":\"https:\/\/athleben.org\/athleben\/#\/schema\/person\/8e674441e65cf8d584b9dd06d96e68c5\",\"name\":\"R\u00e9daction\",\"image\":{\"@type\":\"ImageObject\",\"inLanguage\":\"fr-FR\",\"@id\":\"https:\/\/athleben.org\/athleben\/#\/schema\/person\/image\/\",\"url\":\"https:\/\/secure.gravatar.com\/avatar\/bb62d62970513855ce068679bf0975b0d5aff01ca9d25756de5d17f8d51767b9?s=96&d=mm&r=g\",\"contentUrl\":\"https:\/\/secure.gravatar.com\/avatar\/bb62d62970513855ce068679bf0975b0d5aff01ca9d25756de5d17f8d51767b9?s=96&d=mm&r=g\",\"caption\":\"R\u00e9daction\"},\"url\":\"https:\/\/athleben.org\/athleben\/author\/achille\/\"}]}<\/script>\n<!-- \/ Yoast SEO plugin. -->","yoast_head_json":{"title":"Premi\u00e8re journ\u00e9e des championnats de districts dans le Mono-Couffo - F\u00e9d\u00e9ration B\u00e9ninoise d&#039;Athl\u00e9tisme","robots":{"index":"index","follow":"follow","max-snippet":"max-snippet:-1","max-image-preview":"max-image-preview:large","max-video-preview":"max-video-preview:-1"},"canonical":"https:\/\/athleben.org\/athleben\/premiere-journee-des-championnats-de-districts-dans-le-mono-couffo\/","og_locale":"fr_FR","og_type":"article","og_title":"Premi\u00e8re journ\u00e9e des championnats de districts dans le Mono-Couffo - F\u00e9d\u00e9ration B\u00e9ninoise d&#039;Athl\u00e9tisme","og_url":"https:\/\/athleben.org\/athleben\/premiere-journee-des-championnats-de-districts-dans-le-mono-couffo\/","og_site_name":"F\u00e9d\u00e9ration B\u00e9ninoise d&#039;Athl\u00e9tisme","article_publisher":"https:\/\/web.facebook.com\/FederationBeninoiseAthletisme","article_published_time":"2025-04-15T18:05:02+00:00","article_modified_time":"2025-04-16T18:05:35+00:00","og_image":[{"width":1280,"height":853,"url":"https:\/\/athleben.org\/athleben\/wp-content\/uploads\/2025\/04\/WhatsApp-Image-2025-04-16-at-15.25.411.jpeg","type":"image\/jpeg"}],"author":"R\u00e9daction","twitter_card":"summary_large_image","twitter_creator":"@BeninoiseD","twitter_site":"@BeninoiseD","twitter_misc":{"\u00c9crit par":"R\u00e9daction"},"schema":{"@context":"https:\/\/schema.org","@graph":[{"@type":"Article","@id":"https:\/\/athleben.org\/athleben\/premiere-journee-des-championnats-de-districts-dans-le-mono-couffo\/#article","isPartOf":{"@id":"https:\/\/athleben.org\/athleben\/premiere-journee-des-championnats-de-districts-dans-le-mono-couffo\/"},"author":{"name":"R\u00e9daction","@id":"https:\/\/athleben.org\/athleben\/#\/schema\/person\/8e674441e65cf8d584b9dd06d96e68c5"},"headline":"Premi\u00e8re journ\u00e9e des championnats de districts dans le Mono-Couffo","datePublished":"2025-04-15T18:05:02+00:00","dateModified":"2025-04-16T18:05:35+00:00","mainEntityOfPage":{"@id":"https:\/\/athleben.org\/athleben\/premiere-journee-des-championnats-de-districts-dans-le-mono-couffo\/"},"wordCount":11,"commentCount":0,"publisher":{"@id":"https:\/\/athleben.org\/athleben\/#organization"},"image":{"@id":"https:\/\/athleben.org\/athleben\/premiere-journee-des-championnats-de-districts-dans-le-mono-couffo\/#primaryimage"},"thumbnailUrl":"https:\/\/athleben.org\/athleben\/wp-content\/uploads\/2025\/04\/WhatsApp-Image-2025-04-16-at-15.25.411.jpeg","articleSection":["Athl\u00e9tisme"],"inLanguage":"fr-FR","potentialAction":[{"@type":"CommentAction","name":"Comment","target":["https:\/\/athleben.org\/athleben\/premiere-journee-des-championnats-de-districts-dans-le-mono-couffo\/#respond"]}]},{"@type":"WebPage","@id":"https:\/\/athleben.org\/athleben\/premiere-journee-des-championnats-de-districts-dans-le-mono-couffo\/","url":"https:\/\/athleben.org\/athleben\/premiere-journee-des-championnats-de-districts-dans-le-mono-couffo\/","name":"Premi\u00e8re journ\u00e9e des championnats de districts dans le Mono-Couffo - F\u00e9d\u00e9ration B\u00e9ninoise d&#039;Athl\u00e9tisme","isPartOf":{"@id":"https:\/\/athleben.org\/athleben\/#website"},"primaryImageOfPage":{"@id":"https:\/\/athleben.org\/athleben\/premiere-journee-des-championnats-de-districts-dans-le-mono-couffo\/#primaryimage"},"image":{"@id":"https:\/\/athleben.org\/athleben\/premiere-journee-des-championnats-de-districts-dans-le-mono-couffo\/#primaryimage"},"thumbnailUrl":"https:\/\/athleben.org\/athleben\/wp-content\/uploads\/2025\/04\/WhatsApp-Image-2025-04-16-at-15.25.411.jpeg","datePublished":"2025-04-15T18:05:02+00:00","dateModified":"2025-04-16T18:05:35+00:00","breadcrumb":{"@id":"https:\/\/athleben.org\/athleben\/premiere-journee-des-championnats-de-districts-dans-le-mono-couffo\/#breadcrumb"},"inLanguage":"fr-FR","potentialAction":[{"@type":"ReadAction","target":["https:\/\/athleben.org\/athleben\/premiere-journee-des-championnats-de-districts-dans-le-mono-couffo\/"]}]},{"@type":"ImageObject","inLanguage":"fr-FR","@id":"https:\/\/athleben.org\/athleben\/premiere-journee-des-championnats-de-districts-dans-le-mono-couffo\/#primaryimage","url":"https:\/\/athleben.org\/athleben\/wp-content\/uploads\/2025\/04\/WhatsApp-Image-2025-04-16-at-15.25.411.jpeg","contentUrl":"https:\/\/athleben.org\/athleben\/wp-content\/uploads\/2025\/04\/WhatsApp-Image-2025-04-16-at-15.25.411.jpeg","width":1280,"height":853},{"@type":"BreadcrumbList","@id":"https:\/\/athleben.org\/athleben\/premiere-journee-des-championnats-de-districts-dans-le-mono-couffo\/#breadcrumb","itemListElement":[{"@type":"ListItem","position":1,"name":"Accueil","item":"https:\/\/athleben.org\/athleben\/"},{"@type":"ListItem","position":2,"name":"Premi\u00e8re journ\u00e9e des championnats de districts dans le Mono-Couffo"}]},{"@type":"WebSite","@id":"https:\/\/athleben.org\/athleben\/#website","url":"https:\/\/athleben.org\/athleben\/","name":"F\u00e9d\u00e9ration B\u00e9ninoise d'Athl\u00e9tisme","description":"Athl\u00e9tisme, ma fiert\u00e9, je m&#039;engage.","publisher":{"@id":"https:\/\/athleben.org\/athleben\/#organization"},"potentialAction":[{"@type":"SearchAction","target":{"@type":"EntryPoint","urlTemplate":"https:\/\/athleben.org\/athleben\/?s={search_term_string}"},"query-input":{"@type":"PropertyValueSpecification","valueRequired":true,"valueName":"search_term_string"}}],"inLanguage":"fr-FR"},{"@type":"Organization","@id":"https:\/\/athleben.org\/athleben\/#organization","name":"F\u00e9d\u00e9ration B\u00e9ninoise d'Athl\u00e9tisme","url":"https:\/\/athleben.org\/athleben\/","logo":{"@type":"ImageObject","inLanguage":"fr-FR","@id":"https:\/\/athleben.org\/athleben\/#\/schema\/logo\/image\/","url":"https:\/\/athleben.org\/athleben\/wp-content\/uploads\/2024\/01\/logo-fba-new.png","contentUrl":"https:\/\/athleben.org\/athleben\/wp-content\/uploads\/2024\/01\/logo-fba-new.png","width":162,"height":169,"caption":"F\u00e9d\u00e9ration B\u00e9ninoise d'Athl\u00e9tisme"},"image":{"@id":"https:\/\/athleben.org\/athleben\/#\/schema\/logo\/image\/"},"sameAs":["https:\/\/web.facebook.com\/FederationBeninoiseAthletisme","https:\/\/x.com\/BeninoiseD","https:\/\/www.instagram.com\/fbathle"]},{"@type":"Person","@id":"https:\/\/athleben.org\/athleben\/#\/schema\/person\/8e674441e65cf8d584b9dd06d96e68c5","name":"R\u00e9daction","image":{"@type":"ImageObject","inLanguage":"fr-FR","@id":"https:\/\/athleben.org\/athleben\/#\/schema\/person\/image\/","url":"https:\/\/secure.gravatar.com\/avatar\/bb62d62970513855ce068679bf0975b0d5aff01ca9d25756de5d17f8d51767b9?s=96&d=mm&r=g","contentUrl":"https:\/\/secure.gravatar.com\/avatar\/bb62d62970513855ce068679bf0975b0d5aff01ca9d25756de5d17f8d51767b9?s=96&d=mm&r=g","caption":"R\u00e9daction"},"url":"https:\/\/athleben.org\/athleben\/author\/achille\/"}]}},"_links":{"self":[{"href":"https:\/\/athleben.org\/athleben\/wp-json\/wp\/v2\/posts\/3043","targetHints":{"allow":["GET"]}}],"collection":[{"href":"https:\/\/athleben.org\/athleben\/wp-json\/wp\/v2\/posts"}],"about":[{"href":"https:\/\/athleben.org\/athleben\/wp-json\/wp\/v2\/types\/post"}],"author":[{"embeddable":true,"href":"https:\/\/athleben.org\/athleben\/wp-json\/wp\/v2\/users\/2"}],"replies":[{"embeddable":true,"href":"https:\/\/athleben.org\/athleben\/wp-json\/wp\/v2\/comments?post=3043"}],"version-history":[{"count":1,"href":"https:\/\/athleben.org\/athleben\/wp-json\/wp\/v2\/posts\/3043\/revisions"}],"predecessor-version":[{"id":3067,"href":"https:\/\/athleben.org\/athleben\/wp-json\/wp\/v2\/posts\/3043\/revisions\/3067"}],"wp:featuredmedia":[{"embeddable":true,"href":"https:\/\/athleben.org\/athleben\/wp-json\/wp\/v2\/media\/3066"}],"wp:attachment":[{"href":"https:\/\/athleben.org\/athleben\/wp-json\/wp\/v2\/media?parent=3043"}],"wp:term":[{"taxonomy":"category","embeddable":true,"href":"https:\/\/athleben.org\/athleben\/wp-json\/wp\/v2\/categories?post=3043"},{"taxonomy":"post_tag","embeddable":true,"href":"https:\/\/athleben.org\/athleben\/wp-json\/wp\/v2\/tags?post=3043"}],"curies":[{"name":"wp","href":"https:\/\/api.w.org\/{rel}","templated":true}]}}