{"id":2987,"date":"2025-04-15T18:53:23","date_gmt":"2025-04-15T17:53:23","guid":{"rendered":"https:\/\/athleben.org\/athleben\/?p=2987"},"modified":"2025-04-16T18:55:17","modified_gmt":"2025-04-16T17:55:17","slug":"premiere-journee-des-championnats-de-districts-dans-loueme-plateau","status":"publish","type":"post","link":"https:\/\/athleben.org\/athleben\/premiere-journee-des-championnats-de-districts-dans-loueme-plateau\/","title":{"rendered":"Premi\u00e8re journ\u00e9e des championnats de districts dans l&rsquo;Ou\u00e9m\u00e9-Plateau"},"content":{"rendered":"\n<p>La ligue r\u00e9gionale d&rsquo;Athl\u00e9tisme Ou\u00e9m\u00e9-Plateau a entam\u00e9 ce samedi 12 avril 2025, les comp\u00e9titions de districts sur les diff\u00e9rents sites retenus \u00e0 cet effet. Des athl\u00e8tes U16 et U18 venus de diff\u00e9rentes communes, ont pris part \u00e0 la comp\u00e9tition sur les 06 sites retenus \u00e0 savoir : K\u00e9tou, Pob\u00e8, Adja-Ou\u00e8r\u00e8, Porto-Novo, Avrankou et S\u00e8m\u00e8-Podji. Plusieurs \u00e9preuves ont marqu\u00e9 cette premi\u00e8re journ\u00e9e qui a connu la participation effective de tous les districts concern\u00e9s. Ainsi, les athl\u00e8tes U16 et U17 ont \u00e9t\u00e9 soumis pour le compte de chaque cat\u00e9gorie, aux \u00e9preuves de 100m, 200m, 400m, 800m, 1500m, Saut en longueur, Triple saut, Lancer de poids et Lancer de javelot. Il convient de dire que l&rsquo;enthousiasme autour de cette initiative prouve \u00e0 suffisance la volont\u00e9 des participants de donner le meilleur d&rsquo;eux-m\u00eames pour favoriser l&rsquo;essor de l&rsquo;athl\u00e9tisme dans l&rsquo;Ou\u00e9m\u00e9-Plateau et relever les d\u00e9fis qui s&rsquo;imposent dans les diff\u00e9rentes disciplines.Le Pr\u00e9sident de la ligue, M. Gr\u00e9goire Atemenou KOUKPO, apr\u00e8s avoir salu\u00e9 l&rsquo;engagement et le courage des d\u00e9l\u00e9gu\u00e9s et coachs, s&rsquo;est dit satisfait de cette premi\u00e8re journ\u00e9e et souhaite que la deuxi\u00e8me journ\u00e9e qui s&rsquo;annonce soit plus fructueuse.<\/p>\n\n\n\n<div class=\"wp-block-jetpack-slideshow aligncenter\" data-autoplay=\"true\" data-delay=\"3\" data-effect=\"slide\"><div class=\"wp-block-jetpack-slideshow_container swiper-container\"><ul class=\"wp-block-jetpack-slideshow_swiper-wrapper swiper-wrapper\"><li class=\"wp-block-jetpack-slideshow_slide swiper-slide\"><figure><img width=\"960\" height=\"540\" alt=\"\" class=\"wp-block-jetpack-slideshow_image wp-image-3020 lws-optimize-lazyload\" data-id=\"3020\" \/ data-src=\"https:\/\/athleben.org\/athleben\/wp-content\/uploads\/2025\/04\/fghj-1.jpg\" srcset=\"https:\/\/athleben.org\/athleben\/wp-content\/uploads\/2025\/04\/fghj-1.jpg 960w, https:\/\/athleben.org\/athleben\/wp-content\/uploads\/2025\/04\/fghj-1-300x169.jpg 300w, https:\/\/athleben.org\/athleben\/wp-content\/uploads\/2025\/04\/fghj-1-768x432.jpg 768w\" sizes=\"(max-width: 960px) 100vw, 960px\" \/><\/figure><\/li><li class=\"wp-block-jetpack-slideshow_slide swiper-slide\"><figure><img width=\"576\" height=\"1024\" alt=\"\" class=\"wp-block-jetpack-slideshow_image wp-image-3017 lws-optimize-lazyload\" data-id=\"3017\" \/ data-src=\"https:\/\/athleben.org\/athleben\/wp-content\/uploads\/2025\/04\/490176396_642874238533548_380895079493539027_n-1-576x1024.jpg\" srcset=\"https:\/\/athleben.org\/athleben\/wp-content\/uploads\/2025\/04\/490176396_642874238533548_380895079493539027_n-1-576x1024.jpg 576w, https:\/\/athleben.org\/athleben\/wp-content\/uploads\/2025\/04\/490176396_642874238533548_380895079493539027_n-1-169x300.jpg 169w, https:\/\/athleben.org\/athleben\/wp-content\/uploads\/2025\/04\/490176396_642874238533548_380895079493539027_n-1.jpg 607w\" sizes=\"(max-width: 576px) 100vw, 576px\" \/><\/figure><\/li><li class=\"wp-block-jetpack-slideshow_slide swiper-slide\"><figure><img width=\"1024\" height=\"1024\" alt=\"\" class=\"wp-block-jetpack-slideshow_image wp-image-3035 lws-optimize-lazyload\" data-id=\"3035\" \/ data-src=\"https:\/\/athleben.org\/athleben\/wp-content\/uploads\/2025\/04\/490221178_642874531866852_210767579978215325_n-1-1024x1024.jpg\" srcset=\"https:\/\/athleben.org\/athleben\/wp-content\/uploads\/2025\/04\/490221178_642874531866852_210767579978215325_n-1-1024x1024.jpg 1024w, https:\/\/athleben.org\/athleben\/wp-content\/uploads\/2025\/04\/490221178_642874531866852_210767579978215325_n-1-300x300.jpg 300w, https:\/\/athleben.org\/athleben\/wp-content\/uploads\/2025\/04\/490221178_642874531866852_210767579978215325_n-1-150x150.jpg 150w, https:\/\/athleben.org\/athleben\/wp-content\/uploads\/2025\/04\/490221178_642874531866852_210767579978215325_n-1-768x768.jpg 768w, https:\/\/athleben.org\/athleben\/wp-content\/uploads\/2025\/04\/490221178_642874531866852_210767579978215325_n-1.jpg 1080w\" sizes=\"(max-width: 1024px) 100vw, 1024px\" \/><\/figure><\/li><li class=\"wp-block-jetpack-slideshow_slide swiper-slide\"><figure><img width=\"960\" height=\"432\" alt=\"\" class=\"wp-block-jetpack-slideshow_image wp-image-3019 lws-optimize-lazyload\" data-id=\"3019\" \/ data-src=\"https:\/\/athleben.org\/athleben\/wp-content\/uploads\/2025\/04\/490353013_642874245200214_7332304012099863238_n-1.jpg\" srcset=\"https:\/\/athleben.org\/athleben\/wp-content\/uploads\/2025\/04\/490353013_642874245200214_7332304012099863238_n-1.jpg 960w, https:\/\/athleben.org\/athleben\/wp-content\/uploads\/2025\/04\/490353013_642874245200214_7332304012099863238_n-1-300x135.jpg 300w, https:\/\/athleben.org\/athleben\/wp-content\/uploads\/2025\/04\/490353013_642874245200214_7332304012099863238_n-1-768x346.jpg 768w\" sizes=\"(max-width: 960px) 100vw, 960px\" \/><\/figure><\/li><li class=\"wp-block-jetpack-slideshow_slide swiper-slide\"><figure><img width=\"960\" height=\"432\" alt=\"\" class=\"wp-block-jetpack-slideshow_image wp-image-3015 lws-optimize-lazyload\" data-id=\"3015\" \/ data-src=\"https:\/\/athleben.org\/athleben\/wp-content\/uploads\/2025\/04\/490480161_642874235200215_6882128809083761509_n-1.jpg\" srcset=\"https:\/\/athleben.org\/athleben\/wp-content\/uploads\/2025\/04\/490480161_642874235200215_6882128809083761509_n-1.jpg 960w, https:\/\/athleben.org\/athleben\/wp-content\/uploads\/2025\/04\/490480161_642874235200215_6882128809083761509_n-1-300x135.jpg 300w, https:\/\/athleben.org\/athleben\/wp-content\/uploads\/2025\/04\/490480161_642874235200215_6882128809083761509_n-1-768x346.jpg 768w\" sizes=\"(max-width: 960px) 100vw, 960px\" \/><\/figure><\/li><li class=\"wp-block-jetpack-slideshow_slide swiper-slide\"><figure><img width=\"992\" height=\"744\" alt=\"\" class=\"wp-block-jetpack-slideshow_image wp-image-3022 lws-optimize-lazyload\" data-id=\"3022\" \/ data-src=\"https:\/\/athleben.org\/athleben\/wp-content\/uploads\/2025\/04\/490638243_642874401866865_7960951129571971260_n-1.jpg\" srcset=\"https:\/\/athleben.org\/athleben\/wp-content\/uploads\/2025\/04\/490638243_642874401866865_7960951129571971260_n-1.jpg 992w, https:\/\/athleben.org\/athleben\/wp-content\/uploads\/2025\/04\/490638243_642874401866865_7960951129571971260_n-1-300x225.jpg 300w, https:\/\/athleben.org\/athleben\/wp-content\/uploads\/2025\/04\/490638243_642874401866865_7960951129571971260_n-1-768x576.jpg 768w\" sizes=\"(max-width: 992px) 100vw, 992px\" \/><\/figure><\/li><li class=\"wp-block-jetpack-slideshow_slide swiper-slide\"><figure><img width=\"992\" height=\"744\" alt=\"\" class=\"wp-block-jetpack-slideshow_image wp-image-3025 lws-optimize-lazyload\" data-id=\"3025\" \/ data-src=\"https:\/\/athleben.org\/athleben\/wp-content\/uploads\/2025\/04\/490347473_642874438533528_3423083947363336683_n-1.jpg\" srcset=\"https:\/\/athleben.org\/athleben\/wp-content\/uploads\/2025\/04\/490347473_642874438533528_3423083947363336683_n-1.jpg 992w, https:\/\/athleben.org\/athleben\/wp-content\/uploads\/2025\/04\/490347473_642874438533528_3423083947363336683_n-1-300x225.jpg 300w, https:\/\/athleben.org\/athleben\/wp-content\/uploads\/2025\/04\/490347473_642874438533528_3423083947363336683_n-1-768x576.jpg 768w\" sizes=\"(max-width: 992px) 100vw, 992px\" \/><\/figure><\/li><li class=\"wp-block-jetpack-slideshow_slide swiper-slide\"><figure><img width=\"992\" height=\"744\" alt=\"\" class=\"wp-block-jetpack-slideshow_image wp-image-3029 lws-optimize-lazyload\" data-id=\"3029\" \/ data-src=\"https:\/\/athleben.org\/athleben\/wp-content\/uploads\/2025\/04\/490591403_642874381866867_6713020513456443556_n-1.jpg\" srcset=\"https:\/\/athleben.org\/athleben\/wp-content\/uploads\/2025\/04\/490591403_642874381866867_6713020513456443556_n-1.jpg 992w, https:\/\/athleben.org\/athleben\/wp-content\/uploads\/2025\/04\/490591403_642874381866867_6713020513456443556_n-1-300x225.jpg 300w, https:\/\/athleben.org\/athleben\/wp-content\/uploads\/2025\/04\/490591403_642874381866867_6713020513456443556_n-1-768x576.jpg 768w\" sizes=\"(max-width: 992px) 100vw, 992px\" \/><\/figure><\/li><li class=\"wp-block-jetpack-slideshow_slide swiper-slide\"><figure><img width=\"992\" height=\"744\" alt=\"\" class=\"wp-block-jetpack-slideshow_image wp-image-3031 lws-optimize-lazyload\" data-id=\"3031\" \/ data-src=\"https:\/\/athleben.org\/athleben\/wp-content\/uploads\/2025\/04\/490684797_642874475200191_2975897920791166544_n-1.jpg\" srcset=\"https:\/\/athleben.org\/athleben\/wp-content\/uploads\/2025\/04\/490684797_642874475200191_2975897920791166544_n-1.jpg 992w, https:\/\/athleben.org\/athleben\/wp-content\/uploads\/2025\/04\/490684797_642874475200191_2975897920791166544_n-1-300x225.jpg 300w, https:\/\/athleben.org\/athleben\/wp-content\/uploads\/2025\/04\/490684797_642874475200191_2975897920791166544_n-1-768x576.jpg 768w\" sizes=\"(max-width: 992px) 100vw, 992px\" \/><\/figure><\/li><li class=\"wp-block-jetpack-slideshow_slide swiper-slide\"><figure><img width=\"960\" height=\"540\" alt=\"\" class=\"wp-block-jetpack-slideshow_image wp-image-3021 lws-optimize-lazyload\" data-id=\"3021\" \/ data-src=\"https:\/\/athleben.org\/athleben\/wp-content\/uploads\/2025\/04\/490143594_642874225200216_2718152552062159434_n-1.jpg\" srcset=\"https:\/\/athleben.org\/athleben\/wp-content\/uploads\/2025\/04\/490143594_642874225200216_2718152552062159434_n-1.jpg 960w, https:\/\/athleben.org\/athleben\/wp-content\/uploads\/2025\/04\/490143594_642874225200216_2718152552062159434_n-1-300x169.jpg 300w, https:\/\/athleben.org\/athleben\/wp-content\/uploads\/2025\/04\/490143594_642874225200216_2718152552062159434_n-1-768x432.jpg 768w\" sizes=\"(max-width: 960px) 100vw, 960px\" \/><\/figure><\/li><li class=\"wp-block-jetpack-slideshow_slide swiper-slide\"><figure><img width=\"960\" height=\"432\" alt=\"\" class=\"wp-block-jetpack-slideshow_image wp-image-3027 lws-optimize-lazyload\" data-id=\"3027\" \/ data-src=\"https:\/\/athleben.org\/athleben\/wp-content\/uploads\/2025\/04\/490724590_642874228533549_92720533701031598_n-1.jpg\" srcset=\"https:\/\/athleben.org\/athleben\/wp-content\/uploads\/2025\/04\/490724590_642874228533549_92720533701031598_n-1.jpg 960w, https:\/\/athleben.org\/athleben\/wp-content\/uploads\/2025\/04\/490724590_642874228533549_92720533701031598_n-1-300x135.jpg 300w, https:\/\/athleben.org\/athleben\/wp-content\/uploads\/2025\/04\/490724590_642874228533549_92720533701031598_n-1-768x346.jpg 768w\" sizes=\"(max-width: 960px) 100vw, 960px\" \/><\/figure><\/li><li class=\"wp-block-jetpack-slideshow_slide swiper-slide\"><figure><img width=\"960\" height=\"432\" alt=\"\" class=\"wp-block-jetpack-slideshow_image wp-image-3033 lws-optimize-lazyload\" data-id=\"3033\" \/ data-src=\"https:\/\/athleben.org\/athleben\/wp-content\/uploads\/2025\/04\/490591262_642874215200217_6687629781416169556_n-1.jpg\" srcset=\"https:\/\/athleben.org\/athleben\/wp-content\/uploads\/2025\/04\/490591262_642874215200217_6687629781416169556_n-1.jpg 960w, https:\/\/athleben.org\/athleben\/wp-content\/uploads\/2025\/04\/490591262_642874215200217_6687629781416169556_n-1-300x135.jpg 300w, https:\/\/athleben.org\/athleben\/wp-content\/uploads\/2025\/04\/490591262_642874215200217_6687629781416169556_n-1-768x346.jpg 768w\" sizes=\"(max-width: 960px) 100vw, 960px\" \/><\/figure><\/li><li class=\"wp-block-jetpack-slideshow_slide swiper-slide\"><figure><img width=\"960\" height=\"432\" alt=\"\" class=\"wp-block-jetpack-slideshow_image wp-image-3018 lws-optimize-lazyload\" data-id=\"3018\" \/ data-src=\"https:\/\/athleben.org\/athleben\/wp-content\/uploads\/2025\/04\/490512459_642874211866884_8787263984789268373_n-1.jpg\" srcset=\"https:\/\/athleben.org\/athleben\/wp-content\/uploads\/2025\/04\/490512459_642874211866884_8787263984789268373_n-1.jpg 960w, https:\/\/athleben.org\/athleben\/wp-content\/uploads\/2025\/04\/490512459_642874211866884_8787263984789268373_n-1-300x135.jpg 300w, https:\/\/athleben.org\/athleben\/wp-content\/uploads\/2025\/04\/490512459_642874211866884_8787263984789268373_n-1-768x346.jpg 768w\" sizes=\"(max-width: 960px) 100vw, 960px\" \/><\/figure><\/li><li class=\"wp-block-jetpack-slideshow_slide swiper-slide\"><figure><img width=\"960\" height=\"432\" alt=\"\" class=\"wp-block-jetpack-slideshow_image wp-image-3016 lws-optimize-lazyload\" data-id=\"3016\" \/ data-src=\"https:\/\/athleben.org\/athleben\/wp-content\/uploads\/2025\/04\/490590520_642874201866885_5489250643048507372_n-1.jpg\" srcset=\"https:\/\/athleben.org\/athleben\/wp-content\/uploads\/2025\/04\/490590520_642874201866885_5489250643048507372_n-1.jpg 960w, https:\/\/athleben.org\/athleben\/wp-content\/uploads\/2025\/04\/490590520_642874201866885_5489250643048507372_n-1-300x135.jpg 300w, https:\/\/athleben.org\/athleben\/wp-content\/uploads\/2025\/04\/490590520_642874201866885_5489250643048507372_n-1-768x346.jpg 768w\" sizes=\"(max-width: 960px) 100vw, 960px\" \/><\/figure><\/li><li class=\"wp-block-jetpack-slideshow_slide swiper-slide\"><figure><img width=\"1024\" height=\"768\" alt=\"\" class=\"wp-block-jetpack-slideshow_image wp-image-3032 lws-optimize-lazyload\" data-id=\"3032\" \/ data-src=\"https:\/\/athleben.org\/athleben\/wp-content\/uploads\/2025\/04\/490174030_642874421866863_1276754010696604396_n-1-1024x768.jpg\" srcset=\"https:\/\/athleben.org\/athleben\/wp-content\/uploads\/2025\/04\/490174030_642874421866863_1276754010696604396_n-1-1024x768.jpg 1024w, https:\/\/athleben.org\/athleben\/wp-content\/uploads\/2025\/04\/490174030_642874421866863_1276754010696604396_n-1-300x225.jpg 300w, https:\/\/athleben.org\/athleben\/wp-content\/uploads\/2025\/04\/490174030_642874421866863_1276754010696604396_n-1-768x576.jpg 768w, https:\/\/athleben.org\/athleben\/wp-content\/uploads\/2025\/04\/490174030_642874421866863_1276754010696604396_n-1.jpg 1080w\" sizes=\"(max-width: 1024px) 100vw, 1024px\" \/><\/figure><\/li><li class=\"wp-block-jetpack-slideshow_slide swiper-slide\"><figure><img width=\"1016\" height=\"762\" alt=\"\" class=\"wp-block-jetpack-slideshow_image wp-image-3039 lws-optimize-lazyload\" data-id=\"3039\" \/ data-src=\"https:\/\/athleben.org\/athleben\/wp-content\/uploads\/2025\/04\/490774147_642874495200189_4012143223150732431_n-1.jpg\" srcset=\"https:\/\/athleben.org\/athleben\/wp-content\/uploads\/2025\/04\/490774147_642874495200189_4012143223150732431_n-1.jpg 1016w, https:\/\/athleben.org\/athleben\/wp-content\/uploads\/2025\/04\/490774147_642874495200189_4012143223150732431_n-1-300x225.jpg 300w, https:\/\/athleben.org\/athleben\/wp-content\/uploads\/2025\/04\/490774147_642874495200189_4012143223150732431_n-1-768x576.jpg 768w\" sizes=\"(max-width: 1016px) 100vw, 1016px\" \/><\/figure><\/li><li class=\"wp-block-jetpack-slideshow_slide swiper-slide\"><figure><img width=\"1016\" height=\"762\" alt=\"\" class=\"wp-block-jetpack-slideshow_image wp-image-3040 lws-optimize-lazyload\" data-id=\"3040\" \/ data-src=\"https:\/\/athleben.org\/athleben\/wp-content\/uploads\/2025\/04\/490563788_642874481866857_6545240996286345676_n-1.jpg\" srcset=\"https:\/\/athleben.org\/athleben\/wp-content\/uploads\/2025\/04\/490563788_642874481866857_6545240996286345676_n-1.jpg 1016w, https:\/\/athleben.org\/athleben\/wp-content\/uploads\/2025\/04\/490563788_642874481866857_6545240996286345676_n-1-300x225.jpg 300w, https:\/\/athleben.org\/athleben\/wp-content\/uploads\/2025\/04\/490563788_642874481866857_6545240996286345676_n-1-768x576.jpg 768w\" sizes=\"(max-width: 1016px) 100vw, 1016px\" \/><\/figure><\/li><li class=\"wp-block-jetpack-slideshow_slide swiper-slide\"><figure><img width=\"1016\" height=\"762\" alt=\"\" class=\"wp-block-jetpack-slideshow_image wp-image-3026 lws-optimize-lazyload\" data-id=\"3026\" \/ data-src=\"https:\/\/athleben.org\/athleben\/wp-content\/uploads\/2025\/04\/490214837_642874441866861_6977145843784108954_n-1.jpg\" srcset=\"https:\/\/athleben.org\/athleben\/wp-content\/uploads\/2025\/04\/490214837_642874441866861_6977145843784108954_n-1.jpg 1016w, https:\/\/athleben.org\/athleben\/wp-content\/uploads\/2025\/04\/490214837_642874441866861_6977145843784108954_n-1-300x225.jpg 300w, https:\/\/athleben.org\/athleben\/wp-content\/uploads\/2025\/04\/490214837_642874441866861_6977145843784108954_n-1-768x576.jpg 768w\" sizes=\"(max-width: 1016px) 100vw, 1016px\" \/><\/figure><\/li><li class=\"wp-block-jetpack-slideshow_slide swiper-slide\"><figure><img width=\"1016\" height=\"762\" alt=\"\" class=\"wp-block-jetpack-slideshow_image wp-image-3037 lws-optimize-lazyload\" data-id=\"3037\" \/ data-src=\"https:\/\/athleben.org\/athleben\/wp-content\/uploads\/2025\/04\/490879064_642874525200186_747585697633211070_n-1.jpg\" srcset=\"https:\/\/athleben.org\/athleben\/wp-content\/uploads\/2025\/04\/490879064_642874525200186_747585697633211070_n-1.jpg 1016w, https:\/\/athleben.org\/athleben\/wp-content\/uploads\/2025\/04\/490879064_642874525200186_747585697633211070_n-1-300x225.jpg 300w, https:\/\/athleben.org\/athleben\/wp-content\/uploads\/2025\/04\/490879064_642874525200186_747585697633211070_n-1-768x576.jpg 768w\" sizes=\"(max-width: 1016px) 100vw, 1016px\" \/><\/figure><\/li><li class=\"wp-block-jetpack-slideshow_slide swiper-slide\"><figure><img width=\"1024\" height=\"768\" alt=\"\" class=\"wp-block-jetpack-slideshow_image wp-image-3036 lws-optimize-lazyload\" data-id=\"3036\" \/ data-src=\"https:\/\/athleben.org\/athleben\/wp-content\/uploads\/2025\/04\/490934567_642874518533520_593231667845666147_n-1-1024x768.jpg\" srcset=\"https:\/\/athleben.org\/athleben\/wp-content\/uploads\/2025\/04\/490934567_642874518533520_593231667845666147_n-1-1024x768.jpg 1024w, https:\/\/athleben.org\/athleben\/wp-content\/uploads\/2025\/04\/490934567_642874518533520_593231667845666147_n-1-300x225.jpg 300w, https:\/\/athleben.org\/athleben\/wp-content\/uploads\/2025\/04\/490934567_642874518533520_593231667845666147_n-1-768x576.jpg 768w, https:\/\/athleben.org\/athleben\/wp-content\/uploads\/2025\/04\/490934567_642874518533520_593231667845666147_n-1.jpg 1080w\" sizes=\"(max-width: 1024px) 100vw, 1024px\" \/><\/figure><\/li><li class=\"wp-block-jetpack-slideshow_slide swiper-slide\"><figure><img width=\"1024\" height=\"768\" alt=\"\" class=\"wp-block-jetpack-slideshow_image wp-image-3034 lws-optimize-lazyload\" data-id=\"3034\" \/ data-src=\"https:\/\/athleben.org\/athleben\/wp-content\/uploads\/2025\/04\/490352266_642874535200185_7282791610777170996_n-1-1024x768.jpg\" srcset=\"https:\/\/athleben.org\/athleben\/wp-content\/uploads\/2025\/04\/490352266_642874535200185_7282791610777170996_n-1-1024x768.jpg 1024w, https:\/\/athleben.org\/athleben\/wp-content\/uploads\/2025\/04\/490352266_642874535200185_7282791610777170996_n-1-300x225.jpg 300w, https:\/\/athleben.org\/athleben\/wp-content\/uploads\/2025\/04\/490352266_642874535200185_7282791610777170996_n-1-768x576.jpg 768w, https:\/\/athleben.org\/athleben\/wp-content\/uploads\/2025\/04\/490352266_642874535200185_7282791610777170996_n-1.jpg 1080w\" sizes=\"(max-width: 1024px) 100vw, 1024px\" \/><\/figure><\/li><li class=\"wp-block-jetpack-slideshow_slide swiper-slide\"><figure><img width=\"1016\" height=\"762\" alt=\"\" class=\"wp-block-jetpack-slideshow_image wp-image-3030 lws-optimize-lazyload\" data-id=\"3030\" \/ data-src=\"https:\/\/athleben.org\/athleben\/wp-content\/uploads\/2025\/04\/490857735_642874521866853_1665611611709621045_n-1.jpg\" srcset=\"https:\/\/athleben.org\/athleben\/wp-content\/uploads\/2025\/04\/490857735_642874521866853_1665611611709621045_n-1.jpg 1016w, https:\/\/athleben.org\/athleben\/wp-content\/uploads\/2025\/04\/490857735_642874521866853_1665611611709621045_n-1-300x225.jpg 300w, https:\/\/athleben.org\/athleben\/wp-content\/uploads\/2025\/04\/490857735_642874521866853_1665611611709621045_n-1-768x576.jpg 768w\" sizes=\"(max-width: 1016px) 100vw, 1016px\" \/><\/figure><\/li><li class=\"wp-block-jetpack-slideshow_slide swiper-slide\"><figure><img width=\"762\" height=\"1016\" alt=\"\" class=\"wp-block-jetpack-slideshow_image wp-image-3038 lws-optimize-lazyload\" data-id=\"3038\" \/ data-src=\"https:\/\/athleben.org\/athleben\/wp-content\/uploads\/2025\/04\/490225256_642874538533518_8577332021336606631_n-1.jpg\" srcset=\"https:\/\/athleben.org\/athleben\/wp-content\/uploads\/2025\/04\/490225256_642874538533518_8577332021336606631_n-1.jpg 762w, https:\/\/athleben.org\/athleben\/wp-content\/uploads\/2025\/04\/490225256_642874538533518_8577332021336606631_n-1-225x300.jpg 225w\" sizes=\"(max-width: 762px) 100vw, 762px\" \/><\/figure><\/li><li class=\"wp-block-jetpack-slideshow_slide swiper-slide\"><figure><img width=\"960\" height=\"432\" alt=\"\" class=\"wp-block-jetpack-slideshow_image wp-image-3023 lws-optimize-lazyload\" data-id=\"3023\" \/ data-src=\"https:\/\/athleben.org\/athleben\/wp-content\/uploads\/2025\/04\/490533856_642874158533556_7361281662287587156_n-1.jpg\" srcset=\"https:\/\/athleben.org\/athleben\/wp-content\/uploads\/2025\/04\/490533856_642874158533556_7361281662287587156_n-1.jpg 960w, https:\/\/athleben.org\/athleben\/wp-content\/uploads\/2025\/04\/490533856_642874158533556_7361281662287587156_n-1-300x135.jpg 300w, https:\/\/athleben.org\/athleben\/wp-content\/uploads\/2025\/04\/490533856_642874158533556_7361281662287587156_n-1-768x346.jpg 768w\" sizes=\"(max-width: 960px) 100vw, 960px\" \/><\/figure><\/li><li class=\"wp-block-jetpack-slideshow_slide swiper-slide\"><figure><img width=\"960\" height=\"540\" alt=\"\" class=\"wp-block-jetpack-slideshow_image wp-image-3028 lws-optimize-lazyload\" data-id=\"3028\" \/ data-src=\"https:\/\/athleben.org\/athleben\/wp-content\/uploads\/2025\/04\/490372429_642874151866890_3504192578260298149_n-1.jpg\" srcset=\"https:\/\/athleben.org\/athleben\/wp-content\/uploads\/2025\/04\/490372429_642874151866890_3504192578260298149_n-1.jpg 960w, https:\/\/athleben.org\/athleben\/wp-content\/uploads\/2025\/04\/490372429_642874151866890_3504192578260298149_n-1-300x169.jpg 300w, https:\/\/athleben.org\/athleben\/wp-content\/uploads\/2025\/04\/490372429_642874151866890_3504192578260298149_n-1-768x432.jpg 768w\" sizes=\"(max-width: 960px) 100vw, 960px\" \/><\/figure><\/li><li class=\"wp-block-jetpack-slideshow_slide swiper-slide\"><figure><img width=\"960\" height=\"540\" alt=\"\" class=\"wp-block-jetpack-slideshow_image wp-image-3024 lws-optimize-lazyload\" data-id=\"3024\" \/ data-src=\"https:\/\/athleben.org\/athleben\/wp-content\/uploads\/2025\/04\/490380301_642874078533564_6110847193841741120_n-1.jpg\" srcset=\"https:\/\/athleben.org\/athleben\/wp-content\/uploads\/2025\/04\/490380301_642874078533564_6110847193841741120_n-1.jpg 960w, https:\/\/athleben.org\/athleben\/wp-content\/uploads\/2025\/04\/490380301_642874078533564_6110847193841741120_n-1-300x169.jpg 300w, https:\/\/athleben.org\/athleben\/wp-content\/uploads\/2025\/04\/490380301_642874078533564_6110847193841741120_n-1-768x432.jpg 768w\" sizes=\"(max-width: 960px) 100vw, 960px\" \/><\/figure><\/li><\/ul><a class=\"wp-block-jetpack-slideshow_button-prev swiper-button-prev swiper-button-white\" role=\"button\"><\/a><a class=\"wp-block-jetpack-slideshow_button-next swiper-button-next swiper-button-white\" role=\"button\"><\/a><a aria-label=\"Pause Slideshow\" class=\"wp-block-jetpack-slideshow_button-pause\" role=\"button\"><\/a><div class=\"wp-block-jetpack-slideshow_pagination swiper-pagination swiper-pagination-white\"><\/div><\/div><\/div>\n","protected":false},"excerpt":{"rendered":"<p>La ligue r\u00e9gionale d&rsquo;Athl\u00e9tisme Ou\u00e9m\u00e9-Plateau a entam\u00e9 ce samedi 12 avril 2025, les comp\u00e9titions de districts sur les diff\u00e9rents sites retenus \u00e0 cet effet. Des [&hellip;]<\/p>\n","protected":false},"author":2,"featured_media":3009,"comment_status":"open","ping_status":"closed","sticky":false,"template":"","format":"standard","meta":{"footnotes":""},"categories":[22],"tags":[],"class_list":["post-2987","post","type-post","status-publish","format-standard","has-post-thumbnail","hentry","category-athle"],"yoast_head":"<!-- This site is optimized with the Yoast SEO plugin v27.1.1 - https:\/\/yoast.com\/product\/yoast-seo-wordpress\/ -->\n<title>Premi\u00e8re journ\u00e9e des championnats de districts dans l&#039;Ou\u00e9m\u00e9-Plateau - F\u00e9d\u00e9ration B\u00e9ninoise d&#039;Athl\u00e9tisme<\/title>\n<meta name=\"robots\" content=\"index, follow, max-snippet:-1, max-image-preview:large, max-video-preview:-1\" \/>\n<link rel=\"canonical\" href=\"https:\/\/athleben.org\/athleben\/premiere-journee-des-championnats-de-districts-dans-loueme-plateau\/\" \/>\n<meta property=\"og:locale\" content=\"fr_FR\" \/>\n<meta property=\"og:type\" content=\"article\" \/>\n<meta property=\"og:title\" content=\"Premi\u00e8re journ\u00e9e des championnats de districts dans l&#039;Ou\u00e9m\u00e9-Plateau - F\u00e9d\u00e9ration B\u00e9ninoise d&#039;Athl\u00e9tisme\" \/>\n<meta property=\"og:description\" content=\"La ligue r\u00e9gionale d&rsquo;Athl\u00e9tisme Ou\u00e9m\u00e9-Plateau a entam\u00e9 ce samedi 12 avril 2025, les comp\u00e9titions de districts sur les diff\u00e9rents sites retenus \u00e0 cet effet. Des [&hellip;]\" \/>\n<meta property=\"og:url\" content=\"https:\/\/athleben.org\/athleben\/premiere-journee-des-championnats-de-districts-dans-loueme-plateau\/\" \/>\n<meta property=\"og:site_name\" content=\"F\u00e9d\u00e9ration B\u00e9ninoise d&#039;Athl\u00e9tisme\" \/>\n<meta property=\"article:publisher\" content=\"https:\/\/web.facebook.com\/FederationBeninoiseAthletisme\" \/>\n<meta property=\"article:published_time\" content=\"2025-04-15T17:53:23+00:00\" \/>\n<meta property=\"article:modified_time\" content=\"2025-04-16T17:55:17+00:00\" \/>\n<meta property=\"og:image\" content=\"https:\/\/athleben.org\/athleben\/wp-content\/uploads\/2025\/04\/490533856_642874158533556_7361281662287587156_n.jpg\" \/>\n\t<meta property=\"og:image:width\" content=\"960\" \/>\n\t<meta property=\"og:image:height\" content=\"432\" \/>\n\t<meta property=\"og:image:type\" content=\"image\/jpeg\" \/>\n<meta name=\"author\" content=\"R\u00e9daction\" \/>\n<meta name=\"twitter:card\" content=\"summary_large_image\" \/>\n<meta name=\"twitter:creator\" content=\"@BeninoiseD\" \/>\n<meta name=\"twitter:site\" content=\"@BeninoiseD\" \/>\n<meta name=\"twitter:label1\" content=\"\u00c9crit par\" \/>\n\t<meta name=\"twitter:data1\" content=\"R\u00e9daction\" \/>\n\t<meta name=\"twitter:label2\" content=\"Dur\u00e9e de lecture estim\u00e9e\" \/>\n\t<meta name=\"twitter:data2\" content=\"1 minute\" \/>\n<script type=\"application\/ld+json\" class=\"yoast-schema-graph\">{\"@context\":\"https:\/\/schema.org\",\"@graph\":[{\"@type\":\"Article\",\"@id\":\"https:\/\/athleben.org\/athleben\/premiere-journee-des-championnats-de-districts-dans-loueme-plateau\/#article\",\"isPartOf\":{\"@id\":\"https:\/\/athleben.org\/athleben\/premiere-journee-des-championnats-de-districts-dans-loueme-plateau\/\"},\"author\":{\"name\":\"R\u00e9daction\",\"@id\":\"https:\/\/athleben.org\/athleben\/#\/schema\/person\/8e674441e65cf8d584b9dd06d96e68c5\"},\"headline\":\"Premi\u00e8re journ\u00e9e des championnats de districts dans l&rsquo;Ou\u00e9m\u00e9-Plateau\",\"datePublished\":\"2025-04-15T17:53:23+00:00\",\"dateModified\":\"2025-04-16T17:55:17+00:00\",\"mainEntityOfPage\":{\"@id\":\"https:\/\/athleben.org\/athleben\/premiere-journee-des-championnats-de-districts-dans-loueme-plateau\/\"},\"wordCount\":233,\"commentCount\":0,\"publisher\":{\"@id\":\"https:\/\/athleben.org\/athleben\/#organization\"},\"image\":{\"@id\":\"https:\/\/athleben.org\/athleben\/premiere-journee-des-championnats-de-districts-dans-loueme-plateau\/#primaryimage\"},\"thumbnailUrl\":\"https:\/\/athleben.org\/athleben\/wp-content\/uploads\/2025\/04\/490533856_642874158533556_7361281662287587156_n.jpg\",\"articleSection\":[\"Athl\u00e9tisme\"],\"inLanguage\":\"fr-FR\",\"potentialAction\":[{\"@type\":\"CommentAction\",\"name\":\"Comment\",\"target\":[\"https:\/\/athleben.org\/athleben\/premiere-journee-des-championnats-de-districts-dans-loueme-plateau\/#respond\"]}]},{\"@type\":\"WebPage\",\"@id\":\"https:\/\/athleben.org\/athleben\/premiere-journee-des-championnats-de-districts-dans-loueme-plateau\/\",\"url\":\"https:\/\/athleben.org\/athleben\/premiere-journee-des-championnats-de-districts-dans-loueme-plateau\/\",\"name\":\"Premi\u00e8re journ\u00e9e des championnats de districts dans l'Ou\u00e9m\u00e9-Plateau - F\u00e9d\u00e9ration B\u00e9ninoise d&#039;Athl\u00e9tisme\",\"isPartOf\":{\"@id\":\"https:\/\/athleben.org\/athleben\/#website\"},\"primaryImageOfPage\":{\"@id\":\"https:\/\/athleben.org\/athleben\/premiere-journee-des-championnats-de-districts-dans-loueme-plateau\/#primaryimage\"},\"image\":{\"@id\":\"https:\/\/athleben.org\/athleben\/premiere-journee-des-championnats-de-districts-dans-loueme-plateau\/#primaryimage\"},\"thumbnailUrl\":\"https:\/\/athleben.org\/athleben\/wp-content\/uploads\/2025\/04\/490533856_642874158533556_7361281662287587156_n.jpg\",\"datePublished\":\"2025-04-15T17:53:23+00:00\",\"dateModified\":\"2025-04-16T17:55:17+00:00\",\"breadcrumb\":{\"@id\":\"https:\/\/athleben.org\/athleben\/premiere-journee-des-championnats-de-districts-dans-loueme-plateau\/#breadcrumb\"},\"inLanguage\":\"fr-FR\",\"potentialAction\":[{\"@type\":\"ReadAction\",\"target\":[\"https:\/\/athleben.org\/athleben\/premiere-journee-des-championnats-de-districts-dans-loueme-plateau\/\"]}]},{\"@type\":\"ImageObject\",\"inLanguage\":\"fr-FR\",\"@id\":\"https:\/\/athleben.org\/athleben\/premiere-journee-des-championnats-de-districts-dans-loueme-plateau\/#primaryimage\",\"url\":\"https:\/\/athleben.org\/athleben\/wp-content\/uploads\/2025\/04\/490533856_642874158533556_7361281662287587156_n.jpg\",\"contentUrl\":\"https:\/\/athleben.org\/athleben\/wp-content\/uploads\/2025\/04\/490533856_642874158533556_7361281662287587156_n.jpg\",\"width\":960,\"height\":432},{\"@type\":\"BreadcrumbList\",\"@id\":\"https:\/\/athleben.org\/athleben\/premiere-journee-des-championnats-de-districts-dans-loueme-plateau\/#breadcrumb\",\"itemListElement\":[{\"@type\":\"ListItem\",\"position\":1,\"name\":\"Accueil\",\"item\":\"https:\/\/athleben.org\/athleben\/\"},{\"@type\":\"ListItem\",\"position\":2,\"name\":\"Premi\u00e8re journ\u00e9e des championnats de districts dans l&rsquo;Ou\u00e9m\u00e9-Plateau\"}]},{\"@type\":\"WebSite\",\"@id\":\"https:\/\/athleben.org\/athleben\/#website\",\"url\":\"https:\/\/athleben.org\/athleben\/\",\"name\":\"F\u00e9d\u00e9ration B\u00e9ninoise d'Athl\u00e9tisme\",\"description\":\"Athl\u00e9tisme, ma fiert\u00e9, je m&#039;engage.\",\"publisher\":{\"@id\":\"https:\/\/athleben.org\/athleben\/#organization\"},\"potentialAction\":[{\"@type\":\"SearchAction\",\"target\":{\"@type\":\"EntryPoint\",\"urlTemplate\":\"https:\/\/athleben.org\/athleben\/?s={search_term_string}\"},\"query-input\":{\"@type\":\"PropertyValueSpecification\",\"valueRequired\":true,\"valueName\":\"search_term_string\"}}],\"inLanguage\":\"fr-FR\"},{\"@type\":\"Organization\",\"@id\":\"https:\/\/athleben.org\/athleben\/#organization\",\"name\":\"F\u00e9d\u00e9ration B\u00e9ninoise d'Athl\u00e9tisme\",\"url\":\"https:\/\/athleben.org\/athleben\/\",\"logo\":{\"@type\":\"ImageObject\",\"inLanguage\":\"fr-FR\",\"@id\":\"https:\/\/athleben.org\/athleben\/#\/schema\/logo\/image\/\",\"url\":\"https:\/\/athleben.org\/athleben\/wp-content\/uploads\/2024\/01\/logo-fba-new.png\",\"contentUrl\":\"https:\/\/athleben.org\/athleben\/wp-content\/uploads\/2024\/01\/logo-fba-new.png\",\"width\":162,\"height\":169,\"caption\":\"F\u00e9d\u00e9ration B\u00e9ninoise d'Athl\u00e9tisme\"},\"image\":{\"@id\":\"https:\/\/athleben.org\/athleben\/#\/schema\/logo\/image\/\"},\"sameAs\":[\"https:\/\/web.facebook.com\/FederationBeninoiseAthletisme\",\"https:\/\/x.com\/BeninoiseD\",\"https:\/\/www.instagram.com\/fbathle\"]},{\"@type\":\"Person\",\"@id\":\"https:\/\/athleben.org\/athleben\/#\/schema\/person\/8e674441e65cf8d584b9dd06d96e68c5\",\"name\":\"R\u00e9daction\",\"image\":{\"@type\":\"ImageObject\",\"inLanguage\":\"fr-FR\",\"@id\":\"https:\/\/athleben.org\/athleben\/#\/schema\/person\/image\/\",\"url\":\"https:\/\/secure.gravatar.com\/avatar\/bb62d62970513855ce068679bf0975b0d5aff01ca9d25756de5d17f8d51767b9?s=96&d=mm&r=g\",\"contentUrl\":\"https:\/\/secure.gravatar.com\/avatar\/bb62d62970513855ce068679bf0975b0d5aff01ca9d25756de5d17f8d51767b9?s=96&d=mm&r=g\",\"caption\":\"R\u00e9daction\"},\"url\":\"https:\/\/athleben.org\/athleben\/author\/achille\/\"}]}<\/script>\n<!-- \/ Yoast SEO plugin. -->","yoast_head_json":{"title":"Premi\u00e8re journ\u00e9e des championnats de districts dans l'Ou\u00e9m\u00e9-Plateau - F\u00e9d\u00e9ration B\u00e9ninoise d&#039;Athl\u00e9tisme","robots":{"index":"index","follow":"follow","max-snippet":"max-snippet:-1","max-image-preview":"max-image-preview:large","max-video-preview":"max-video-preview:-1"},"canonical":"https:\/\/athleben.org\/athleben\/premiere-journee-des-championnats-de-districts-dans-loueme-plateau\/","og_locale":"fr_FR","og_type":"article","og_title":"Premi\u00e8re journ\u00e9e des championnats de districts dans l'Ou\u00e9m\u00e9-Plateau - F\u00e9d\u00e9ration B\u00e9ninoise d&#039;Athl\u00e9tisme","og_description":"La ligue r\u00e9gionale d&rsquo;Athl\u00e9tisme Ou\u00e9m\u00e9-Plateau a entam\u00e9 ce samedi 12 avril 2025, les comp\u00e9titions de districts sur les diff\u00e9rents sites retenus \u00e0 cet effet. Des [&hellip;]","og_url":"https:\/\/athleben.org\/athleben\/premiere-journee-des-championnats-de-districts-dans-loueme-plateau\/","og_site_name":"F\u00e9d\u00e9ration B\u00e9ninoise d&#039;Athl\u00e9tisme","article_publisher":"https:\/\/web.facebook.com\/FederationBeninoiseAthletisme","article_published_time":"2025-04-15T17:53:23+00:00","article_modified_time":"2025-04-16T17:55:17+00:00","og_image":[{"width":960,"height":432,"url":"https:\/\/athleben.org\/athleben\/wp-content\/uploads\/2025\/04\/490533856_642874158533556_7361281662287587156_n.jpg","type":"image\/jpeg"}],"author":"R\u00e9daction","twitter_card":"summary_large_image","twitter_creator":"@BeninoiseD","twitter_site":"@BeninoiseD","twitter_misc":{"\u00c9crit par":"R\u00e9daction","Dur\u00e9e de lecture estim\u00e9e":"1 minute"},"schema":{"@context":"https:\/\/schema.org","@graph":[{"@type":"Article","@id":"https:\/\/athleben.org\/athleben\/premiere-journee-des-championnats-de-districts-dans-loueme-plateau\/#article","isPartOf":{"@id":"https:\/\/athleben.org\/athleben\/premiere-journee-des-championnats-de-districts-dans-loueme-plateau\/"},"author":{"name":"R\u00e9daction","@id":"https:\/\/athleben.org\/athleben\/#\/schema\/person\/8e674441e65cf8d584b9dd06d96e68c5"},"headline":"Premi\u00e8re journ\u00e9e des championnats de districts dans l&rsquo;Ou\u00e9m\u00e9-Plateau","datePublished":"2025-04-15T17:53:23+00:00","dateModified":"2025-04-16T17:55:17+00:00","mainEntityOfPage":{"@id":"https:\/\/athleben.org\/athleben\/premiere-journee-des-championnats-de-districts-dans-loueme-plateau\/"},"wordCount":233,"commentCount":0,"publisher":{"@id":"https:\/\/athleben.org\/athleben\/#organization"},"image":{"@id":"https:\/\/athleben.org\/athleben\/premiere-journee-des-championnats-de-districts-dans-loueme-plateau\/#primaryimage"},"thumbnailUrl":"https:\/\/athleben.org\/athleben\/wp-content\/uploads\/2025\/04\/490533856_642874158533556_7361281662287587156_n.jpg","articleSection":["Athl\u00e9tisme"],"inLanguage":"fr-FR","potentialAction":[{"@type":"CommentAction","name":"Comment","target":["https:\/\/athleben.org\/athleben\/premiere-journee-des-championnats-de-districts-dans-loueme-plateau\/#respond"]}]},{"@type":"WebPage","@id":"https:\/\/athleben.org\/athleben\/premiere-journee-des-championnats-de-districts-dans-loueme-plateau\/","url":"https:\/\/athleben.org\/athleben\/premiere-journee-des-championnats-de-districts-dans-loueme-plateau\/","name":"Premi\u00e8re journ\u00e9e des championnats de districts dans l'Ou\u00e9m\u00e9-Plateau - F\u00e9d\u00e9ration B\u00e9ninoise d&#039;Athl\u00e9tisme","isPartOf":{"@id":"https:\/\/athleben.org\/athleben\/#website"},"primaryImageOfPage":{"@id":"https:\/\/athleben.org\/athleben\/premiere-journee-des-championnats-de-districts-dans-loueme-plateau\/#primaryimage"},"image":{"@id":"https:\/\/athleben.org\/athleben\/premiere-journee-des-championnats-de-districts-dans-loueme-plateau\/#primaryimage"},"thumbnailUrl":"https:\/\/athleben.org\/athleben\/wp-content\/uploads\/2025\/04\/490533856_642874158533556_7361281662287587156_n.jpg","datePublished":"2025-04-15T17:53:23+00:00","dateModified":"2025-04-16T17:55:17+00:00","breadcrumb":{"@id":"https:\/\/athleben.org\/athleben\/premiere-journee-des-championnats-de-districts-dans-loueme-plateau\/#breadcrumb"},"inLanguage":"fr-FR","potentialAction":[{"@type":"ReadAction","target":["https:\/\/athleben.org\/athleben\/premiere-journee-des-championnats-de-districts-dans-loueme-plateau\/"]}]},{"@type":"ImageObject","inLanguage":"fr-FR","@id":"https:\/\/athleben.org\/athleben\/premiere-journee-des-championnats-de-districts-dans-loueme-plateau\/#primaryimage","url":"https:\/\/athleben.org\/athleben\/wp-content\/uploads\/2025\/04\/490533856_642874158533556_7361281662287587156_n.jpg","contentUrl":"https:\/\/athleben.org\/athleben\/wp-content\/uploads\/2025\/04\/490533856_642874158533556_7361281662287587156_n.jpg","width":960,"height":432},{"@type":"BreadcrumbList","@id":"https:\/\/athleben.org\/athleben\/premiere-journee-des-championnats-de-districts-dans-loueme-plateau\/#breadcrumb","itemListElement":[{"@type":"ListItem","position":1,"name":"Accueil","item":"https:\/\/athleben.org\/athleben\/"},{"@type":"ListItem","position":2,"name":"Premi\u00e8re journ\u00e9e des championnats de districts dans l&rsquo;Ou\u00e9m\u00e9-Plateau"}]},{"@type":"WebSite","@id":"https:\/\/athleben.org\/athleben\/#website","url":"https:\/\/athleben.org\/athleben\/","name":"F\u00e9d\u00e9ration B\u00e9ninoise d'Athl\u00e9tisme","description":"Athl\u00e9tisme, ma fiert\u00e9, je m&#039;engage.","publisher":{"@id":"https:\/\/athleben.org\/athleben\/#organization"},"potentialAction":[{"@type":"SearchAction","target":{"@type":"EntryPoint","urlTemplate":"https:\/\/athleben.org\/athleben\/?s={search_term_string}"},"query-input":{"@type":"PropertyValueSpecification","valueRequired":true,"valueName":"search_term_string"}}],"inLanguage":"fr-FR"},{"@type":"Organization","@id":"https:\/\/athleben.org\/athleben\/#organization","name":"F\u00e9d\u00e9ration B\u00e9ninoise d'Athl\u00e9tisme","url":"https:\/\/athleben.org\/athleben\/","logo":{"@type":"ImageObject","inLanguage":"fr-FR","@id":"https:\/\/athleben.org\/athleben\/#\/schema\/logo\/image\/","url":"https:\/\/athleben.org\/athleben\/wp-content\/uploads\/2024\/01\/logo-fba-new.png","contentUrl":"https:\/\/athleben.org\/athleben\/wp-content\/uploads\/2024\/01\/logo-fba-new.png","width":162,"height":169,"caption":"F\u00e9d\u00e9ration B\u00e9ninoise d'Athl\u00e9tisme"},"image":{"@id":"https:\/\/athleben.org\/athleben\/#\/schema\/logo\/image\/"},"sameAs":["https:\/\/web.facebook.com\/FederationBeninoiseAthletisme","https:\/\/x.com\/BeninoiseD","https:\/\/www.instagram.com\/fbathle"]},{"@type":"Person","@id":"https:\/\/athleben.org\/athleben\/#\/schema\/person\/8e674441e65cf8d584b9dd06d96e68c5","name":"R\u00e9daction","image":{"@type":"ImageObject","inLanguage":"fr-FR","@id":"https:\/\/athleben.org\/athleben\/#\/schema\/person\/image\/","url":"https:\/\/secure.gravatar.com\/avatar\/bb62d62970513855ce068679bf0975b0d5aff01ca9d25756de5d17f8d51767b9?s=96&d=mm&r=g","contentUrl":"https:\/\/secure.gravatar.com\/avatar\/bb62d62970513855ce068679bf0975b0d5aff01ca9d25756de5d17f8d51767b9?s=96&d=mm&r=g","caption":"R\u00e9daction"},"url":"https:\/\/athleben.org\/athleben\/author\/achille\/"}]}},"_links":{"self":[{"href":"https:\/\/athleben.org\/athleben\/wp-json\/wp\/v2\/posts\/2987","targetHints":{"allow":["GET"]}}],"collection":[{"href":"https:\/\/athleben.org\/athleben\/wp-json\/wp\/v2\/posts"}],"about":[{"href":"https:\/\/athleben.org\/athleben\/wp-json\/wp\/v2\/types\/post"}],"author":[{"embeddable":true,"href":"https:\/\/athleben.org\/athleben\/wp-json\/wp\/v2\/users\/2"}],"replies":[{"embeddable":true,"href":"https:\/\/athleben.org\/athleben\/wp-json\/wp\/v2\/comments?post=2987"}],"version-history":[{"count":2,"href":"https:\/\/athleben.org\/athleben\/wp-json\/wp\/v2\/posts\/2987\/revisions"}],"predecessor-version":[{"id":3041,"href":"https:\/\/athleben.org\/athleben\/wp-json\/wp\/v2\/posts\/2987\/revisions\/3041"}],"wp:featuredmedia":[{"embeddable":true,"href":"https:\/\/athleben.org\/athleben\/wp-json\/wp\/v2\/media\/3009"}],"wp:attachment":[{"href":"https:\/\/athleben.org\/athleben\/wp-json\/wp\/v2\/media?parent=2987"}],"wp:term":[{"taxonomy":"category","embeddable":true,"href":"https:\/\/athleben.org\/athleben\/wp-json\/wp\/v2\/categories?post=2987"},{"taxonomy":"post_tag","embeddable":true,"href":"https:\/\/athleben.org\/athleben\/wp-json\/wp\/v2\/tags?post=2987"}],"curies":[{"name":"wp","href":"https:\/\/api.w.org\/{rel}","templated":true}]}}